{"id":127796,"date":"2021-04-29T19:08:00","date_gmt":"2021-04-29T22:08:00","guid":{"rendered":"https:\/\/senoticias.com.br\/se\/?p=127796"},"modified":"2021-04-29T19:13:57","modified_gmt":"2021-04-29T22:13:57","slug":"sergipe-recebe-mais-47-mil-doses-de-vacinas-contra-a-covid-19","status":"publish","type":"post","link":"https:\/\/senoticias.com.br\/se\/sergipe-recebe-mais-47-mil-doses-de-vacinas-contra-a-covid-19\/","title":{"rendered":"Sergipe recebe mais 47 mil doses de vacinas contra a Covid-19"},"content":{"rendered":"\n<p>A Secretaria de Estado da Sa\u00fade (SES) recebeu no final da tarde <strong>desta quinta-feira, 29<\/strong>, mais um lote contendo 47 mil doses dos imunizantes contra a Covid-19: Ser\u00e3o: 46.000 da Astrazeneca e mil \u00a0vacinas da Coronavac.<\/p>\n\n\n\n<figure class=\"wp-block-image size-large\"><img loading=\"lazy\" decoding=\"async\" width=\"605\" height=\"403\" src=\"https:\/\/senoticias.com.br\/se\/wp-content\/uploads\/2021\/04\/Vacinas-conta-a-Covid19-SE-Noticias.jpeg\" alt=\"\" class=\"wp-image-127484\" srcset=\"https:\/\/senoticias.com.br\/se\/wp-content\/uploads\/2021\/04\/Vacinas-conta-a-Covid19-SE-Noticias.jpeg 605w, https:\/\/senoticias.com.br\/se\/wp-content\/uploads\/2021\/04\/Vacinas-conta-a-Covid19-SE-Noticias-300x200.jpeg 300w, https:\/\/senoticias.com.br\/se\/wp-content\/uploads\/2021\/04\/Vacinas-conta-a-Covid19-SE-Noticias-90x60.jpeg 90w, https:\/\/senoticias.com.br\/se\/wp-content\/uploads\/2021\/04\/Vacinas-conta-a-Covid19-SE-Noticias-180x120.jpeg 180w, https:\/\/senoticias.com.br\/se\/wp-content\/uploads\/2021\/04\/Vacinas-conta-a-Covid19-SE-Noticias-95x64.jpeg 95w\" sizes=\"(max-width: 605px) 100vw, 605px\" \/><figcaption>Com essa nova remessa de vacinas, o Governo do Estado j\u00e1 recebeu ao todo 574.080 doses de imunizantes &#8211; Foto: SES<\/figcaption><\/figure>\n\n\n\n<p><br>\u00a0<br>Com essa nova remessa de vacinas, o Governo do Estado j\u00e1 recebeu ao todo 574.080 doses de imunizantes. At\u00e9 o momento, a Secretaria j\u00e1 distribuiu o total de 336.741 doses da primeira remessa \u00a0aos munic\u00edpios, destas foram aplicadas 315.525. Referente \u00e0 segunda dose, foram distribu\u00eddas 189.300, sendo aplicadas 142.478 doses.<br>\u00a0<br>A defini\u00e7\u00e3o da distribui\u00e7\u00e3o para os 75 munic\u00edpios, bem como o p\u00fablico priorit\u00e1rio a ser vacinado com as doses recebidas do Minist\u00e9rio da Sa\u00fade, sair\u00e1 de uma reuni\u00e3o que contar\u00e1 com a participa\u00e7\u00e3o do Colegiado interfederativo Estadual (CIE) e Conselho Municipal dos Secret\u00e1rios de Sa\u00fade, programada para esta sexta-feira,30. Todas as determina\u00e7\u00f5es tomadas nesta fase de imuniza\u00e7\u00e3o em Sergipe est\u00e3o de acordo com as diretrizes do Plano Nacional de Imuniza\u00e7\u00e3o.<\/p>\n\n\n\n<p><em>Quer receber as principais do<\/em><strong><em>&nbsp;SE<\/em><\/strong>&nbsp;<em><strong>Not\u00edcias<\/strong>&nbsp;no seu&nbsp;<strong>WhatsApp?<\/strong>&nbsp;<strong><a href=\"https:\/\/api.whatsapp.com\/send?phone=5579991715289\">Clique aqui<\/a><\/strong>.<\/em><\/p>\n\n\n\n<p><strong><em>Acompanhe tamb\u00e9m o SE Not\u00edcias no\u00a0<a rel=\"noreferrer noopener\" href=\"https:\/\/twitter.com\/Senoticias\" target=\"_blank\">Twitter<\/a>,\u00a0<a rel=\"noreferrer noopener\" href=\"https:\/\/www.facebook.com\/senoticias1\" target=\"_blank\">Facebook<\/a>\u00a0e no\u00a0<a rel=\"noreferrer noopener\" href=\"https:\/\/www.instagram.com\/senoticias\/\" target=\"_blank\">Instagram<\/a><\/em><\/strong>.<\/p>\n\n\n\n<p>Fonte: Secretaria de Estado da Sa\u00fade<\/p>\n","protected":false},"excerpt":{"rendered":"<p>A Secretaria de Estado da Sa\u00fade (SES) recebeu no final da tarde desta quinta-feira, 29, mais um lote contendo 47 mil doses dos imunizantes contra a Covid-19: Ser\u00e3o: 46.000 da Astrazeneca e mil \u00a0vacinas da Coronavac. \u00a0Com essa nova remessa de vacinas, o Governo do Estado j\u00e1 recebeu ao todo 574.080 doses de imunizantes. At\u00e9 [&hellip;]<\/p>\n","protected":false},"author":6552,"featured_media":0,"comment_status":"closed","ping_status":"closed","sticky":false,"template":"","format":"standard","meta":{"footnotes":""},"categories":[15,6,1],"tags":[448,6385,3994],"class_list":{"0":"post-127796","1":"post","2":"type-post","3":"status-publish","4":"format-standard","6":"category-destaques","7":"category-politica","8":"category-sem-categoria","9":"tag-governo-de-sergipe","10":"tag-secretaria-de-estado-da-saude","11":"tag-vacinas"},"_links":{"self":[{"href":"https:\/\/senoticias.com.br\/se\/wp-json\/wp\/v2\/posts\/127796"}],"collection":[{"href":"https:\/\/senoticias.com.br\/se\/wp-json\/wp\/v2\/posts"}],"about":[{"href":"https:\/\/senoticias.com.br\/se\/wp-json\/wp\/v2\/types\/post"}],"author":[{"embeddable":true,"href":"https:\/\/senoticias.com.br\/se\/wp-json\/wp\/v2\/users\/6552"}],"replies":[{"embeddable":true,"href":"https:\/\/senoticias.com.br\/se\/wp-json\/wp\/v2\/comments?post=127796"}],"version-history":[{"count":0,"href":"https:\/\/senoticias.com.br\/se\/wp-json\/wp\/v2\/posts\/127796\/revisions"}],"wp:attachment":[{"href":"https:\/\/senoticias.com.br\/se\/wp-json\/wp\/v2\/media?parent=127796"}],"wp:term":[{"taxonomy":"category","embeddable":true,"href":"https:\/\/senoticias.com.br\/se\/wp-json\/wp\/v2\/categories?post=127796"},{"taxonomy":"post_tag","embeddable":true,"href":"https:\/\/senoticias.com.br\/se\/wp-json\/wp\/v2\/tags?post=127796"}],"curies":[{"name":"wp","href":"https:\/\/api.w.org\/{rel}","templated":true}]}}