{"id":127765,"date":"2021-04-27T17:33:45","date_gmt":"2021-04-27T20:33:45","guid":{"rendered":"https:\/\/senoticias.com.br\/se\/?p=127765"},"modified":"2021-04-27T17:48:40","modified_gmt":"2021-04-27T20:48:40","slug":"cpi-da-covid-nao-fara-perseguicao-mas-e-preciso-punir-responsaveis-por-mortes-diz-renan-calheiros","status":"publish","type":"post","link":"https:\/\/senoticias.com.br\/se\/cpi-da-covid-nao-fara-perseguicao-mas-e-preciso-punir-responsaveis-por-mortes-diz-renan-calheiros\/","title":{"rendered":"CPI da Covid n\u00e3o far\u00e1 persegui\u00e7\u00e3o, mas \u00e9 preciso punir respons\u00e1veis por mortes, diz Renan Calheiros"},"content":{"rendered":"\n<p><\/p>\n\n\n\n<p>Escolhido nesta ter\u00e7a-feira (27) como relator da CPI da Covid, o senador Renan Calheiros (MDB-AL) afirmou em seu primeiro discurso que a comiss\u00e3o n\u00e3o far\u00e1 persegui\u00e7\u00f5es, mas que \u00e9 preciso punir &#8220;imediata e emblematicamente&#8221; os respons\u00e1veis pelas mortes durante a pandemia.<\/p>\n\n\n\n<p>Renan foi indicado relator pelo presidente da CPI, senador Omar Aziz (PSD-AM), durante a instala\u00e7\u00e3o da comiss\u00e3o. A CPI ser\u00e1 respons\u00e1vel por apurar a\u00e7\u00f5es e omiss\u00f5es do governo federal e eventuais desvios de verbas federais enviadas aos estados para o enfrentamento da pandemia.<\/p>\n\n\n\n<figure class=\"wp-block-image size-large is-resized\"><img decoding=\"async\" src=\"https:\/\/senoticias.com.br\/se\/wp-content\/uploads\/2021\/04\/Renan-Calheiros-SE-noticias.jpeg\" alt=\"\" class=\"wp-image-127767\" width=\"599\"\/><figcaption>Senador do MDB foi escolhido relator da CPI da Covid nesta ter\u00e7a-feira -Foto: S\u00e9rgio Lima\/PODER 360<\/figcaption><\/figure>\n\n\n\n<p>&#8220;N\u00e3o estamos aqui para maquinar a\u00e7\u00f5es persecut\u00f3rias, n\u00e3o estamos aqui, diante da aten\u00e7\u00e3o integral da na\u00e7\u00e3o e do mundo, para blindar, engavetar, tergiversar ou procrastinar. Tudo ser\u00e1 investigado, como exige a Carta democr\u00e1tica, de maneira transparente, acess\u00edvel&#8221;, declarou o relator.<\/p>\n\n\n\n<p>&#8220;O pa\u00eds tem o direito de saber quem contribuiu para as milhares de mortes, e eles devem ser punidos imediata e emblematicamente&#8221;, acrescentou Renan, em outro trecho do discurso.<br>O Brasil soma quase 400 mil mortes por Covid. A m\u00e9dia m\u00f3vel de mortes no pa\u00eds nos \u00faltimos 7 dias chegou a 2.451 \u00f3bitos. O n\u00famero de mortes em 2021 j\u00e1 supera o total de \u00f3bitos de 2020.<\/p>\n\n\n\n<p>Alvo da Lava Jato e cr\u00edtico da opera\u00e7\u00e3o, Renan afirmou tamb\u00e9m que n\u00e3o ser\u00e1, na relatoria da CPI, &#8220;disc\u00edpulo&#8221; do ex-juiz Sergio Moro e do procurador Deltan Dallagnol, &#8220;arquitetando&#8221; provas.<\/p>\n\n\n\n<p>&#8220;N\u00e3o somos disc\u00edpulos de Deltan Dallagnol nem de S\u00e9rgio Moro. N\u00e3o arquitetaremos teses sem provas ou power points contra quem quer que seja&#8221;, acrescentou.<\/p>\n\n\n\n<p><strong>Combate ao &#8216;negacionismo&#8217;<\/strong><br><br>Em v\u00e1rios momentos, Renan disse que a CPI ser\u00e1 pautada pela ci\u00eancia, com a consulta a especialistas, e pelo combate ao &#8220;negacionismo&#8221;.<\/p>\n\n\n\n<p>&#8220;Nossa cruzada ser\u00e1 contra a agenda da morte. Contrapor o caos social, a fome, o descalabro institucional, o mortic\u00ednio, a ru\u00edna econ\u00f4mica e o negacionismo n\u00e3o \u00e9 uma predile\u00e7\u00e3o ideol\u00f3gica ou filos\u00f3fica, \u00e9 uma obriga\u00e7\u00e3o democr\u00e1tica, moral e humana. Os inimigos dessa relatoria s\u00e3o pandemia e aqueles que, por a\u00e7\u00e3o, omiss\u00e3o, incompet\u00eancia ou malversa\u00e7\u00e3o, se aliaram ao v\u00edrus e colaboraram com o mortic\u00ednio\u201d, disse o emedebista.<\/p>\n\n\n\n<p>Ainda no discurso, o relator da CPI disse que \u201cintimida\u00e7\u00f5es\u201d e \u201carreganhos\u201d n\u00e3o v\u00e3o det\u00ea-lo. Apoiadores de Bolsonaro, nas redes sociais, t\u00eam feito sucessivos ataques \u00e0 escolha de Renan como relator. Apesar de \u201cadversidades\u201d, Renan disse n\u00e3o \u201ceternizar\u201d m\u00e1goas<\/p>\n\n\n\n<p><strong>Sess\u00e3o de abertura<\/strong><br><br>Aliados do Pal\u00e1cio do Planalto tentaram impedir a indica\u00e7\u00e3o de Renan Calheiros para a relatoria. Durante a sess\u00e3o, diversos parlamentares criticaram Renan por assumir o posto mesmo sendo pai do governador de Alagoas, Renan Filho (MDB).<\/p>\n\n\n\n<p>Filho do presidente Jair Bolsonaro, por exemplo, o senador Fl\u00e1vio Bolsonaro (Republicanos-RJ), disse n\u00e3o ter d\u00favidas de que Renan atuar\u00e1 com parcialidade e tentar\u00e1 proteger governadores, entre os quais Renan Filho (MDB).<\/p>\n\n\n\n<p>Apesar das cr\u00edticas, o relator da CPI disse que os colegas &#8220;podem esperar&#8221; dele um trabalho &#8220;isento, objetivo, t\u00e9cnico, desapaixonado, destemido e colegiado&#8221;.<\/p>\n\n\n\n<p>&#8220;Sem medo de absolver quem merec\u00ea-lo e sem hesita\u00e7\u00e3o para imputar quem \u00e9 respons\u00e1vel&#8221;, declarou.<\/p>\n\n\n\n<p><strong>Eduardo Pazuello<\/strong><br><br>Durante o primeiro discurso como relator, Renan Calheiros afirmou que as gest\u00f5es no Minist\u00e9rio da Sa\u00fade &#8220;ser\u00e3o investigadas a fundo&#8221;\u201d.<\/p>\n\n\n\n<p>Sem citar o general Eduardo Pazuello, ex-ministro da Sa\u00fade, Renan afirmou que n\u00e3o ser\u00e1 o Ex\u00e9rcito que estar\u00e1 &#8220;sob an\u00e1lise&#8221;.<\/p>\n\n\n\n<p>&#8220;A mem\u00f3ria remete para as 454 mortes em combate na segunda grande guerra, com um universo de 25 mil pracinhas. Esse pequeno n\u00famero de baixas reflete a lideran\u00e7a de um estrategista de guerra. Imaginem um epidemiologista conduzindo nossas tropas em Monte Castelo. Na pandemia o minist\u00e9rio foi entregue a um n\u00e3o especialista, um general&#8221;, declarou.<\/p>\n\n\n\n<p>&#8220;O que teria acontecido se tiv\u00e9ssemos enviado um infectologista para comandar nossas tropas? Provavelmente um mortic\u00ednio. Porque guerras se enfrentam com especialistas, sejam elas b\u00e9licas ou sanit\u00e1rias. A diretriz \u00e9 clara: militar nos quart\u00e9is e m\u00e9dicos na Sa\u00fade. Quando se inverte, a morte \u00e9 certa. E foi isso que aconteceu. Temos que explicar, como, por que isso ocorreu&#8221;, completou Renan.<\/p>\n\n\n\n<p><strong>Relatoria na Justi\u00e7a<\/strong><br><br>Na noite desta segunda (26), a Justi\u00e7a Federal em Bras\u00edlia chegou a conceder uma liminar (decis\u00e3o provis\u00f3ria), atendendo a um pedido da deputada bolsonarista Carla Zambelli (PSL-SP), para suspender a eventual escolha de Renan para relator.<\/p>\n\n\n\n<p>A Mesa do Senado recorreu, e o Tribunal Regional Federal da Primeira Regi\u00e3o (TRF-1), com sede em Bras\u00edlia, derrubou a decis\u00e3o.<\/p>\n\n\n\n<p>\u00c0 colunista do G1 e da GloboNews Ana Flor, Omar Aziz disse que, eleito presidente, indicaria Renan Calheiros para a fun\u00e7\u00e3o &#8220;e ponto&#8221;. Segundo o Blog do Valdo Cruz, aliados do Planalto avaliam que o movimento de Zambelli foi um erro pol\u00edtico e pode acirrar os \u00e2nimos na CPI.<\/p>\n\n\n\n<p><em>Quer receber as principais not\u00edcias do&nbsp;<strong>SE Not\u00edcias<\/strong>&nbsp;no seu&nbsp;<strong>WhatsApp?<\/strong>&nbsp;<strong><a href=\"https:\/\/api.whatsapp.com\/send?phone=5579991715289\">Clique aqui<\/a><\/strong>.<\/em><\/p>\n\n\n\n<p><strong><em>Acompanhe tamb\u00e9m o SE Not\u00edcias no&nbsp;<a rel=\"noreferrer noopener\" href=\"https:\/\/twitter.com\/Senoticias\" target=\"_blank\">Twitter<\/a>,&nbsp;<a rel=\"noreferrer noopener\" href=\"https:\/\/www.facebook.com\/senoticias1\" target=\"_blank\">Facebook<\/a>&nbsp;e no&nbsp;<a rel=\"noreferrer noopener\" href=\"https:\/\/www.instagram.com\/senoticias\/\" target=\"_blank\">Instagram<\/a><\/em><\/strong>.<\/p>\n\n\n\n<p>Fonte: Gustavo Garcia, Sara Resende, Luiz Felipe Barbi\u00e9ri e Marcela Mattos, G1 e TV Globo \u2014 Bras\u00edlia<\/p>\n","protected":false},"excerpt":{"rendered":"<p>Escolhido nesta ter\u00e7a-feira (27) como relator da CPI da Covid, o senador Renan Calheiros (MDB-AL) afirmou em seu primeiro discurso que a comiss\u00e3o n\u00e3o far\u00e1 persegui\u00e7\u00f5es, mas que \u00e9 preciso punir &#8220;imediata e emblematicamente&#8221; os respons\u00e1veis pelas mortes durante a pandemia. Renan foi indicado relator pelo presidente da CPI, senador Omar Aziz (PSD-AM), durante a [&hellip;]<\/p>\n","protected":false},"author":6552,"featured_media":127767,"comment_status":"closed","ping_status":"closed","sticky":false,"template":"","format":"standard","meta":{"footnotes":""},"categories":[15,6,1],"tags":[17034,14369,17035,17033,831],"class_list":{"0":"post-127765","1":"post","2":"type-post","3":"status-publish","4":"format-standard","5":"has-post-thumbnail","7":"category-destaques","8":"category-politica","9":"category-sem-categoria","10":"tag-cpi-da-covid19","11":"tag-pandemia","12":"tag-relator-da-cpi","13":"tag-renan-calheiros","14":"tag-senador-renan-calheiros"},"_links":{"self":[{"href":"https:\/\/senoticias.com.br\/se\/wp-json\/wp\/v2\/posts\/127765"}],"collection":[{"href":"https:\/\/senoticias.com.br\/se\/wp-json\/wp\/v2\/posts"}],"about":[{"href":"https:\/\/senoticias.com.br\/se\/wp-json\/wp\/v2\/types\/post"}],"author":[{"embeddable":true,"href":"https:\/\/senoticias.com.br\/se\/wp-json\/wp\/v2\/users\/6552"}],"replies":[{"embeddable":true,"href":"https:\/\/senoticias.com.br\/se\/wp-json\/wp\/v2\/comments?post=127765"}],"version-history":[{"count":0,"href":"https:\/\/senoticias.com.br\/se\/wp-json\/wp\/v2\/posts\/127765\/revisions"}],"wp:featuredmedia":[{"embeddable":true,"href":"https:\/\/senoticias.com.br\/se\/wp-json\/wp\/v2\/media\/127767"}],"wp:attachment":[{"href":"https:\/\/senoticias.com.br\/se\/wp-json\/wp\/v2\/media?parent=127765"}],"wp:term":[{"taxonomy":"category","embeddable":true,"href":"https:\/\/senoticias.com.br\/se\/wp-json\/wp\/v2\/categories?post=127765"},{"taxonomy":"post_tag","embeddable":true,"href":"https:\/\/senoticias.com.br\/se\/wp-json\/wp\/v2\/tags?post=127765"}],"curies":[{"name":"wp","href":"https:\/\/api.w.org\/{rel}","templated":true}]}}