{"id":127759,"date":"2021-04-27T06:30:07","date_gmt":"2021-04-27T09:30:07","guid":{"rendered":"https:\/\/senoticias.com.br\/se\/?p=127759"},"modified":"2021-04-27T06:36:11","modified_gmt":"2021-04-27T09:36:11","slug":"volei-de-praia-apos-dois-bronzes-agatha-e-duda-sao-campeas-em-cancun","status":"publish","type":"post","link":"https:\/\/senoticias.com.br\/se\/volei-de-praia-apos-dois-bronzes-agatha-e-duda-sao-campeas-em-cancun\/","title":{"rendered":"V\u00f4lei de praia: ap\u00f3s dois bronzes, \u00c1gatha e Duda s\u00e3o campe\u00e3s em Canc\u00fan"},"content":{"rendered":"\n<p><\/p>\n\n\n\n<p>Ap\u00f3s duas medalhas de bronze seguidas, \u00c1gatha e Duda foram campe\u00e3s pela primeira vez na temporada 2021 do circuito mundial de v\u00f4lei de praia. Nesta segunda-feira (26), a dupla brasileira ficou com o t\u00edtulo da segunda de tr\u00eas etapas em Canc\u00fan (M\u00e9xico) ao derrotar as russas Nadezda Makroguzova e Svetlana Kholomina por 2 sets a 0, com parciais de 21\/15 e 21\/19.<\/p>\n\n\n\n<figure class=\"wp-block-image size-large is-resized\"><img decoding=\"async\" src=\"https:\/\/senoticias.com.br\/se\/wp-content\/uploads\/2021\/04\/Duda-e-Aghata-SE-Noticias-1024x613.jpg\" alt=\"\" class=\"wp-image-127760\" width=\"599\"\/><figcaption>T\u00edtulo \u00e9 o segundo consecutivo do Brasil em etapas do circuito mundial &#8211; Foto: Fivb<\/figcaption><\/figure>\n\n\n\n<p>Foi o 300\u00ba triunfo da parceria, que representar\u00e1 o Brasil na Olimp\u00edada de T\u00f3quio (Jap\u00e3o) e o sexto ouro delas no circuito mundial. Foi, tamb\u00e9m, a segunda conquista brasileira seguida no M\u00e9xico. Na semana passada, Talita e Taiana foram campe\u00e3s da primeira etapa de Canc\u00fan ao vencerem as canadenses Melissa Humana-Paredes e Sarah Pavan, atuais campe\u00e3s do mundo e l\u00edderes do ranking da Federa\u00e7\u00e3o Internacional de Voleibol (FIVB).<\/p>\n\n\n\n<p>\u201cEstamos desgastadas mentalmente por termos jogado do come\u00e7o ao fim dois torneios seguidos. Agora \u00e9 uma recupera\u00e7\u00e3o r\u00e1pida para voltarmos para o terceiro evento, pois sempre entramos em quadra com fome de mais medalhas\u201d, disse Agatha, que chegou ao d\u00e9cimo t\u00edtulo em disputas do circuito mundial, ap\u00f3s o jogo.<\/p>\n\n\n\n<p>\u201c\u00c1gatha foi muito importante. Jogou de forma muito agressiva desde a primeira virada de bola. Eu dedico esta vit\u00f3ria a ela. Este \u00e9 o nosso terceiro evento na temporada internacional e nosso terceiro p\u00f3dio consecutivo, o que mostra nossa evolu\u00e7\u00e3o\u201d, completou Duda, que venceu a s\u00e9tima etapa de circuito mundial da carreira.<\/p>\n\n\n\n<p><strong>Bronze no masculino<\/strong><br><br>Ainda nesta segunda-feira, o Brasil foi ao p\u00f3dio na chave masculina com o bronze de Alison e \u00c1lvaro Filho. A parceria superou os italianos Adrian Carambula e Enrico Rossi por 2 sets a 0, com um duplo 21\/17. \u00c9 a primeira vez que a dupla conquista medalhas na atual temporada.<\/p>\n\n\n\n<p>\u201c\u00c9 um resultado muito importante. Nosso time est\u00e1 crescendo e a evolu\u00e7\u00e3o no resultado da semana passada para esta [ficaram em 17\u00ba na primeira etapa de Canc\u00fan] \u00e9 reflexo disto. Ter participado do circuito brasileiro [de v\u00f4lei de praia] antes foi um diferencial para ganharmos ritmo de competi\u00e7\u00e3o\u201d, comemorou \u00c1lvaro Filho.<\/p>\n\n\n\n<p>A terceira e \u00faltima etapa do circuito em Canc\u00fan come\u00e7a nesta quarta-feira (28) e vai at\u00e9 domingo (2). Os jogos s\u00e3o transmitidos ao vivo pelo canal da FIVB no YouTube.<\/p>\n\n\n\n<p><em>Quer receber as principais not\u00edcias do&nbsp;<strong>SE Not\u00edcias<\/strong>&nbsp;no seu&nbsp;<strong>WhatsApp?<\/strong>&nbsp;<strong><a href=\"https:\/\/api.whatsapp.com\/send?phone=5579991715289\">Clique aqui<\/a><\/strong>.<\/em><\/p>\n\n\n\n<p><strong><em>Acompanhe tamb\u00e9m o SE Not\u00edcias no\u00a0<a rel=\"noreferrer noopener\" href=\"https:\/\/twitter.com\/Senoticias\" target=\"_blank\">Twitter<\/a>,\u00a0<a rel=\"noreferrer noopener\" href=\"https:\/\/www.facebook.com\/senoticias1\" target=\"_blank\">Facebook<\/a>\u00a0e no\u00a0<a rel=\"noreferrer noopener\" href=\"https:\/\/www.instagram.com\/senoticias\/\" target=\"_blank\">Instagram<\/a><\/em><\/strong><\/p>\n\n\n\n<p>Fonte: Ag\u00eancia Brasil<\/p>\n","protected":false},"excerpt":{"rendered":"<p>Ap\u00f3s duas medalhas de bronze seguidas, \u00c1gatha e Duda foram campe\u00e3s pela primeira vez na temporada 2021 do circuito mundial de v\u00f4lei de praia. Nesta segunda-feira (26), a dupla brasileira ficou com o t\u00edtulo da segunda de tr\u00eas etapas em Canc\u00fan (M\u00e9xico) ao derrotar as russas Nadezda Makroguzova e Svetlana Kholomina por 2 sets a [&hellip;]<\/p>\n","protected":false},"author":6552,"featured_media":127760,"comment_status":"closed","ping_status":"closed","sticky":false,"template":"","format":"standard","meta":{"footnotes":""},"categories":[15,26,1],"tags":[10564,17031,17028,17030],"class_list":{"0":"post-127759","1":"post","2":"type-post","3":"status-publish","4":"format-standard","5":"has-post-thumbnail","7":"category-destaques","8":"category-esportes","9":"category-sem-categoria","10":"tag-agatha-e-duda","11":"tag-agatha-e-duda-sao-campeas-em-cancun","12":"tag-cancun-mexico","13":"tag-olimpiada-de-toquio"},"_links":{"self":[{"href":"https:\/\/senoticias.com.br\/se\/wp-json\/wp\/v2\/posts\/127759"}],"collection":[{"href":"https:\/\/senoticias.com.br\/se\/wp-json\/wp\/v2\/posts"}],"about":[{"href":"https:\/\/senoticias.com.br\/se\/wp-json\/wp\/v2\/types\/post"}],"author":[{"embeddable":true,"href":"https:\/\/senoticias.com.br\/se\/wp-json\/wp\/v2\/users\/6552"}],"replies":[{"embeddable":true,"href":"https:\/\/senoticias.com.br\/se\/wp-json\/wp\/v2\/comments?post=127759"}],"version-history":[{"count":0,"href":"https:\/\/senoticias.com.br\/se\/wp-json\/wp\/v2\/posts\/127759\/revisions"}],"wp:featuredmedia":[{"embeddable":true,"href":"https:\/\/senoticias.com.br\/se\/wp-json\/wp\/v2\/media\/127760"}],"wp:attachment":[{"href":"https:\/\/senoticias.com.br\/se\/wp-json\/wp\/v2\/media?parent=127759"}],"wp:term":[{"taxonomy":"category","embeddable":true,"href":"https:\/\/senoticias.com.br\/se\/wp-json\/wp\/v2\/categories?post=127759"},{"taxonomy":"post_tag","embeddable":true,"href":"https:\/\/senoticias.com.br\/se\/wp-json\/wp\/v2\/tags?post=127759"}],"curies":[{"name":"wp","href":"https:\/\/api.w.org\/{rel}","templated":true}]}}