{"id":127747,"date":"2021-04-26T07:32:02","date_gmt":"2021-04-26T10:32:02","guid":{"rendered":"https:\/\/senoticias.com.br\/se\/?p=127747"},"modified":"2021-04-26T07:32:11","modified_gmt":"2021-04-26T10:32:11","slug":"periodo-de-mare-alta-segue-ate-a-quarta-feira-28-em-aracaju","status":"publish","type":"post","link":"https:\/\/senoticias.com.br\/se\/periodo-de-mare-alta-segue-ate-a-quarta-feira-28-em-aracaju\/","title":{"rendered":"Per\u00edodo de mar\u00e9 alta segue at\u00e9 a quarta-feira, 28, em Aracaju"},"content":{"rendered":"\n<p>A partir deste domingo, 25, at\u00e9 a pr\u00f3xima quarta-feira, dia 28, a Prefeitura de Aracaju emitir\u00e1 alertas a respeito do per\u00edodo de mar\u00e9 alta. Hoje, o alerta come\u00e7a a valer a partir das 15h08, quando ocorre a subida da mar\u00e9, com previs\u00e3o de 2,2 metros. Ao longo da semana, contudo, o Servi\u00e7o de Alerta via SMS vai informar \u00e0 popula\u00e7\u00e3o sobre os hor\u00e1rios e a m\u00e9dia de altura alcan\u00e7ada pela cheia.<\/p>\n\n\n\n<figure class=\"wp-block-image size-large\"><img loading=\"lazy\" decoding=\"async\" width=\"588\" height=\"392\" src=\"https:\/\/senoticias.com.br\/se\/wp-content\/uploads\/2021\/04\/Chuvas-em-Aracaju-SE-noticias.jpg\" alt=\"\" class=\"wp-image-127748\" srcset=\"https:\/\/senoticias.com.br\/se\/wp-content\/uploads\/2021\/04\/Chuvas-em-Aracaju-SE-noticias.jpg 588w, https:\/\/senoticias.com.br\/se\/wp-content\/uploads\/2021\/04\/Chuvas-em-Aracaju-SE-noticias-300x200.jpg 300w, https:\/\/senoticias.com.br\/se\/wp-content\/uploads\/2021\/04\/Chuvas-em-Aracaju-SE-noticias-90x60.jpg 90w, https:\/\/senoticias.com.br\/se\/wp-content\/uploads\/2021\/04\/Chuvas-em-Aracaju-SE-noticias-180x120.jpg 180w, https:\/\/senoticias.com.br\/se\/wp-content\/uploads\/2021\/04\/Chuvas-em-Aracaju-SE-noticias-95x64.jpg 95w\" sizes=\"(max-width: 588px) 100vw, 588px\" \/><figcaption>Ao longo da semana, contudo, o Servi\u00e7o de Alerta via SMS vai informar \u00e0 popula\u00e7\u00e3o sobre os hor\u00e1rios e a m\u00e9dia de altura alcan\u00e7ada pela cheia &#8211; Foto: Andr\u00e9 Moreira\/AAN<\/figcaption><\/figure>\n\n\n\n<p>Para tanto, as equipes integradas da Prefeitura j\u00e1 est\u00e3o com a aten\u00e7\u00e3o redobrada, por meio da Defesa Civil de Aracaju, \u00f3rg\u00e3o da Secretaria Municipal da Defesa Social e Cidadania (Semdec), bem como as empresas municipais de Servi\u00e7os Urbanos (Emsurb) e de Obras e Urbaniza\u00e7\u00e3o (Emurb), e Superintend\u00eancia Municipal de Transporte e Tr\u00e2nsito (SMTT) atuam em toda a cidade, seja na manuten\u00e7\u00e3o do sistema de drenagem ou mesmo para aux\u00edlio de motoristas e pedestres.<\/p>\n\n\n\n<p>Durante o per\u00edodo, no entanto, outro fator vai incidir sobre a mar\u00e9, como explicou o coordenador da Defesa Civil Municipal, major Silvio Prado.<\/p>\n\n\n\n<p>\u201cAl\u00e9m da mar\u00e9 alta, estamos num per\u00edodo chuvoso que deve seguir at\u00e9 o m\u00eas de julho. Portanto, redobramos o estado de observa\u00e7\u00e3o com essa combina\u00e7\u00e3o de chuvas fortes e mar\u00e9 alta. A popula\u00e7\u00e3o que reside em localidade que historicamente tem problemas com inunda\u00e7\u00e3o, transbordamento de rios e canais, a exemplo da regi\u00e3o da Pra\u00e7a da Imprensa, avenida An\u00edsio Azevedo, loteamento Estrela do Oriente, devem redobrar a aten\u00e7\u00e3o porque essa jun\u00e7\u00e3o dos dois fen\u00f4menos naturais pode ocasionar um impacto maior. Todo o Comit\u00ea de Gerenciamento de Crise est\u00e1 em condi\u00e7\u00f5es de atuar e refor\u00e7ar o monitoramento, no intuito de minimizar os transtornos\u201d, aponta o major.<\/p>\n\n\n\n<p>Para registrar uma ocorr\u00eancia, a popula\u00e7\u00e3o pode entrar em contato com a Defesa Civil atrav\u00e9s do 199, que tomar\u00e1 as provid\u00eancias necess\u00e1rias. Al\u00e9m disso, as equipes fazem o monitoramento constante nos locais de risco, sujeitos a alagamentos ou desmoronamento.<\/p>\n\n\n\n<p><strong>SMS 40199<\/strong><br><br>A Prefeitura de Aracaju, por interm\u00e9dio da Defesa Civil, mant\u00e9m um canal para informar a popula\u00e7\u00e3o, via SMS, sobre os alertas meteorol\u00f3gicos. Para receber os avisos \u00e9 necess\u00e1rio enviar um SMS para o n\u00famero 40199 e inserir, no campo da mensagem, o CEP do local sobre o qual deseja receber informa\u00e7\u00f5es.<\/p>\n\n\n\n<p>Ap\u00f3s encaminhar o SMS de cadastro, ser\u00e1 enviada uma mensagem de confirma\u00e7\u00e3o e o celular estar\u00e1 habilitado para receber os alertas da Defesa Civil. O servi\u00e7o \u00e9 gratuito e permite que a mesma pessoa cadastre mais de um CEP.<\/p>\n\n\n\n<p><em>Quer receber as principais not\u00edcias do&nbsp;<strong>SE Not\u00edcias<\/strong>&nbsp;no seu&nbsp;<strong>WhatsApp?<\/strong>&nbsp;<strong><a href=\"https:\/\/api.whatsapp.com\/send?phone=5579991715289\">Clique aqui<\/a><\/strong>.<\/em><\/p>\n\n\n\n<p><strong><em>Acompanhe tamb\u00e9m o SE Not\u00edcias no\u00a0<a rel=\"noreferrer noopener\" href=\"https:\/\/twitter.com\/Senoticias\" target=\"_blank\">Twitter<\/a>,\u00a0<a rel=\"noreferrer noopener\" href=\"https:\/\/www.facebook.com\/senoticias1\" target=\"_blank\">Facebook<\/a>\u00a0e no\u00a0<a rel=\"noreferrer noopener\" href=\"https:\/\/www.instagram.com\/senoticias\/\" target=\"_blank\">Instagram<\/a><\/em><\/strong><\/p>\n\n\n\n<p>Fonte: Ag\u00eancia Aracaju de Not\u00edcias<\/p>\n","protected":false},"excerpt":{"rendered":"<p>A partir deste domingo, 25, at\u00e9 a pr\u00f3xima quarta-feira, dia 28, a Prefeitura de Aracaju emitir\u00e1 alertas a respeito do per\u00edodo de mar\u00e9 alta. Hoje, o alerta come\u00e7a a valer a partir das 15h08, quando ocorre a subida da mar\u00e9, com previs\u00e3o de 2,2 metros. Ao longo da semana, contudo, o Servi\u00e7o de Alerta via [&hellip;]<\/p>\n","protected":false},"author":6552,"featured_media":0,"comment_status":"closed","ping_status":"closed","sticky":false,"template":"","format":"standard","meta":{"footnotes":""},"categories":[15,6],"tags":[17016,14179,17015],"class_list":{"0":"post-127747","1":"post","2":"type-post","3":"status-publish","4":"format-standard","6":"category-destaques","7":"category-politica","8":"tag-alerta-de-mare-alta","9":"tag-mare-alta","10":"tag-mare-alta-em-aracaju"},"_links":{"self":[{"href":"https:\/\/senoticias.com.br\/se\/wp-json\/wp\/v2\/posts\/127747"}],"collection":[{"href":"https:\/\/senoticias.com.br\/se\/wp-json\/wp\/v2\/posts"}],"about":[{"href":"https:\/\/senoticias.com.br\/se\/wp-json\/wp\/v2\/types\/post"}],"author":[{"embeddable":true,"href":"https:\/\/senoticias.com.br\/se\/wp-json\/wp\/v2\/users\/6552"}],"replies":[{"embeddable":true,"href":"https:\/\/senoticias.com.br\/se\/wp-json\/wp\/v2\/comments?post=127747"}],"version-history":[{"count":0,"href":"https:\/\/senoticias.com.br\/se\/wp-json\/wp\/v2\/posts\/127747\/revisions"}],"wp:attachment":[{"href":"https:\/\/senoticias.com.br\/se\/wp-json\/wp\/v2\/media?parent=127747"}],"wp:term":[{"taxonomy":"category","embeddable":true,"href":"https:\/\/senoticias.com.br\/se\/wp-json\/wp\/v2\/categories?post=127747"},{"taxonomy":"post_tag","embeddable":true,"href":"https:\/\/senoticias.com.br\/se\/wp-json\/wp\/v2\/tags?post=127747"}],"curies":[{"name":"wp","href":"https:\/\/api.w.org\/{rel}","templated":true}]}}