{"id":127746,"date":"2021-04-25T20:10:40","date_gmt":"2021-04-25T23:10:40","guid":{"rendered":"https:\/\/senoticias.com.br\/se\/?p=127746"},"modified":"2021-04-25T20:15:41","modified_gmt":"2021-04-25T23:15:41","slug":"127746-2","status":"publish","type":"post","link":"https:\/\/senoticias.com.br\/se\/127746-2\/","title":{"rendered":"Jovens de 25 e 30 anos est\u00e3o entre as 22 v\u00edtimas de Covid-19 registradas neste domingo em Sergipe"},"content":{"rendered":"\n<p><\/p>\n\n\n\n<p>Sergipe registrou neste domingo (25) 22 mortes causadas pela Covid-19 e 706 casos confirmados da doen\u00e7a. Desde o in\u00edcio da pandemia, o estado teve 4.137 \u00f3bitos e 196.669 casos. At\u00e9 o momento, 181.578 pacientes se recuperaram.<\/p>\n\n\n\n<p>Ainda aguardam resultados 2.331 exames coletados. Foram realizados 417.049 exames e 220.350 foram negativados.<\/p>\n\n\n\n<p>Est\u00e3o internados 807 pacientes, sendo que no servi\u00e7o p\u00fablico s\u00e3o 216 em leitos de UTI (adulto), seis na UTI neonatal\/pediatria e 215 em leitos cl\u00ednicos (enfermaria), totalizando 437. J\u00e1 nos leitos do servi\u00e7o privado est\u00e3o internados 186 pessoas na UTI adulta e 184 em leitos cl\u00ednicos, totalizando 370.<\/p>\n\n\n\n<figure class=\"wp-block-image size-large\"><img loading=\"lazy\" decoding=\"async\" width=\"599\" height=\"343\" src=\"https:\/\/senoticias.com.br\/se\/wp-content\/uploads\/2020\/07\/Medicos-Covid19-SE-Noticias-e1594164533404.jpg\" alt=\"\" class=\"wp-image-124121\"\/><figcaption> Desde o in\u00edcio da pandemia, o estado teve 4.137 \u00f3bitos e 196.669 casos &#8211; Foto: arquivo\/ABr<\/figcaption><\/figure>\n\n\n\n<p>S\u00e3o investigados mais 15 \u00f3bitos. As 22 v\u00edtimas registradas neste domingo foram as seguintes:<\/p>\n\n\n\n<p>Sergipe registrou neste domingo (25) 22 mortes causadas pela Covid-19 e 706 casos confirmados da doen\u00e7a. Desde o in\u00edcio da pandemia, o estado teve 4.137 \u00f3bitos e 196.669 casos. At\u00e9 o momento, 181.578 pacientes se recuperaram.<\/p>\n\n\n\n<p>Ainda aguardam resultados 2.331 exames coletados. Foram realizados 417.049 exames e 220.350 foram negativados.<\/p>\n\n\n\n<p>Est\u00e3o internados 807 pacientes, sendo que no servi\u00e7o p\u00fablico s\u00e3o 216 em leitos de UTI (adulto), seis na UTI neonatal\/pediatria e 215 em leitos cl\u00ednicos (enfermaria), totalizando 437. J\u00e1 nos leitos do servi\u00e7o privado est\u00e3o internados 186 pessoas na UTI adulta e 184 em leitos cl\u00ednicos, totalizando 370.<\/p>\n\n\n\n<p>S\u00e3o investigados mais 15 \u00f3bitos. As 22 v\u00edtimas registradas neste domingo foram as seguintes:<\/p>\n\n\n\n<p>Uma mulher, 74 anos, de Nossa Senhora da Gl\u00f3ria, com hipertens\u00e3o; uma mulher, 91 anos, de Santa Luzia do Itanhy, com hipertens\u00e3o; um homem, 25 anos, de Carira, sem comorbidade; uma mulher, 58 anos, de Nossa Senhora da Gl\u00f3ria, com hipertens\u00e3o; uma mulher, 71 anos, de Aracaju, com hipertens\u00e3o e diabetes; uma mulher, 30 anos, de Est\u00e2ncia, pu\u00e9rpera; uma mulher, 59 anos, de S\u00e3o Crist\u00f3v\u00e3o, com hipertens\u00e3o e diabetes; um homem, 57 anos, de Aracaju, sem comorbidade; um homem, 72 anos, de Aracaju, sem comorbidade; uma mulher, 72 anos, Nossa Senhora do Socorro, com obesidade e hipertens\u00e3o; um homem, 58 anos, de Itabaianinha, com hipertens\u00e3o; um homem, 94 anos, de Boquim, com hipertens\u00e3o; um homem, 79 anos, de Umba\u00faba, com hipertens\u00e3o e diabetes; um homem, 73 anos, de Capela, com hipertens\u00e3o; uma mulher, 50 anos, de Aracaju, sem comorbidade; um homem, 53 anos, de S\u00e3o Crist\u00f3v\u00e3o, sem comorbidade; um homem, 45 anos, de Nossa Senhora do Socorro, sem comorbidade; uma mulher, 55 anos, de Aracaju, sem comorbidade; um homem, 51 anos, de Aracaju, sem comorbidade; uma mulher, 86 anos, de Aracaju, sem comorbidade; um homem, 64 anos, de Aracaju, com hipertens\u00e3o; uma mulher, 91 anos, de Aracaju, sem comorbidade.<\/p>\n\n\n\n<p><em>Quer receber as principais not\u00edcias do&nbsp;<strong>SE Not\u00edcias<\/strong>&nbsp;no seu&nbsp;<strong>WhatsApp?<\/strong>&nbsp;<strong><a href=\"https:\/\/api.whatsapp.com\/send?phone=5579991715289\">Clique aqui<\/a><\/strong>.<\/em><\/p>\n\n\n\n<p><strong><em>Acompanhe tamb\u00e9m o SE Not\u00edcias no\u00a0<a rel=\"noreferrer noopener\" href=\"https:\/\/twitter.com\/Senoticias\" target=\"_blank\">Twitter<\/a>,\u00a0<a rel=\"noreferrer noopener\" href=\"https:\/\/www.facebook.com\/senoticias1\" target=\"_blank\">Facebook<\/a>\u00a0e no\u00a0<a rel=\"noreferrer noopener\" href=\"https:\/\/www.instagram.com\/senoticias\/\" target=\"_blank\">Instagram<\/a><\/em><\/strong><\/p>\n\n\n\n<p>Fonte: G1 SE e SES<\/p>\n","protected":false},"excerpt":{"rendered":"<p>Sergipe registrou neste domingo (25) 22 mortes causadas pela Covid-19 e 706 casos confirmados da doen\u00e7a. Desde o in\u00edcio da pandemia, o estado teve 4.137 \u00f3bitos e 196.669 casos. At\u00e9 o momento, 181.578 pacientes se recuperaram. Ainda aguardam resultados 2.331 exames coletados. Foram realizados 417.049 exames e 220.350 foram negativados. Est\u00e3o internados 807 pacientes, sendo [&hellip;]<\/p>\n","protected":false},"author":6552,"featured_media":0,"comment_status":"closed","ping_status":"closed","sticky":false,"template":"","format":"standard","meta":{"footnotes":""},"categories":[15,6,1],"tags":[14279,15051,14369],"class_list":{"0":"post-127746","1":"post","2":"type-post","3":"status-publish","4":"format-standard","6":"category-destaques","7":"category-politica","8":"category-sem-categoria","9":"tag-covid19","10":"tag-mortes-covid19","11":"tag-pandemia"},"_links":{"self":[{"href":"https:\/\/senoticias.com.br\/se\/wp-json\/wp\/v2\/posts\/127746"}],"collection":[{"href":"https:\/\/senoticias.com.br\/se\/wp-json\/wp\/v2\/posts"}],"about":[{"href":"https:\/\/senoticias.com.br\/se\/wp-json\/wp\/v2\/types\/post"}],"author":[{"embeddable":true,"href":"https:\/\/senoticias.com.br\/se\/wp-json\/wp\/v2\/users\/6552"}],"replies":[{"embeddable":true,"href":"https:\/\/senoticias.com.br\/se\/wp-json\/wp\/v2\/comments?post=127746"}],"version-history":[{"count":0,"href":"https:\/\/senoticias.com.br\/se\/wp-json\/wp\/v2\/posts\/127746\/revisions"}],"wp:attachment":[{"href":"https:\/\/senoticias.com.br\/se\/wp-json\/wp\/v2\/media?parent=127746"}],"wp:term":[{"taxonomy":"category","embeddable":true,"href":"https:\/\/senoticias.com.br\/se\/wp-json\/wp\/v2\/categories?post=127746"},{"taxonomy":"post_tag","embeddable":true,"href":"https:\/\/senoticias.com.br\/se\/wp-json\/wp\/v2\/tags?post=127746"}],"curies":[{"name":"wp","href":"https:\/\/api.w.org\/{rel}","templated":true}]}}