{"id":127698,"date":"2021-04-22T10:35:08","date_gmt":"2021-04-22T13:35:08","guid":{"rendered":"https:\/\/senoticias.com.br\/se\/?p=127698"},"modified":"2021-04-22T10:48:04","modified_gmt":"2021-04-22T13:48:04","slug":"galeria-j-inacio-recebe-exposicoes-da-lei-aldir-blanc","status":"publish","type":"post","link":"https:\/\/senoticias.com.br\/se\/galeria-j-inacio-recebe-exposicoes-da-lei-aldir-blanc\/","title":{"rendered":"Galeria J. In\u00e1cio recebe exposi\u00e7\u00f5es da Lei Aldir Blanc"},"content":{"rendered":"\n<p>De 23 a 27 de abril, a Galeria De Arte J. In\u00e1cio receber\u00e1 novas exposi\u00e7\u00f5es de artistas contemplados atrav\u00e9s do editais promovidos pela Funda\u00e7\u00e3o de Cultura e Arte Aperip\u00ea (Funcap), via recursos da Lei Aldir Blanc: \u201cSem Eira, Nem Beira\u201d de Elias Santos, \u201cArranjos Cansados (Dentro e Fora, O Selvagem)\u201d de Matheus Almeida Cordeiro e \u201c<strong>MMXX<\/strong> \u2013 Exposi\u00e7\u00e3o Fotogr\u00e1fica\u201d de Gabriel de Almeida comp\u00f5em mais uma das exposi\u00e7\u00f5es que a Funcap vem promovendo. A solenidade de abertura, que acontecer\u00e1 de modo virtual na sexta-feira, 23, \u00e0s 10h, ser\u00e1 transmitida via Instagram e Youtube da Funcap.<\/p>\n\n\n\n<figure class=\"wp-block-image size-large\"><img loading=\"lazy\" decoding=\"async\" width=\"561\" height=\"561\" src=\"https:\/\/senoticias.com.br\/se\/wp-content\/uploads\/2021\/04\/SEM-EIRA-NEM-BEIRA-1.png\" alt=\"\" class=\"wp-image-127700\" srcset=\"https:\/\/senoticias.com.br\/se\/wp-content\/uploads\/2021\/04\/SEM-EIRA-NEM-BEIRA-1.png 561w, https:\/\/senoticias.com.br\/se\/wp-content\/uploads\/2021\/04\/SEM-EIRA-NEM-BEIRA-1-300x300.png 300w, https:\/\/senoticias.com.br\/se\/wp-content\/uploads\/2021\/04\/SEM-EIRA-NEM-BEIRA-1-150x150.png 150w\" sizes=\"(max-width: 561px) 100vw, 561px\" \/><figcaption>De 23 a 27 de abril, a Galeria De Arte J. In\u00e1cio receber\u00e1 novas exposi\u00e7\u00f5es de artistas contemplados atrav\u00e9s do editais promovidos pela Funda\u00e7\u00e3o de Cultura e Arte Aperip\u00ea\u00a0<\/figcaption><\/figure>\n\n\n\n<p>\u201cMMXX\u201d \u00e9 a primeira exposi\u00e7\u00e3o do diretor de v\u00eddeos experimentais Gabriel de Almeida. Gabriel, atrav\u00e9s de suas obras, reflete sobre o atual momento enfrentado pela humanidade, a nova realidade de adapta\u00e7\u00e3o di\u00e1ria, o desconforto experimentado nos espa\u00e7os p\u00fablicos e a \u201csensa\u00e7\u00e3o de perigo latente\u201d.<\/p>\n\n\n\n<p>J\u00e1 o artista Matheus Almeida Cordeiro, que tamb\u00e9m \u00e9 um poeta, ilustrador, letrista, artista digital, fot\u00f3grafo mobile e publicit\u00e1rio, apresenta a \u201cArranjos Cansados: Dentro e Fora, o Selvagem&#8221;, uma exposi\u00e7\u00e3o visual\/textual que, como afirma o artista, carrega em si o peso (ou n\u00e3o) de representar o turbilh\u00e3o de sentimentos de algu\u00e9m, com notas nordestinas intercaladas. Trata de ver a beleza agridoce e exausta, atrav\u00e9s de indaga\u00e7\u00f5es po\u00e9ticas cotidianas que acompanham cada quadro.<\/p>\n\n\n\n<p>Outro nome que estar\u00e1 na Galeria de Arte J. In\u00e1cio compondo as novas exposi\u00e7\u00f5es \u00e9 o artista visual Elias Santos. Elias atua no cen\u00e1rio art\u00edstico de Sergipe h\u00e1 mais de 30 anos, trabalha com arte contempor\u00e2nea e ultimamente realiza pesquisa voltada \u00e0 \u201ciconografia do cachorro vira-lata\u201d. Nesta exposi\u00e7\u00e3o tra\u00e7o, cor, rabisco, borr\u00e3o, mancha, forma, volume ou impress\u00e3o \u2013 as t\u00e9cnicas e os materiais empregados pelo artista assumem riqueza inventiva no tratamento dos temas &#8211; da condi\u00e7\u00e3o humana \u00e0 cultura sergipana &#8211; na busca por solu\u00e7\u00f5es pl\u00e1sticas.<\/p>\n\n\n\n<p>A <strong>Lei Aldir Blanc<\/strong> \u00e9 uma realidade atrav\u00e9s de recursos da Secretaria Especial de Cultura, Minist\u00e9rio do Turismo e Governo Federal, destinada ao Governo do Estado de Sergipe.<\/p>\n\n\n\n<p><em>Quer receber as principais not\u00edcias do&nbsp;<strong>SE Not\u00edcias<\/strong>&nbsp;no seu&nbsp;<strong>WhatsApp?<\/strong>&nbsp;<strong><a href=\"https:\/\/api.whatsapp.com\/send?phone=5579991715289\">Clique aqui<\/a><\/strong>.<\/em><\/p>\n\n\n\n<p><strong><em>Acompanhe tamb\u00e9m o SE Not\u00edcias no&nbsp;<a rel=\"noreferrer noopener\" href=\"https:\/\/twitter.com\/Senoticias\" target=\"_blank\">Twitter<\/a>,&nbsp;<a rel=\"noreferrer noopener\" href=\"https:\/\/www.facebook.com\/senoticias1\" target=\"_blank\">Facebook<\/a>&nbsp;e no&nbsp;<a rel=\"noreferrer noopener\" href=\"https:\/\/www.instagram.com\/senoticias\/\" target=\"_blank\">Instagram<\/a><\/em><\/strong><\/p>\n\n\n\n<p>Assessoria de Comunica\u00e7\u00e3o \/ Funda\u00e7\u00e3o de Cultura e Arte Aperip\u00ea de Sergipe<\/p>\n","protected":false},"excerpt":{"rendered":"<p>De 23 a 27 de abril, a Galeria De Arte J. In\u00e1cio receber\u00e1 novas exposi\u00e7\u00f5es de artistas contemplados atrav\u00e9s do editais promovidos pela Funda\u00e7\u00e3o de Cultura e Arte Aperip\u00ea (Funcap), via recursos da Lei Aldir Blanc: \u201cSem Eira, Nem Beira\u201d de Elias Santos, \u201cArranjos Cansados (Dentro e Fora, O Selvagem)\u201d de Matheus Almeida Cordeiro e [&hellip;]<\/p>\n","protected":false},"author":6552,"featured_media":0,"comment_status":"closed","ping_status":"closed","sticky":false,"template":"","format":"standard","meta":{"footnotes":""},"categories":[15,21,1],"tags":[6587,16987,15125,16989,16988],"class_list":{"0":"post-127698","1":"post","2":"type-post","3":"status-publish","4":"format-standard","6":"category-destaques","7":"category-entretenimento","8":"category-sem-categoria","9":"tag-exposicao-fotografica","10":"tag-exposicoes-da-lei-aldir-blanc","11":"tag-lei-aldir-blanc","12":"tag-nem-beira","13":"tag-sem-eira"},"_links":{"self":[{"href":"https:\/\/senoticias.com.br\/se\/wp-json\/wp\/v2\/posts\/127698"}],"collection":[{"href":"https:\/\/senoticias.com.br\/se\/wp-json\/wp\/v2\/posts"}],"about":[{"href":"https:\/\/senoticias.com.br\/se\/wp-json\/wp\/v2\/types\/post"}],"author":[{"embeddable":true,"href":"https:\/\/senoticias.com.br\/se\/wp-json\/wp\/v2\/users\/6552"}],"replies":[{"embeddable":true,"href":"https:\/\/senoticias.com.br\/se\/wp-json\/wp\/v2\/comments?post=127698"}],"version-history":[{"count":0,"href":"https:\/\/senoticias.com.br\/se\/wp-json\/wp\/v2\/posts\/127698\/revisions"}],"wp:attachment":[{"href":"https:\/\/senoticias.com.br\/se\/wp-json\/wp\/v2\/media?parent=127698"}],"wp:term":[{"taxonomy":"category","embeddable":true,"href":"https:\/\/senoticias.com.br\/se\/wp-json\/wp\/v2\/categories?post=127698"},{"taxonomy":"post_tag","embeddable":true,"href":"https:\/\/senoticias.com.br\/se\/wp-json\/wp\/v2\/tags?post=127698"}],"curies":[{"name":"wp","href":"https:\/\/api.w.org\/{rel}","templated":true}]}}