{"id":127606,"date":"2021-04-16T18:41:00","date_gmt":"2021-04-16T21:41:00","guid":{"rendered":"https:\/\/senoticias.com.br\/se\/?p=127606"},"modified":"2021-04-16T18:51:01","modified_gmt":"2021-04-16T21:51:01","slug":"vigilancia-sanitaria-estadual-orienta-municipios-para-que-lives-acontecam-de-forma-segura","status":"publish","type":"post","link":"https:\/\/senoticias.com.br\/se\/vigilancia-sanitaria-estadual-orienta-municipios-para-que-lives-acontecam-de-forma-segura\/","title":{"rendered":"Vigil\u00e2ncia Sanit\u00e1ria Estadual orienta munic\u00edpios para que lives aconte\u00e7am de forma segura"},"content":{"rendered":"\n<p>A Secretaria de Estado da Sa\u00fade (SES), por meio da Coordenadoria de Vigil\u00e2ncia Sanit\u00e1ria, atenta para a import\u00e2ncia das lives acontecerem de forma segura de acordo com os protocolos sanit\u00e1rios estabelecidos.<\/p>\n\n\n\n<figure class=\"wp-block-image size-large\"><img decoding=\"async\" src=\"https:\/\/senoticias.com.br\/se\/wp-content\/uploads\/2021\/04\/Lives-SE-Noticias.jpg\" alt=\"\" class=\"wp-image-127607\"\/><figcaption>Vigil\u00e2ncia Sanit\u00e1ria orienta munic\u00edpios sobre a realiza\u00e7\u00e3o de lives &#8211; Foto: ascom\/SES<\/figcaption><\/figure>\n\n\n\n<p>O Coordenador da Vigil\u00e2ncia Sanit\u00e1ria, \u00c1vio Britto, destacou que de acordo com nota publicada pelo Governo do Estado, as lives est\u00e3o autorizadas para acontecer, mas que isso n\u00e3o pode ser feito de qualquer maneira. \u201cO projeto para o acontecimento do evento deve ser apresentado \u00e0 Vigil\u00e2ncia Sanit\u00e1ria Estadual, no m\u00ednimo uma semana antes da data prevista para o in\u00edcio da live, pois ser\u00e1 avaliado considerando o cen\u00e1rio epidemiol\u00f3gico do per\u00edodo da realiza\u00e7\u00e3o, mediante atualiza\u00e7\u00e3o do decreto governamental\u201d, disse.<\/p>\n\n\n\n<p>Segundo \u00c1vio, para checar se as lives v\u00eam acontecendo de acordo com os protocolos sanit\u00e1rios, s\u00e3o realizadas inspe\u00e7\u00f5es em parceria com a Pol\u00edcia Militar, Vigil\u00e2ncia Sanit\u00e1ria Estadual e as municipais.<\/p>\n\n\n\n<p><strong>Regras<\/strong><br><br>A solicita\u00e7\u00e3o para an\u00e1lise e pr\u00e9 aprova\u00e7\u00e3o das lives devem ser feitas atrav\u00e9s site <strong>www.saude.se.gov.br<\/strong>, clica na <strong>aba da Vigil\u00e2ncia Sanit\u00e1ria<\/strong>, contendo a descri\u00e7\u00e3o de como o evento ocorrer\u00e1 com fluxograma da programa\u00e7\u00e3o, assim como data, hor\u00e1rio, local e endere\u00e7o, detalhamento da equipe (quantidade de m\u00fasicos, som, ilumina\u00e7\u00e3o, etc) e descri\u00e7\u00e3o da \u00e1rea onde ser\u00e1 realizada, incluindo capacidade de pessoas.<br>Os itens obrigat\u00f3rios s\u00e3o uso de m\u00e1scaras (exceto vocalista), disponibiliza\u00e7\u00e3o de \u00e1lcool 70%, distanciamento m\u00ednimo de 1,5m entre os participantes e controle de temperatura na entrada.<\/p>\n\n\n\n<p>Alguns requisitos estabelecidos s\u00e3o o termo de compromisso assinado entre o respons\u00e1vel pela live e a Vigil\u00e2ncia Sanit\u00e1ria (de acordo com a documenta\u00e7\u00e3o apresentada), ap\u00f3s a assinatura do termo, fica sujeito de fiscaliza\u00e7\u00e3o pelos \u00f3rg\u00e3os competentes durante a realiza\u00e7\u00e3o do evento, para verifica\u00e7\u00e3o in loco do cumprimento dos protocolos sanit\u00e1rios e, se poss\u00edvel, dever\u00e1 ser realizada a testagem r\u00e1pida entre os participantes.<\/p>\n\n\n\n<p>Algumas observa\u00e7\u00f5es s\u00e3o feitas a respeito da proibi\u00e7\u00e3o de local de conviv\u00eancia (alimenta\u00e7\u00e3o, bebida, etc), n\u00e3o podendo haver p\u00fablico presente, assim como n\u00e3o pode ser realizada em locais que proporcionem aglomera\u00e7\u00f5es externas. O deferimento ser\u00e1 condicionado ao fluxograma apresentado frente ao n\u00famero de participantes e capacidade local.<\/p>\n\n\n\n<p><em>Quer receber as principais not\u00edcias do&nbsp;<strong>SE Not\u00edcias<\/strong>&nbsp;no seu&nbsp;<strong>WhatsApp?<\/strong>&nbsp;<strong><a href=\"https:\/\/api.whatsapp.com\/send?phone=5579991715289\">Clique aqui<\/a><\/strong>.<\/em><\/p>\n\n\n\n<p><strong><em>Acompanhe tamb\u00e9m o SE Not\u00edcias no&nbsp;<a rel=\"noreferrer noopener\" href=\"https:\/\/twitter.com\/Senoticias\" target=\"_blank\">Twitter<\/a>,&nbsp;<a rel=\"noreferrer noopener\" href=\"https:\/\/www.facebook.com\/senoticias1\" target=\"_blank\">Facebook<\/a>&nbsp;e no&nbsp;<a rel=\"noreferrer noopener\" href=\"https:\/\/www.instagram.com\/senoticias\/\" target=\"_blank\">Instagram<\/a><\/em><\/strong><\/p>\n\n\n\n<p><em>Fotos: Ascom\/SES<\/em><\/p>\n","protected":false},"excerpt":{"rendered":"<p>A Secretaria de Estado da Sa\u00fade (SES), por meio da Coordenadoria de Vigil\u00e2ncia Sanit\u00e1ria, atenta para a import\u00e2ncia das lives acontecerem de forma segura de acordo com os protocolos sanit\u00e1rios estabelecidos. O Coordenador da Vigil\u00e2ncia Sanit\u00e1ria, \u00c1vio Britto, destacou que de acordo com nota publicada pelo Governo do Estado, as lives est\u00e3o autorizadas para acontecer, [&hellip;]<\/p>\n","protected":false},"author":6552,"featured_media":127607,"comment_status":"closed","ping_status":"closed","sticky":false,"template":"","format":"standard","meta":{"footnotes":""},"categories":[15,6],"tags":[448,14471,6385,944],"class_list":{"0":"post-127606","1":"post","2":"type-post","3":"status-publish","4":"format-standard","5":"has-post-thumbnail","7":"category-destaques","8":"category-politica","9":"tag-governo-de-sergipe","10":"tag-lives","11":"tag-secretaria-de-estado-da-saude","12":"tag-vigilancia-sanitaria"},"_links":{"self":[{"href":"https:\/\/senoticias.com.br\/se\/wp-json\/wp\/v2\/posts\/127606"}],"collection":[{"href":"https:\/\/senoticias.com.br\/se\/wp-json\/wp\/v2\/posts"}],"about":[{"href":"https:\/\/senoticias.com.br\/se\/wp-json\/wp\/v2\/types\/post"}],"author":[{"embeddable":true,"href":"https:\/\/senoticias.com.br\/se\/wp-json\/wp\/v2\/users\/6552"}],"replies":[{"embeddable":true,"href":"https:\/\/senoticias.com.br\/se\/wp-json\/wp\/v2\/comments?post=127606"}],"version-history":[{"count":0,"href":"https:\/\/senoticias.com.br\/se\/wp-json\/wp\/v2\/posts\/127606\/revisions"}],"wp:featuredmedia":[{"embeddable":true,"href":"https:\/\/senoticias.com.br\/se\/wp-json\/wp\/v2\/media\/127607"}],"wp:attachment":[{"href":"https:\/\/senoticias.com.br\/se\/wp-json\/wp\/v2\/media?parent=127606"}],"wp:term":[{"taxonomy":"category","embeddable":true,"href":"https:\/\/senoticias.com.br\/se\/wp-json\/wp\/v2\/categories?post=127606"},{"taxonomy":"post_tag","embeddable":true,"href":"https:\/\/senoticias.com.br\/se\/wp-json\/wp\/v2\/tags?post=127606"}],"curies":[{"name":"wp","href":"https:\/\/api.w.org\/{rel}","templated":true}]}}