{"id":127581,"date":"2021-04-15T15:05:42","date_gmt":"2021-04-15T18:05:42","guid":{"rendered":"https:\/\/senoticias.com.br\/se\/?p=127581"},"modified":"2021-04-15T15:07:29","modified_gmt":"2021-04-15T18:07:29","slug":"governo-de-sergipe-altera-horario-de-toque-de-recolher-e-mantem-medidas-de-restricao-para-combate-ao-coronavirus","status":"publish","type":"post","link":"https:\/\/senoticias.com.br\/se\/governo-de-sergipe-altera-horario-de-toque-de-recolher-e-mantem-medidas-de-restricao-para-combate-ao-coronavirus\/","title":{"rendered":"Governo de Sergipe altera hor\u00e1rio de toque de recolher e mant\u00e9m medidas de restri\u00e7\u00e3o para combate ao coronav\u00edrus"},"content":{"rendered":"\n<p>O governador Belivaldo Chagas anunciou a prorroga\u00e7\u00e3o das&nbsp;<a href=\"https:\/\/www.se.gov.br\/noticias\/governo\/decreto_prorroga_medidas_restritivas_em_sergipe\">medidas restritivas<\/a>&nbsp;dos \u00faltimos decretos estaduais at\u00e9 o dia 22 de abril. De acordo com a Resolu\u00e7\u00e3o&nbsp;N\u00ba 16, fica mantido o toque de recolher em todos os dias da semana, com altera\u00e7\u00e3o do hor\u00e1rio que,&nbsp;a partir da publica\u00e7\u00e3o do Decreto nesta sexta-feira (16), passa a abranger o per\u00edodo das 22h at\u00e9 as 5h do dia seguinte. Segundo o documento, os estabelecimentos dever\u00e3o encerrar suas atividades \u00e0s 21h&nbsp;para&nbsp;a garantir o deslocamento dos seus colaboradores \u00e0s suas resid\u00eancias. A informa\u00e7\u00e3o foi divulgada logo ap\u00f3s a reuni\u00e3o virtual do Comit\u00ea T\u00e9cnico-Cient\u00edfico e de Atividades Especiais (Ctcae), nesta quinta-feira (15). As medidas do novo Decreto ser\u00e3o v\u00e1lidas at\u00e9 o dia 22 de abril, data prevista para a pr\u00f3xima reuni\u00e3o do Comit\u00ea T\u00e9cnico-Cient\u00edfico.&nbsp;<\/p>\n\n\n\n<figure class=\"wp-block-image size-large\"><img decoding=\"async\" src=\"https:\/\/senoticias.com.br\/se\/wp-content\/uploads\/2021\/04\/Toque-de-recolher-SE-Noticias.jpg\" alt=\"\" class=\"wp-image-127583\"\/><figcaption>Toque de recolher em Sergipe passa para as 22h a partir desta sexta, 16 &#8211; Foto: M\u00e1rio Sousa\/ASN<\/figcaption><\/figure>\n\n\n\n<p>O\u00a0Decreto detalha\u00a0todas as medidas restritivas j\u00e1 em vigor no estado para refor\u00e7ar \u00e0 popula\u00e7\u00e3o sobre as atividades proibidas como medida de conten\u00e7\u00e3o \u00e0 dissemina\u00e7\u00e3o da Covid-19. Dentre elas, continua vigente\u00a0a veda\u00e7\u00e3o ao funcionamento de atividades n\u00e3o essenciais e especiais aos fins de semana (s\u00e1bado e domingo), englobando todas as atividades e lojas, ainda que instaladas em supermercados ou outros estabelecimentos essenciais, bem como academias de gin\u00e1sticas, de qualquer modalidade, e atividades f\u00edsicas coletivas em geral, observadas as regras e ressalvas espec\u00edficas para cada setor de acordo com a Resolu\u00e7\u00e3o.<\/p>\n\n\n\n<p><em>Quer receber as principais not\u00edcias do&nbsp;<strong>SE Not\u00edcias<\/strong>&nbsp;no seu&nbsp;<strong>WhatsApp?<\/strong>&nbsp;<strong><a href=\"https:\/\/api.whatsapp.com\/send?phone=5579991715289\">Clique aqui<\/a><\/strong>.<\/em><\/p>\n\n\n\n<p><strong><em>Acompanhe tamb\u00e9m o SE Not\u00edcias no\u00a0<a rel=\"noreferrer noopener\" href=\"https:\/\/twitter.com\/Senoticias\" target=\"_blank\">Twitter<\/a>,\u00a0<a rel=\"noreferrer noopener\" href=\"https:\/\/www.facebook.com\/senoticias1\" target=\"_blank\">Facebook<\/a>\u00a0e no\u00a0<a rel=\"noreferrer noopener\" href=\"https:\/\/www.instagram.com\/senoticias\/\" target=\"_blank\">Instagram<\/a><\/em><\/strong><\/p>\n\n\n\n<p>Fonte: Ag\u00eancia Sergipe de Not\u00edcias<\/p>\n","protected":false},"excerpt":{"rendered":"<p>O governador Belivaldo Chagas anunciou a prorroga\u00e7\u00e3o das&nbsp;medidas restritivas&nbsp;dos \u00faltimos decretos estaduais at\u00e9 o dia 22 de abril. De acordo com a Resolu\u00e7\u00e3o&nbsp;N\u00ba 16, fica mantido o toque de recolher em todos os dias da semana, com altera\u00e7\u00e3o do hor\u00e1rio que,&nbsp;a partir da publica\u00e7\u00e3o do Decreto nesta sexta-feira (16), passa a abranger o per\u00edodo das [&hellip;]<\/p>\n","protected":false},"author":6552,"featured_media":127583,"comment_status":"closed","ping_status":"closed","sticky":false,"template":"","format":"standard","meta":{"footnotes":""},"categories":[15,6,1],"tags":[14279,448,14369,16548],"class_list":{"0":"post-127581","1":"post","2":"type-post","3":"status-publish","4":"format-standard","5":"has-post-thumbnail","7":"category-destaques","8":"category-politica","9":"category-sem-categoria","10":"tag-covid19","11":"tag-governo-de-sergipe","12":"tag-pandemia","13":"tag-toque-de-recolher"},"_links":{"self":[{"href":"https:\/\/senoticias.com.br\/se\/wp-json\/wp\/v2\/posts\/127581"}],"collection":[{"href":"https:\/\/senoticias.com.br\/se\/wp-json\/wp\/v2\/posts"}],"about":[{"href":"https:\/\/senoticias.com.br\/se\/wp-json\/wp\/v2\/types\/post"}],"author":[{"embeddable":true,"href":"https:\/\/senoticias.com.br\/se\/wp-json\/wp\/v2\/users\/6552"}],"replies":[{"embeddable":true,"href":"https:\/\/senoticias.com.br\/se\/wp-json\/wp\/v2\/comments?post=127581"}],"version-history":[{"count":0,"href":"https:\/\/senoticias.com.br\/se\/wp-json\/wp\/v2\/posts\/127581\/revisions"}],"wp:featuredmedia":[{"embeddable":true,"href":"https:\/\/senoticias.com.br\/se\/wp-json\/wp\/v2\/media\/127583"}],"wp:attachment":[{"href":"https:\/\/senoticias.com.br\/se\/wp-json\/wp\/v2\/media?parent=127581"}],"wp:term":[{"taxonomy":"category","embeddable":true,"href":"https:\/\/senoticias.com.br\/se\/wp-json\/wp\/v2\/categories?post=127581"},{"taxonomy":"post_tag","embeddable":true,"href":"https:\/\/senoticias.com.br\/se\/wp-json\/wp\/v2\/tags?post=127581"}],"curies":[{"name":"wp","href":"https:\/\/api.w.org\/{rel}","templated":true}]}}