{"id":127566,"date":"2021-04-14T19:01:29","date_gmt":"2021-04-14T22:01:29","guid":{"rendered":"https:\/\/senoticias.com.br\/se\/?p=127566"},"modified":"2021-04-14T19:01:54","modified_gmt":"2021-04-14T22:01:54","slug":"stf-determina-instalacao-da-cpi-da-covid-pelo-senado-por-dez-votos-a-um","status":"publish","type":"post","link":"https:\/\/senoticias.com.br\/se\/stf-determina-instalacao-da-cpi-da-covid-pelo-senado-por-dez-votos-a-um\/","title":{"rendered":"STF determina instala\u00e7\u00e3o da CPI da Covid pelo Senado, por dez votos a um"},"content":{"rendered":"\n<p>O Plen\u00e1rio do Supremo Tribunal Federal (STF) determinou, por dez votos a um, a instala\u00e7\u00e3o da CPI da Covid. A corte manteve uma decis\u00e3o do ministro Lu\u00eds Roberto Barroso, dada na \u00faltima quinta-feira (8), que obrigou o presidente do Senado, Rodrigo Pacheco (DEM-MG) a instalar os trabalhos.<\/p>\n\n\n\n<figure class=\"wp-block-image size-large\"><img decoding=\"async\" src=\"https:\/\/senoticias.com.br\/se\/wp-content\/uploads\/2021\/04\/STF-SE-Noticias.jpeg\" alt=\"\" class=\"wp-image-127567\"\/><figcaption>Fachada do STF durante a noite: corte deve definir destino da Lei de Seguran\u00e7a Nacional &#8211; Foto: Flickr<\/figcaption><\/figure>\n\n\n\n<p>A corte parece ter entrado em um consenso antes do julgamento, pois o presidente n\u00e3o colheu nenhum voto dos ministros, apontando para uma unanimidade de votos. Apenas o decano da corte, Marco Aur\u00e9lio Mello, que criticou a celeridade da decis\u00e3o. Para Marco Aur\u00e9lio, a decis\u00e3o teria de ser encaminhada ao colegiado, e n\u00e3o decidido por um ministro em liminar. O ministro Gilmar Mendes indicou concord\u00e2ncia com o decano.<\/p>\n\n\n\n<p>Ao defender a liminar que deu na semana passada, Barroso disse que a decis\u00e3o poderia ter sido julgada j\u00e1 \u00e0quela \u00e9poca \u2013 mas que, por conta da agenda apertada de julgamentos da corte, teria de ficar 15 dias sem ser apresentada. A decis\u00e3o da liminar foi acordada com o presidente da corte, Luiz Fux.<\/p>\n\n\n\n<p>Em seu voto, o ministro disse que \u00e9 o papel de controle pol\u00edtico &#8220;quando se trata de proteger garantias de \u00edndole constitucional&#8221;, o que seria o caso da atua\u00e7\u00e3o do STF no caso. &#8220;CPIs s\u00e3o na verdade direito constitucional das minorias parlamentares, e n\u00e3o podem ser obstadas pelo presidente&#8221;, definiu.<\/p>\n\n\n\n<p>Para o ministro, a CPI n\u00e3o tem fun\u00e7\u00e3o apenas de investigar coisas erradas, mas de fazer diagn\u00f3sticos dos problemas e apontar solu\u00e7\u00f5es. &#8220;Ali\u00e1s, neste momento brasileiro, este papel construtivo e propositivo \u00e9 o mais necess\u00e1rio&#8221;, argumentou.<\/p>\n\n\n\n<p>A decis\u00e3o da corte j\u00e1 foi cumprida pela Casa legislativa. Nesta ter\u00e7a-feira (13),Pacheco anunciou a abertura da comiss\u00e3o parlamentar com foco em omiss\u00f5es do governo federal no combate \u00e0 pandemia, assim como na crime de insumos no estado do Amazonas no come\u00e7o do ano. Barroso elogiou a decis\u00e3o de Pacheco de cumprir a decis\u00e3o, com &#8220;eleg\u00e2ncia&#8221;.<\/p>\n\n\n\n<p>Como outra CPI, de escopo mais amplo e com o apoio do presidente Jair Bolsonaro, tamb\u00e9m conseguiu assinaturas suficientes, Pacheco anexou parte desta \u00e0 primeira proposta \u2013 que agora tamb\u00e9m passar\u00e1 a investigar o repasse da Uni\u00e3o a estados, munic\u00edpios e o Distrito Federal, assim como seu uso.<\/p>\n\n\n\n<p>Desde a decis\u00e3o monocr\u00e1tica dada na \u00faltima semana, o presidente Bolsonaro tem feito seguidas cr\u00edticas e ataques aos ministros da suprema corte: no dia seguinte \u00e0 decis\u00e3o de Barroso, acusou o ministro de fazer &#8220;politicalha&#8221;. No final de semana, conversou com o senador Jorge Kajuru (Cidadania-GO) e disse que o Senado n\u00e3o apenas deveria ampliar a investiga\u00e7\u00e3o como tamb\u00e9m deveria pressionar pelo impeachment do ministro do STF Alexandre de Moraes.<\/p>\n\n\n\n<p><em>Quer receber as principais not\u00edcias do&nbsp;<strong>SE Not\u00edcias<\/strong>&nbsp;no seu&nbsp;<strong>WhatsApp?<\/strong>&nbsp;<strong><a href=\"https:\/\/api.whatsapp.com\/send?phone=5579991715289\">Clique aqui<\/a><\/strong>.<\/em><\/p>\n\n\n\n<p><strong><em>Acompanhe tamb\u00e9m o SE Not\u00edcias no\u00a0<a rel=\"noreferrer noopener\" href=\"https:\/\/twitter.com\/Senoticias\" target=\"_blank\">Twitter<\/a>,\u00a0<a rel=\"noreferrer noopener\" href=\"https:\/\/www.facebook.com\/senoticias1\" target=\"_blank\">Facebook<\/a>\u00a0e no\u00a0<a rel=\"noreferrer noopener\" href=\"https:\/\/www.instagram.com\/senoticias\/\" target=\"_blank\">Instagram<\/a><\/em><\/strong><\/p>\n\n\n\n<p>Fonte: Congresso Em Foco<\/p>\n","protected":false},"excerpt":{"rendered":"<p>O Plen\u00e1rio do Supremo Tribunal Federal (STF) determinou, por dez votos a um, a instala\u00e7\u00e3o da CPI da Covid. A corte manteve uma decis\u00e3o do ministro Lu\u00eds Roberto Barroso, dada na \u00faltima quinta-feira (8), que obrigou o presidente do Senado, Rodrigo Pacheco (DEM-MG) a instalar os trabalhos. A corte parece ter entrado em um consenso [&hellip;]<\/p>\n","protected":false},"author":6552,"featured_media":127567,"comment_status":"closed","ping_status":"closed","sticky":false,"template":"","format":"standard","meta":{"footnotes":""},"categories":[15,6],"tags":[16934,16259,8255,836,5785],"class_list":{"0":"post-127566","1":"post","2":"type-post","3":"status-publish","4":"format-standard","5":"has-post-thumbnail","7":"category-destaques","8":"category-politica","9":"tag-cpi-da-covid","10":"tag-rodrigo-pacheco","11":"tag-senado-federal","12":"tag-stf","13":"tag-supremo-tribunal-federal"},"_links":{"self":[{"href":"https:\/\/senoticias.com.br\/se\/wp-json\/wp\/v2\/posts\/127566"}],"collection":[{"href":"https:\/\/senoticias.com.br\/se\/wp-json\/wp\/v2\/posts"}],"about":[{"href":"https:\/\/senoticias.com.br\/se\/wp-json\/wp\/v2\/types\/post"}],"author":[{"embeddable":true,"href":"https:\/\/senoticias.com.br\/se\/wp-json\/wp\/v2\/users\/6552"}],"replies":[{"embeddable":true,"href":"https:\/\/senoticias.com.br\/se\/wp-json\/wp\/v2\/comments?post=127566"}],"version-history":[{"count":0,"href":"https:\/\/senoticias.com.br\/se\/wp-json\/wp\/v2\/posts\/127566\/revisions"}],"wp:featuredmedia":[{"embeddable":true,"href":"https:\/\/senoticias.com.br\/se\/wp-json\/wp\/v2\/media\/127567"}],"wp:attachment":[{"href":"https:\/\/senoticias.com.br\/se\/wp-json\/wp\/v2\/media?parent=127566"}],"wp:term":[{"taxonomy":"category","embeddable":true,"href":"https:\/\/senoticias.com.br\/se\/wp-json\/wp\/v2\/categories?post=127566"},{"taxonomy":"post_tag","embeddable":true,"href":"https:\/\/senoticias.com.br\/se\/wp-json\/wp\/v2\/tags?post=127566"}],"curies":[{"name":"wp","href":"https:\/\/api.w.org\/{rel}","templated":true}]}}