{"id":127549,"date":"2021-04-13T19:36:23","date_gmt":"2021-04-13T22:36:23","guid":{"rendered":"https:\/\/senoticias.com.br\/se\/?p=127549"},"modified":"2021-04-13T21:20:40","modified_gmt":"2021-04-14T00:20:40","slug":"aprovados-no-concurso-da-barra-dos-coqueiros-devem-ser-convocados-em-maio-diz-prefeito","status":"publish","type":"post","link":"https:\/\/senoticias.com.br\/se\/aprovados-no-concurso-da-barra-dos-coqueiros-devem-ser-convocados-em-maio-diz-prefeito\/","title":{"rendered":"Aprovados no concurso da Barra dos Coqueiros devem ser convocados em maio, diz prefeito"},"content":{"rendered":"\n<p>O prefeito Alberto Macedo homologou na manh\u00e3 desta ter\u00e7a-feira, 13 de abril, o resultado final e a classifica\u00e7\u00e3o dos aprovados no concurso p\u00fablico da Prefeitura de Barra dos Coqueiros. A divulga\u00e7\u00e3o do resultado e da classifica\u00e7\u00e3o obedece todos os crit\u00e9rios estabelecidos no edital do concurso.<\/p>\n\n\n\n<p>O certame aconteceu em novembro de 2020 e foi organizado pela Cebraspe, ofertando 583 vagas para os n\u00edveis fundamental, m\u00e9dio e superior.<\/p>\n\n\n\n<p>O resultado final e a classifica\u00e7\u00e3o dos aprovados j\u00e1 est\u00e1 dispon\u00edvel no Di\u00e1rio Oficial do Munic\u00edpio, atrav\u00e9s do link:<a href=\"https:\/\/www.barradoscoqueiros.se.gov.br\/\"> <strong>www.barradoscoqueiros.se.gov.br<\/strong><\/a>.<\/p>\n\n\n\n<div class=\"wp-block-image\"><figure class=\"alignleft size-large\"><img loading=\"lazy\" decoding=\"async\" width=\"300\" height=\"168\" src=\"https:\/\/senoticias.com.br\/se\/wp-content\/uploads\/2021\/04\/Concurso-da-Barra-dos-Coqueiros-SE-Noticias.jpeg\" alt=\"\" class=\"wp-image-127550\"\/><figcaption>Apesar de algumas den\u00fancias de descumprimento das medidas sanit\u00e1rias, o concurso est\u00e1 mantido &#8211; Foto: arquivo\/PMBC<\/figcaption><\/figure><\/div>\n\n\n\n<p>Agora \u00e9 s\u00f3 aguardar os pr\u00f3ximos passos: convoca\u00e7\u00e3o, a partir do dia 02 de maio; treinamento; e nomea\u00e7\u00e3o dos aprovados.<\/p>\n\n\n\n<p>A comiss\u00e3o organizadora do concurso justificou que os registros de aglomera\u00e7\u00e3o ocorreram porque alguns candidatos chegaram antes do hor\u00e1rio, e a dificuldade de encontrar as salas foi sanada a tempo de n\u00e3o prejudicar nenhum candidato pela manh\u00e3. E todas as medidas de seguran\u00e7a sanit\u00e1ria foram tomadas para que as provas fossem realizadas dentro dos protocolos sanit\u00e1rios estabelecidos pela Secretaria de Estado da Sa\u00fade (SES).<\/p>\n\n\n\n<p>Mais de 77 mil pessoas se inscreveram para o concurso. Ao todo, estavam dispon\u00edveis 586 vagas de n\u00edveis fundamental, m\u00e9dio e superior, al\u00e9m do cadastro de reserva. As provas foram aplicadas nos turnos da manh\u00e3 e da tarde em 19 munic\u00edpios do estado.<\/p>\n\n\n\n<p><em>Quer receber as principais not\u00edcias do&nbsp;<strong>SE Not\u00edcias<\/strong>&nbsp;no seu&nbsp;<strong>WhatsApp?<\/strong>&nbsp;<strong><a href=\"https:\/\/api.whatsapp.com\/send?phone=5579991715289\">Clique aqui<\/a><\/strong>.<\/em><\/p>\n\n\n\n<p><strong><em>Acompanhe tamb\u00e9m o SE Not\u00edcias no&nbsp;<a rel=\"noreferrer noopener\" href=\"https:\/\/twitter.com\/Senoticias\" target=\"_blank\">Twitter<\/a>,&nbsp;<a rel=\"noreferrer noopener\" href=\"https:\/\/www.facebook.com\/senoticias1\" target=\"_blank\">Facebook<\/a>&nbsp;e no&nbsp;<a rel=\"noreferrer noopener\" href=\"https:\/\/www.instagram.com\/senoticias\/\" target=\"_blank\">Instagram<\/a><\/em><\/strong><\/p>\n\n\n\n<p>Fonte: PMBC e <strong><a href=\"https:\/\/g1.globo.com\/se\/sergipe\/noticia\/2021\/04\/13\/aprovados-no-concurso-da-barra-dos-coqueiros-devem-ser-convocados-em-maio-diz-prefeito.ghtml\">G1<\/a><\/strong> SE<\/p>\n","protected":false},"excerpt":{"rendered":"<p>O prefeito Alberto Macedo homologou na manh\u00e3 desta ter\u00e7a-feira, 13 de abril, o resultado final e a classifica\u00e7\u00e3o dos aprovados no concurso p\u00fablico da Prefeitura de Barra dos Coqueiros. A divulga\u00e7\u00e3o do resultado e da classifica\u00e7\u00e3o obedece todos os crit\u00e9rios estabelecidos no edital do concurso. O certame aconteceu em novembro de 2020 e foi organizado [&hellip;]<\/p>\n","protected":false},"author":6552,"featured_media":0,"comment_status":"closed","ping_status":"closed","sticky":false,"template":"","format":"standard","meta":{"footnotes":""},"categories":[9,15],"tags":[3141,15734],"class_list":{"0":"post-127549","1":"post","2":"type-post","3":"status-publish","4":"format-standard","6":"category-concursos","7":"category-destaques","8":"tag-barra-dos-coqueiros","9":"tag-concurso-da-barra-dos-coqueiros"},"_links":{"self":[{"href":"https:\/\/senoticias.com.br\/se\/wp-json\/wp\/v2\/posts\/127549"}],"collection":[{"href":"https:\/\/senoticias.com.br\/se\/wp-json\/wp\/v2\/posts"}],"about":[{"href":"https:\/\/senoticias.com.br\/se\/wp-json\/wp\/v2\/types\/post"}],"author":[{"embeddable":true,"href":"https:\/\/senoticias.com.br\/se\/wp-json\/wp\/v2\/users\/6552"}],"replies":[{"embeddable":true,"href":"https:\/\/senoticias.com.br\/se\/wp-json\/wp\/v2\/comments?post=127549"}],"version-history":[{"count":0,"href":"https:\/\/senoticias.com.br\/se\/wp-json\/wp\/v2\/posts\/127549\/revisions"}],"wp:attachment":[{"href":"https:\/\/senoticias.com.br\/se\/wp-json\/wp\/v2\/media?parent=127549"}],"wp:term":[{"taxonomy":"category","embeddable":true,"href":"https:\/\/senoticias.com.br\/se\/wp-json\/wp\/v2\/categories?post=127549"},{"taxonomy":"post_tag","embeddable":true,"href":"https:\/\/senoticias.com.br\/se\/wp-json\/wp\/v2\/tags?post=127549"}],"curies":[{"name":"wp","href":"https:\/\/api.w.org\/{rel}","templated":true}]}}