{"id":127523,"date":"2021-04-12T18:05:55","date_gmt":"2021-04-12T21:05:55","guid":{"rendered":"https:\/\/senoticias.com.br\/se\/?p=127523"},"modified":"2021-04-12T18:13:06","modified_gmt":"2021-04-12T21:13:06","slug":"127523-2","status":"publish","type":"post","link":"https:\/\/senoticias.com.br\/se\/127523-2\/","title":{"rendered":"Pol\u00edcia Rodovi\u00e1ria Federal apreende mais de 70 Kg de coca\u00edna em S\u00e3o Crist\u00f3v\u00e3o; droga geraria lucro de R$ 11 milh\u00f5es"},"content":{"rendered":"\n<p>A Pol\u00edcia Rodovi\u00e1ria Federal (PRF) apreendeu, no final da manh\u00e3 de hoje, 12, um carregamento de <strong>cloridrato de coca\u00edna<\/strong>, al\u00e9m de muni\u00e7\u00f5es e <strong>uma pistola <\/strong>em um autom\u00f3vel de passeio.<\/p>\n\n\n\n<figure class=\"wp-block-image size-large\"><img decoding=\"async\" src=\"https:\/\/senoticias.com.br\/se\/wp-content\/uploads\/2021\/04\/Drogas-SE-Noticias.jpeg\" alt=\"\" class=\"wp-image-127524\"\/><figcaption>A a\u00e7\u00e3o aconteceu no km 102 da BR-101, munic\u00edpio de S\u00e3o Crist\u00f3v\u00e3o &#8211; Foto: PRF\/SE<\/figcaption><\/figure>\n\n\n\n<p>Em a\u00e7\u00e3o de fiscaliza\u00e7\u00e3o, uma equipe do <strong>Comando de Opera\u00e7\u00f5es Especiais<\/strong> do \u00d3rg\u00e3o deu ordem de parada ao condutor de uma <strong>GM\/Zafira, com placas da Bahia<\/strong>. Durante a abordagem, o motorista se mostrou bastante nervoso, e os policiais iniciaram uma vistoria mais detalhada no ve\u00edculo. Eles localizaram um fundo falso com mecanismo eletr\u00f4nico de abertura e, em seu interior, encontraram <strong>69 tabletes de cloridrato de coca\u00edna<\/strong>, totalizando <strong>71,36 kg da droga<\/strong>. Tamb\u00e9m encontraram 246 muni\u00e7\u00f5es de variados calibres e <strong>uma pistola 9mm, inserida em um kit que a transformava em submetralhadora, ou seja, que lhe permitia atirar em rajada.<\/strong><\/p>\n\n\n\n<p>O<strong> motorista <\/strong>alegou que receberia <strong>R$ 5 mil<\/strong> pelo transporte do il\u00edcito, de Guarulhos\/SP at\u00e9 a capital sergipana. Ele foi detido e encaminhado \u00e0 sede da Pol\u00edcia Federal, em Aracaju, juntamente com a arma, as muni\u00e7\u00f5es e a droga. Com essa apreens\u00e3o, estima-se que o preju\u00edzo causado ao narcotr\u00e1fico seja de<strong> aproximadamente R$ 11 milh\u00f5es<\/strong>.<\/p>\n\n\n\n<p><em>Quer receber as principais not\u00edcias do&nbsp;<strong>SE Not\u00edcias<\/strong>&nbsp;no seu&nbsp;<strong>WhatsApp?<\/strong>&nbsp;<strong><a href=\"https:\/\/api.whatsapp.com\/send?phone=5579991715289\">Clique aqui<\/a><\/strong>.<\/em><\/p>\n\n\n\n<p><strong><em>Acompanhe tamb\u00e9m o SE Not\u00edcias no\u00a0<a rel=\"noreferrer noopener\" href=\"https:\/\/twitter.com\/Senoticias\" target=\"_blank\">Twitter<\/a>,\u00a0<a rel=\"noreferrer noopener\" href=\"https:\/\/www.facebook.com\/senoticias1\" target=\"_blank\">Facebook<\/a>\u00a0e no\u00a0<a rel=\"noreferrer noopener\" href=\"https:\/\/www.instagram.com\/senoticias\/\" target=\"_blank\">Instagram<\/a><\/em><\/strong><\/p>\n\n\n\n<p>Fonte: PRF\/SE<\/p>\n","protected":false},"excerpt":{"rendered":"<p>A Pol\u00edcia Rodovi\u00e1ria Federal (PRF) apreendeu, no final da manh\u00e3 de hoje, 12, um carregamento de cloridrato de coca\u00edna, al\u00e9m de muni\u00e7\u00f5es e uma pistola em um autom\u00f3vel de passeio. Em a\u00e7\u00e3o de fiscaliza\u00e7\u00e3o, uma equipe do Comando de Opera\u00e7\u00f5es Especiais do \u00d3rg\u00e3o deu ordem de parada ao condutor de uma GM\/Zafira, com placas da [&hellip;]<\/p>\n","protected":false},"author":6552,"featured_media":127524,"comment_status":"closed","ping_status":"closed","sticky":false,"template":"","format":"standard","meta":{"footnotes":""},"categories":[15,7],"tags":[12459,3721,4155,77,335],"class_list":{"0":"post-127523","1":"post","2":"type-post","3":"status-publish","4":"format-standard","5":"has-post-thumbnail","7":"category-destaques","8":"category-policia","9":"tag-drogas-apreendidas","10":"tag-pistola","11":"tag-policia-rodoviaria-federal","12":"tag-prf","13":"tag-sao-cristovao"},"_links":{"self":[{"href":"https:\/\/senoticias.com.br\/se\/wp-json\/wp\/v2\/posts\/127523"}],"collection":[{"href":"https:\/\/senoticias.com.br\/se\/wp-json\/wp\/v2\/posts"}],"about":[{"href":"https:\/\/senoticias.com.br\/se\/wp-json\/wp\/v2\/types\/post"}],"author":[{"embeddable":true,"href":"https:\/\/senoticias.com.br\/se\/wp-json\/wp\/v2\/users\/6552"}],"replies":[{"embeddable":true,"href":"https:\/\/senoticias.com.br\/se\/wp-json\/wp\/v2\/comments?post=127523"}],"version-history":[{"count":0,"href":"https:\/\/senoticias.com.br\/se\/wp-json\/wp\/v2\/posts\/127523\/revisions"}],"wp:featuredmedia":[{"embeddable":true,"href":"https:\/\/senoticias.com.br\/se\/wp-json\/wp\/v2\/media\/127524"}],"wp:attachment":[{"href":"https:\/\/senoticias.com.br\/se\/wp-json\/wp\/v2\/media?parent=127523"}],"wp:term":[{"taxonomy":"category","embeddable":true,"href":"https:\/\/senoticias.com.br\/se\/wp-json\/wp\/v2\/categories?post=127523"},{"taxonomy":"post_tag","embeddable":true,"href":"https:\/\/senoticias.com.br\/se\/wp-json\/wp\/v2\/tags?post=127523"}],"curies":[{"name":"wp","href":"https:\/\/api.w.org\/{rel}","templated":true}]}}