{"id":127483,"date":"2021-04-10T12:54:20","date_gmt":"2021-04-10T15:54:20","guid":{"rendered":"https:\/\/senoticias.com.br\/se\/?p=127483"},"modified":"2021-04-10T14:21:24","modified_gmt":"2021-04-10T17:21:24","slug":"governo-de-sergipe-distribui-nova-remessa-de-vacinas-para-os-municipios-neste-sabado-e-amplia-grupos-prioritarios","status":"publish","type":"post","link":"https:\/\/senoticias.com.br\/se\/governo-de-sergipe-distribui-nova-remessa-de-vacinas-para-os-municipios-neste-sabado-e-amplia-grupos-prioritarios\/","title":{"rendered":"Governo de Sergipe distribui nova remessa de vacinas para os munic\u00edpios neste s\u00e1bado e amplia grupos priorit\u00e1rios"},"content":{"rendered":"\n<p>Sergipe recebeu nesta sexta, 09, mais um lote de vacinas contra a Covid-19. A remessa conta com 22.750 doses da Astrazeneca e 18 mil da Coronavac, totalizando 40.750 doses. &nbsp;A log\u00edstica de distribui\u00e7\u00e3o da Secretaria de Estado da Sa\u00fade (SES) acelerou o processo e, em menos de 24 horas, as vacinas ser\u00e3o distribu\u00eddas para as cinco regionais de sa\u00fade para que os munic\u00edpios possam, imediatamente, retirar as suas doses.<\/p>\n\n\n\n<figure class=\"wp-block-image size-large\"><img loading=\"lazy\" decoding=\"async\" width=\"605\" height=\"403\" src=\"https:\/\/senoticias.com.br\/se\/wp-content\/uploads\/2021\/04\/Vacinas-conta-a-Covid19-SE-Noticias.jpeg\" alt=\"\" class=\"wp-image-127484\" srcset=\"https:\/\/senoticias.com.br\/se\/wp-content\/uploads\/2021\/04\/Vacinas-conta-a-Covid19-SE-Noticias.jpeg 605w, https:\/\/senoticias.com.br\/se\/wp-content\/uploads\/2021\/04\/Vacinas-conta-a-Covid19-SE-Noticias-300x200.jpeg 300w, https:\/\/senoticias.com.br\/se\/wp-content\/uploads\/2021\/04\/Vacinas-conta-a-Covid19-SE-Noticias-90x60.jpeg 90w, https:\/\/senoticias.com.br\/se\/wp-content\/uploads\/2021\/04\/Vacinas-conta-a-Covid19-SE-Noticias-180x120.jpeg 180w, https:\/\/senoticias.com.br\/se\/wp-content\/uploads\/2021\/04\/Vacinas-conta-a-Covid19-SE-Noticias-95x64.jpeg 95w\" sizes=\"(max-width: 605px) 100vw, 605px\" \/><figcaption>Novas doses ser\u00e3o distribu\u00eddas para as cinco regionais de sa\u00fade em menos de 24 horas ap\u00f3s o recebimento &#8211; Foto: SES<\/figcaption><\/figure>\n\n\n\n<p>Com essa nova remessa ser\u00e1 poss\u00edvel ampliar a vacina\u00e7\u00e3o para idosos de 65 e 66 anos, primeira dose para profissionais das for\u00e7as de seguran\u00e7a e salvamento e segunda dose para idosos e trabalhadores da sa\u00fade. A remessa de vacinas ser\u00e1 destinada tamb\u00e9m para pessoas com\u00a0<strong><a href=\"https:\/\/senoticias.com.br\/se\/sergipe-antecipa-a-vacinacao-de-autistas-e-pessoas-com-sindrome-de-down-contra-a-covid-19\/\">S\u00edndrome de Down e autistas<\/a><\/strong>, a partir dos 18 anos.\u00a0<\/p>\n\n\n\n<p>A secret\u00e1ria da Sa\u00fade, M\u00e9rcia Feitosa, destaca a log\u00edstica da SES na distribui\u00e7\u00e3o de vacinas. \u201cEstamos dando prioridade m\u00e1xima \u00e0 distribui\u00e7\u00e3o de imunizantes aos munic\u00edpios no menor espa\u00e7o de tempo poss\u00edvel. J\u00e1 pactuamos com os gestores municipais que, assim que as doses chegam, devem ser aplicadas em at\u00e9 uma semana. Tudo para que a gente possa vacinar o m\u00e1ximo de pessoas com o que temos dispon\u00edvel, no menor espa\u00e7o de tempo\u201d, destacou.<\/p>\n\n\n\n<p>Este \u00e9 o 12\u00ba lote de vacinas enviadas pelo Minist\u00e9rio da Sa\u00fade. Desde o dia 18 de janeiro os imunizantes come\u00e7aram a chegar a Sergipe, totalizando 399.680 doses. Com mais essa remessa, o estado passa a contar com 440.430 doses.<\/p>\n\n\n\n<p><em>Quer receber as principais not\u00edcias do&nbsp;<strong>SE Not\u00edcias<\/strong>&nbsp;no seu&nbsp;<strong>WhatsApp?<\/strong>&nbsp;<strong><a href=\"https:\/\/api.whatsapp.com\/send?phone=5579991715289\">Clique aqui<\/a><\/strong>.<\/em><\/p>\n\n\n\n<p><strong><em>Acompanhe tamb\u00e9m o SE Not\u00edcias no\u00a0<a rel=\"noreferrer noopener\" href=\"https:\/\/twitter.com\/Senoticias\" target=\"_blank\">Twitter<\/a>,\u00a0<a rel=\"noreferrer noopener\" href=\"https:\/\/www.facebook.com\/senoticias1\" target=\"_blank\">Facebook<\/a>\u00a0e no\u00a0<a rel=\"noreferrer noopener\" href=\"https:\/\/www.instagram.com\/senoticias\/\" target=\"_blank\">Instagram<\/a><\/em><\/strong><\/p>\n\n\n\n<p>Fonte: Ag\u00eancia Sergipe de Not\u00edcias<\/p>\n","protected":false},"excerpt":{"rendered":"<p>Sergipe recebeu nesta sexta, 09, mais um lote de vacinas contra a Covid-19. A remessa conta com 22.750 doses da Astrazeneca e 18 mil da Coronavac, totalizando 40.750 doses. &nbsp;A log\u00edstica de distribui\u00e7\u00e3o da Secretaria de Estado da Sa\u00fade (SES) acelerou o processo e, em menos de 24 horas, as vacinas ser\u00e3o distribu\u00eddas para as [&hellip;]<\/p>\n","protected":false},"author":6552,"featured_media":0,"comment_status":"closed","ping_status":"closed","sticky":false,"template":"","format":"standard","meta":{"footnotes":""},"categories":[15,6,1],"tags":[448,14369,16905,3994],"class_list":{"0":"post-127483","1":"post","2":"type-post","3":"status-publish","4":"format-standard","6":"category-destaques","7":"category-politica","8":"category-sem-categoria","9":"tag-governo-de-sergipe","10":"tag-pandemia","11":"tag-vacina-contra-covid19","12":"tag-vacinas"},"_links":{"self":[{"href":"https:\/\/senoticias.com.br\/se\/wp-json\/wp\/v2\/posts\/127483"}],"collection":[{"href":"https:\/\/senoticias.com.br\/se\/wp-json\/wp\/v2\/posts"}],"about":[{"href":"https:\/\/senoticias.com.br\/se\/wp-json\/wp\/v2\/types\/post"}],"author":[{"embeddable":true,"href":"https:\/\/senoticias.com.br\/se\/wp-json\/wp\/v2\/users\/6552"}],"replies":[{"embeddable":true,"href":"https:\/\/senoticias.com.br\/se\/wp-json\/wp\/v2\/comments?post=127483"}],"version-history":[{"count":0,"href":"https:\/\/senoticias.com.br\/se\/wp-json\/wp\/v2\/posts\/127483\/revisions"}],"wp:attachment":[{"href":"https:\/\/senoticias.com.br\/se\/wp-json\/wp\/v2\/media?parent=127483"}],"wp:term":[{"taxonomy":"category","embeddable":true,"href":"https:\/\/senoticias.com.br\/se\/wp-json\/wp\/v2\/categories?post=127483"},{"taxonomy":"post_tag","embeddable":true,"href":"https:\/\/senoticias.com.br\/se\/wp-json\/wp\/v2\/tags?post=127483"}],"curies":[{"name":"wp","href":"https:\/\/api.w.org\/{rel}","templated":true}]}}