{"id":127474,"date":"2021-04-09T18:38:31","date_gmt":"2021-04-09T21:38:31","guid":{"rendered":"https:\/\/senoticias.com.br\/se\/?p=127474"},"modified":"2021-04-09T18:39:39","modified_gmt":"2021-04-09T21:39:39","slug":"sergipe-antecipa-a-vacinacao-de-autistas-e-pessoas-com-sindrome-de-down-contra-a-covid-19","status":"publish","type":"post","link":"https:\/\/senoticias.com.br\/se\/sergipe-antecipa-a-vacinacao-de-autistas-e-pessoas-com-sindrome-de-down-contra-a-covid-19\/","title":{"rendered":"Sergipe antecipa a vacina\u00e7\u00e3o de autistas e pessoas com S\u00edndrome de Down contra a Covid-19"},"content":{"rendered":"\n<p>A vacina\u00e7\u00e3o em pessoas com autismo e S\u00edndrome de Down est\u00e1 na lista de prioridades do Governo do Estado, em virtude da maior vulnerabilidade ao cont\u00e1gio da Covid-19. Em reuni\u00e3o extraordin\u00e1ria com Conselho de Secret\u00e1rios Municipais de Sa\u00fade, a secret\u00e1ria de Estado da Sa\u00fade, M\u00e9rcia Feitosa, pactuou com os munic\u00edpios a antecipa\u00e7\u00e3o da vacina contra a Covid-19 para as pessoas com idade a partir dos 18 anos desses dois grupos (autismo e S\u00edndrome de Down).<\/p>\n\n\n\n<figure class=\"wp-block-image size-large\"><img loading=\"lazy\" decoding=\"async\" width=\"571\" height=\"380\" src=\"https:\/\/senoticias.com.br\/se\/wp-content\/uploads\/2021\/04\/34228.jpeg\" alt=\"\" class=\"wp-image-127475\" srcset=\"https:\/\/senoticias.com.br\/se\/wp-content\/uploads\/2021\/04\/34228.jpeg 571w, https:\/\/senoticias.com.br\/se\/wp-content\/uploads\/2021\/04\/34228-300x200.jpeg 300w, https:\/\/senoticias.com.br\/se\/wp-content\/uploads\/2021\/04\/34228-90x60.jpeg 90w, https:\/\/senoticias.com.br\/se\/wp-content\/uploads\/2021\/04\/34228-180x120.jpeg 180w, https:\/\/senoticias.com.br\/se\/wp-content\/uploads\/2021\/04\/34228-95x64.jpeg 95w\" sizes=\"(max-width: 571px) 100vw, 571px\" \/><figcaption>A vacina\u00e7\u00e3o em pessoas com autismo e S\u00edndrome de Down est\u00e1 na lista de prioridades do Governo do Estado &#8211; Renn\u00ea Carvalho\/PMN<\/figcaption><\/figure>\n\n\n\n<p>A ideia \u00e9 iniciar a vacina\u00e7\u00e3o desse grupo j\u00e1 a partir da pr\u00f3xima semana. \u201cCom a chegada de mais vacinas, nesta sexta-feira, vamos utilizar a reserva t\u00e9cnica para aplicar nessa popula\u00e7\u00e3o. Ou seja, n\u00e3o iremos mexer no quantitativo de primeira e segunda doses descrito pelo Minist\u00e9rio da Sa\u00fade e sim da reserva t\u00e9cnica. Com a antecipa\u00e7\u00e3o da vacina, a gente reconhecendo assim, o maior risco de agravamento e \u00f3bito nessas pessoas pela infec\u00e7\u00e3o da Covid-19\u201d, disse M\u00e9rcia Feitosa.<\/p>\n\n\n\n<p>A secret\u00e1ria de Sa\u00fade solicitou aos representantes dos munic\u00edpios agilidade no levantamento de informa\u00e7\u00f5es sobre quantitativo da popula\u00e7\u00e3o com S\u00edndrome de Down e autismo.<\/p>\n\n\n\n<p>\u201cN\u00f3s enviamos um formul\u00e1rio eletr\u00f4nico para os munic\u00edpios. Precisamos saber quantas pessoas temos com autismo e com a S\u00edndrome para que possamos enviar os imunizantes\u201d, disse a secret\u00e1ria.<\/p>\n\n\n\n<p><em>Quer receber as principais not\u00edcias do&nbsp;<strong>SE Not\u00edcias<\/strong>&nbsp;no seu&nbsp;<strong>WhatsApp?<\/strong>&nbsp;<strong><a href=\"https:\/\/api.whatsapp.com\/send?phone=5579991715289\">Clique aqui<\/a><\/strong>.<\/em><\/p>\n\n\n\n<p><strong><em>Acompanhe tamb\u00e9m o SE Not\u00edcias no\u00a0<a rel=\"noreferrer noopener\" href=\"https:\/\/twitter.com\/Senoticias\" target=\"_blank\">Twitter<\/a>,\u00a0<a rel=\"noreferrer noopener\" href=\"https:\/\/www.facebook.com\/senoticias1\" target=\"_blank\">Facebook<\/a>\u00a0e no\u00a0<a rel=\"noreferrer noopener\" href=\"https:\/\/www.instagram.com\/senoticias\/\" target=\"_blank\">Instagram<\/a><\/em><\/strong><\/p>\n\n\n\n<p>Fonte: Ag\u00eancia Sergipe de Not\u00edcias<\/p>\n","protected":false},"excerpt":{"rendered":"<p>A vacina\u00e7\u00e3o em pessoas com autismo e S\u00edndrome de Down est\u00e1 na lista de prioridades do Governo do Estado, em virtude da maior vulnerabilidade ao cont\u00e1gio da Covid-19. Em reuni\u00e3o extraordin\u00e1ria com Conselho de Secret\u00e1rios Municipais de Sa\u00fade, a secret\u00e1ria de Estado da Sa\u00fade, M\u00e9rcia Feitosa, pactuou com os munic\u00edpios a antecipa\u00e7\u00e3o da vacina contra [&hellip;]<\/p>\n","protected":false},"author":6552,"featured_media":0,"comment_status":"closed","ping_status":"closed","sticky":false,"template":"","format":"standard","meta":{"footnotes":""},"categories":[15,6],"tags":[14279,544,14369,2542,16904],"class_list":{"0":"post-127474","1":"post","2":"type-post","3":"status-publish","4":"format-standard","6":"category-destaques","7":"category-politica","8":"tag-covid19","9":"tag-ministerio-da-saude","10":"tag-pandemia","11":"tag-sindrome-de-down","12":"tag-vacinacao-de-autistas"},"_links":{"self":[{"href":"https:\/\/senoticias.com.br\/se\/wp-json\/wp\/v2\/posts\/127474"}],"collection":[{"href":"https:\/\/senoticias.com.br\/se\/wp-json\/wp\/v2\/posts"}],"about":[{"href":"https:\/\/senoticias.com.br\/se\/wp-json\/wp\/v2\/types\/post"}],"author":[{"embeddable":true,"href":"https:\/\/senoticias.com.br\/se\/wp-json\/wp\/v2\/users\/6552"}],"replies":[{"embeddable":true,"href":"https:\/\/senoticias.com.br\/se\/wp-json\/wp\/v2\/comments?post=127474"}],"version-history":[{"count":0,"href":"https:\/\/senoticias.com.br\/se\/wp-json\/wp\/v2\/posts\/127474\/revisions"}],"wp:attachment":[{"href":"https:\/\/senoticias.com.br\/se\/wp-json\/wp\/v2\/media?parent=127474"}],"wp:term":[{"taxonomy":"category","embeddable":true,"href":"https:\/\/senoticias.com.br\/se\/wp-json\/wp\/v2\/categories?post=127474"},{"taxonomy":"post_tag","embeddable":true,"href":"https:\/\/senoticias.com.br\/se\/wp-json\/wp\/v2\/tags?post=127474"}],"curies":[{"name":"wp","href":"https:\/\/api.w.org\/{rel}","templated":true}]}}