{"id":127467,"date":"2021-04-09T10:08:19","date_gmt":"2021-04-09T13:08:19","guid":{"rendered":"https:\/\/senoticias.com.br\/se\/?p=127467"},"modified":"2021-04-09T10:10:27","modified_gmt":"2021-04-09T13:10:27","slug":"127467-2","status":"publish","type":"post","link":"https:\/\/senoticias.com.br\/se\/127467-2\/","title":{"rendered":"Campanha de vacina\u00e7\u00e3o contra a gripe come\u00e7a na segunda-feira, 12"},"content":{"rendered":"\n<p>O Minist\u00e9rio da Sa\u00fade e as secretarias estaduais e municipais de sa\u00fade come\u00e7am na segunda-feira (12) a campanha de vacina\u00e7\u00e3o contra a gripe. Al\u00e9m de evitar complica\u00e7\u00f5es decorrentes da gripe causada pelo v\u00edrus, a vacina\u00e7\u00e3o ganha uma outra import\u00e2ncia no momento.<\/p>\n\n\n\n<figure class=\"wp-block-image size-large\"><img loading=\"lazy\" decoding=\"async\" width=\"599\" height=\"401\" src=\"https:\/\/senoticias.com.br\/se\/wp-content\/uploads\/2017\/02\/SENot\u00edcias-1015185-rj_25042016_dsc5359-.jpg\" alt=\"\" class=\"wp-image-100985\" srcset=\"https:\/\/senoticias.com.br\/se\/wp-content\/uploads\/2017\/02\/SENot\u00edcias-1015185-rj_25042016_dsc5359-.jpg 599w, https:\/\/senoticias.com.br\/se\/wp-content\/uploads\/2017\/02\/SENot\u00edcias-1015185-rj_25042016_dsc5359--300x201.jpg 300w, https:\/\/senoticias.com.br\/se\/wp-content\/uploads\/2017\/02\/SENot\u00edcias-1015185-rj_25042016_dsc5359--90x60.jpg 90w, https:\/\/senoticias.com.br\/se\/wp-content\/uploads\/2017\/02\/SENot\u00edcias-1015185-rj_25042016_dsc5359--180x120.jpg 180w, https:\/\/senoticias.com.br\/se\/wp-content\/uploads\/2017\/02\/SENot\u00edcias-1015185-rj_25042016_dsc5359--95x64.jpg 95w\" sizes=\"(max-width: 599px) 100vw, 599px\" \/><figcaption> Meta \u00e9 imunizar 79,7 milh\u00f5es de pessoas &#8211; Foto: T\u00e2nia R\u00eago\/Ag\u00eancia Brasil<\/figcaption><\/figure>\n\n\n\n<p>Com diversos estados com leitos de unidades de terapia intensiva (UTI) lotados e filas de espera em fun\u00e7\u00e3o da pandemia do novo coronav\u00edrus, a iniciativa tamb\u00e9m \u00e9 importante para evitar uma sobrecarga nos sistemas de sa\u00fade.<\/p>\n\n\n\n<p>O p\u00fablico estimado pelo minist\u00e9rio \u00e9 de 79,7 milh\u00f5es de pessoas e o objetivo \u00e9 vacinar pelo menos nove em cada dez pessoas dos grupos priorit\u00e1rios.<\/p>\n\n\n\n<p>Os grupos ser\u00e3o organizados para vacina\u00e7\u00e3o em tr\u00eas etapas. Os dias de mobiliza\u00e7\u00e3o, chamados de dias D, ser\u00e3o definidos em cada munic\u00edpio pela Secretaria de Sa\u00fade local.<\/p>\n\n\n\n<p><strong>Os grupos priorit\u00e1rios s\u00e3o:<\/strong><\/p>\n\n\n\n<ul class=\"wp-block-list\"><li>Crian\u00e7as de 6 meses a menores de 6 anos;<\/li><li>Gestantes;<\/li><li>Pu\u00e9rperas;<\/li><li>Povos ind\u00edgenas;<\/li><li>Trabalhadores de sa\u00fade;<\/li><li>Pessoas com 60 anos ou mais;<\/li><li>Professores;<\/li><li>Portadores de doen\u00e7as cr\u00f4nicas n\u00e3o transmiss\u00edveis;<\/li><li>Pessoas com defici\u00eancia permanente;<\/li><li>For\u00e7as de seguran\u00e7a, de salvamento e armadas;<\/li><li>Caminhoneiros;<\/li><li>Trabalhadores do transporte coletivo de passageiros;<\/li><li>Funcion\u00e1rios trabalhando em pris\u00f5es e unidades de interna\u00e7\u00e3o;<\/li><li>Adolescentes cumprindo medidas socioeducativas em unidades de interna\u00e7\u00e3o;<\/li><li>Popula\u00e7\u00e3o privada de liberdade.<\/li><\/ul>\n\n\n\n<p><strong>Covid-19<\/strong><\/p>\n\n\n\n<p>O Minist\u00e9rio da Sa\u00fade n\u00e3o recomenda que seja feita a aplica\u00e7\u00e3o das vacinas contra a covid-19 e contra a influenza conjuntamente. A pasta recomenda que as pessoas que estiverem nos grupos priorit\u00e1rios procurem se vacinar antes contra a covid-19. Especialistas recomendam pelo menos uma diferen\u00e7a de 14 dias entre uma e outra.<\/p>\n\n\n\n<p><em>Quer receber as principais not\u00edcias do&nbsp;<strong>SE Not\u00edcias<\/strong>&nbsp;no seu&nbsp;<strong>WhatsApp?<\/strong>&nbsp;<strong><a href=\"https:\/\/api.whatsapp.com\/send?phone=5579991715289\">Clique aqui<\/a><\/strong>.<\/em><\/p>\n\n\n\n<p><strong><em>Acompanhe tamb\u00e9m o SE Not\u00edcias no&nbsp;<a rel=\"noreferrer noopener\" href=\"https:\/\/twitter.com\/Senoticias\" target=\"_blank\">Twitter<\/a>,&nbsp;<a rel=\"noreferrer noopener\" href=\"https:\/\/www.facebook.com\/senoticias1\" target=\"_blank\">Facebook<\/a>&nbsp;e no&nbsp;<a rel=\"noreferrer noopener\" href=\"https:\/\/www.instagram.com\/senoticias\/\" target=\"_blank\">Instagram<\/a><\/em><\/strong><\/p>\n\n\n\n<p>Fonte: Ag\u00eancia Brasil<\/p>\n","protected":false},"excerpt":{"rendered":"<p>O Minist\u00e9rio da Sa\u00fade e as secretarias estaduais e municipais de sa\u00fade come\u00e7am na segunda-feira (12) a campanha de vacina\u00e7\u00e3o contra a gripe. Al\u00e9m de evitar complica\u00e7\u00f5es decorrentes da gripe causada pelo v\u00edrus, a vacina\u00e7\u00e3o ganha uma outra import\u00e2ncia no momento. Com diversos estados com leitos de unidades de terapia intensiva (UTI) lotados e filas [&hellip;]<\/p>\n","protected":false},"author":6557,"featured_media":0,"comment_status":"closed","ping_status":"closed","sticky":false,"template":"","format":"standard","meta":{"footnotes":""},"categories":[15,6,1],"tags":[544,67],"class_list":{"0":"post-127467","1":"post","2":"type-post","3":"status-publish","4":"format-standard","6":"category-destaques","7":"category-politica","8":"category-sem-categoria","9":"tag-ministerio-da-saude","10":"tag-vacina-contra-a-gripe"},"_links":{"self":[{"href":"https:\/\/senoticias.com.br\/se\/wp-json\/wp\/v2\/posts\/127467"}],"collection":[{"href":"https:\/\/senoticias.com.br\/se\/wp-json\/wp\/v2\/posts"}],"about":[{"href":"https:\/\/senoticias.com.br\/se\/wp-json\/wp\/v2\/types\/post"}],"author":[{"embeddable":true,"href":"https:\/\/senoticias.com.br\/se\/wp-json\/wp\/v2\/users\/6557"}],"replies":[{"embeddable":true,"href":"https:\/\/senoticias.com.br\/se\/wp-json\/wp\/v2\/comments?post=127467"}],"version-history":[{"count":0,"href":"https:\/\/senoticias.com.br\/se\/wp-json\/wp\/v2\/posts\/127467\/revisions"}],"wp:attachment":[{"href":"https:\/\/senoticias.com.br\/se\/wp-json\/wp\/v2\/media?parent=127467"}],"wp:term":[{"taxonomy":"category","embeddable":true,"href":"https:\/\/senoticias.com.br\/se\/wp-json\/wp\/v2\/categories?post=127467"},{"taxonomy":"post_tag","embeddable":true,"href":"https:\/\/senoticias.com.br\/se\/wp-json\/wp\/v2\/tags?post=127467"}],"curies":[{"name":"wp","href":"https:\/\/api.w.org\/{rel}","templated":true}]}}