{"id":127389,"date":"2021-04-04T14:12:26","date_gmt":"2021-04-04T17:12:26","guid":{"rendered":"https:\/\/senoticias.com.br\/se\/?p=127389"},"modified":"2021-04-04T14:12:51","modified_gmt":"2021-04-04T17:12:51","slug":"cirurgia-pioneira-no-hospital-universitario-vai-tratar-perda-de-olfato-causada-pela-covid-19","status":"publish","type":"post","link":"https:\/\/senoticias.com.br\/se\/cirurgia-pioneira-no-hospital-universitario-vai-tratar-perda-de-olfato-causada-pela-covid-19\/","title":{"rendered":"Cirurgia pioneira no Hospital Universit\u00e1rio vai tratar perda de olfato causada pela Covid-19"},"content":{"rendered":"\n<p>O servi\u00e7o de otorrinolaringologia do Hospital Universit\u00e1rio da Universidade Federal de Sergipe (HU-UFS), vai come\u00e7ar a oferecer tratamento cir\u00fargico para a<strong> perda de olfato como sequela de Covid-19<\/strong>, outras viroses, trauma craniano e situa\u00e7\u00f5es p\u00f3s-cir\u00fargicas.<\/p>\n\n\n\n<figure class=\"wp-block-image size-large\"><img decoding=\"async\" src=\"https:\/\/senoticias.com.br\/se\/wp-content\/uploads\/2021\/04\/Perda-do-Olfato-SE-Noticias.png\" alt=\"\" class=\"wp-image-127390\"\/><figcaption>De acordo com chefe da Unidade de Cabe\u00e7a e Pesco\u00e7o do HU, Ronaldo Carvalho, a cirurgia \u00e9 considerada pioneira e pode devolver qualidade de vida aos pacientes &#8211; Foto: Microgen\/istock<\/figcaption><\/figure>\n\n\n\n<p>De acordo com chefe da Unidade de <strong>Cabe\u00e7a e Pesco\u00e7o do HU, Ronaldo Carvalho<\/strong>, \u201ca cirurgia \u00e9 considerada pioneira e pode devolver qualidade de vida aos pacientes, al\u00e9m de integrar toda a parte de ensino, resultando em um importante avan\u00e7o na forma\u00e7\u00e3o profissional\u201d, disse.<\/p>\n\n\n\n<p>Segundo a UFS o servi\u00e7o iniciou na modalidade de portas abertas, ou seja, inicialmente, foram selecionados os pacientes que necessitam desse procedimento, e caso a fila torne muito grande, ser\u00e1 organizado de outra maneira.<\/p>\n\n\n\n<p>O especialista explicou que 85% das pessoas que tiveram a Covid-19 sintom\u00e1tica desenvolvem a anosmia. &#8220;Desse n\u00famero, 30% ficam com recupera\u00e7\u00e3o parcial e 5 a 10% com perda definitiva. Nesses casos, por mais que se trate com medicamentos e com fisioterapia, n\u00e3o se obt\u00e9m sucesso. Isso acontece porque o v\u00edrus que causa a Covid-19 tem uma prefer\u00eancia pela mucosa nasal&#8221;, detalhou o m\u00e9dico.<\/p>\n\n\n\n<p>O servi\u00e7o est\u00e1 sendo gerido por uma equipe multidisciplinar, liderada <strong>pelo otorrinolaringologista Ronaldo Carvalho <\/strong>e pelo <strong>especialista em microcirurgia de nervos perif\u00e9ricos, Alex Carvalho<\/strong>. O procedimento cir\u00fargico consiste na transfer\u00eancia de ramos do nervo oft\u00e1lmico para a mucosa dentro do nariz com a<strong> interposi\u00e7\u00e3o de enxertos nervosos<\/strong>.<\/p>\n\n\n\n<p><em>Quer receber as principais not\u00edcias do&nbsp;<strong>SE Not\u00edcias<\/strong>&nbsp;no seu&nbsp;<strong>WhatsApp?<\/strong>&nbsp;<strong><a href=\"https:\/\/api.whatsapp.com\/send?phone=5579991715289\">Clique aqui<\/a><\/strong>.<\/em><\/p>\n\n\n\n<p><strong><em>Acompanhe tamb\u00e9m o SE Not\u00edcias no\u00a0<a rel=\"noreferrer noopener\" href=\"https:\/\/twitter.com\/Senoticias\" target=\"_blank\">Twitter<\/a>,\u00a0<a rel=\"noreferrer noopener\" href=\"https:\/\/www.facebook.com\/senoticias1\" target=\"_blank\">Facebook<\/a>\u00a0e no\u00a0<a rel=\"noreferrer noopener\" href=\"https:\/\/www.instagram.com\/senoticias\/\" target=\"_blank\">Instagram<\/a><\/em><\/strong><\/p>\n\n\n\n<p>Fonte: <strong><a href=\"https:\/\/g1.globo.com\/se\/sergipe\/noticia\/2021\/04\/04\/cirurgia-pioneira-no-hu-vai-tratar-perda-de-olfato-causada-pela-covid-19.ghtml\">G1 SE<\/a><\/strong><\/p>\n","protected":false},"excerpt":{"rendered":"<p>O servi\u00e7o de otorrinolaringologia do Hospital Universit\u00e1rio da Universidade Federal de Sergipe (HU-UFS), vai come\u00e7ar a oferecer tratamento cir\u00fargico para a perda de olfato como sequela de Covid-19, outras viroses, trauma craniano e situa\u00e7\u00f5es p\u00f3s-cir\u00fargicas. De acordo com chefe da Unidade de Cabe\u00e7a e Pesco\u00e7o do HU, Ronaldo Carvalho, \u201ca cirurgia \u00e9 considerada pioneira e [&hellip;]<\/p>\n","protected":false},"author":6552,"featured_media":127390,"comment_status":"closed","ping_status":"closed","sticky":false,"template":"","format":"standard","meta":{"footnotes":""},"categories":[15,6,1],"tags":[16870,14279,6041,16869],"class_list":{"0":"post-127389","1":"post","2":"type-post","3":"status-publish","4":"format-standard","5":"has-post-thumbnail","7":"category-destaques","8":"category-politica","9":"category-sem-categoria","10":"tag-cirurgia-pioneira-no-hospital-universitario","11":"tag-covid19","12":"tag-hospital-universitario","13":"tag-perda-do-olfato"},"_links":{"self":[{"href":"https:\/\/senoticias.com.br\/se\/wp-json\/wp\/v2\/posts\/127389"}],"collection":[{"href":"https:\/\/senoticias.com.br\/se\/wp-json\/wp\/v2\/posts"}],"about":[{"href":"https:\/\/senoticias.com.br\/se\/wp-json\/wp\/v2\/types\/post"}],"author":[{"embeddable":true,"href":"https:\/\/senoticias.com.br\/se\/wp-json\/wp\/v2\/users\/6552"}],"replies":[{"embeddable":true,"href":"https:\/\/senoticias.com.br\/se\/wp-json\/wp\/v2\/comments?post=127389"}],"version-history":[{"count":0,"href":"https:\/\/senoticias.com.br\/se\/wp-json\/wp\/v2\/posts\/127389\/revisions"}],"wp:featuredmedia":[{"embeddable":true,"href":"https:\/\/senoticias.com.br\/se\/wp-json\/wp\/v2\/media\/127390"}],"wp:attachment":[{"href":"https:\/\/senoticias.com.br\/se\/wp-json\/wp\/v2\/media?parent=127389"}],"wp:term":[{"taxonomy":"category","embeddable":true,"href":"https:\/\/senoticias.com.br\/se\/wp-json\/wp\/v2\/categories?post=127389"},{"taxonomy":"post_tag","embeddable":true,"href":"https:\/\/senoticias.com.br\/se\/wp-json\/wp\/v2\/tags?post=127389"}],"curies":[{"name":"wp","href":"https:\/\/api.w.org\/{rel}","templated":true}]}}