{"id":127320,"date":"2021-03-30T14:30:09","date_gmt":"2021-03-30T17:30:09","guid":{"rendered":"https:\/\/senoticias.com.br\/se\/?p=127320"},"modified":"2021-03-30T14:30:28","modified_gmt":"2021-03-30T17:30:28","slug":"morre-de-covid-19-o-diretor-tecnico-do-sebrae-emanoel-sobral","status":"publish","type":"post","link":"https:\/\/senoticias.com.br\/se\/morre-de-covid-19-o-diretor-tecnico-do-sebrae-emanoel-sobral\/","title":{"rendered":"Morre, de Covid-19, o diretor t\u00e9cnico do Sebrae, Emanoel Sobral"},"content":{"rendered":"\n<p>O diretor t\u00e9cnico e ex-superintendente do Sebrae\/Sergipe, Emanoel Silveira Sobral, 68 anos, faleceu na <strong>tarde desta ter\u00e7a-feira, 30<\/strong>, em decorr\u00eancia de complica\u00e7\u00f5es <strong>provocadas pela Covid-19<\/strong>.<\/p>\n\n\n\n<figure class=\"wp-block-image size-large\"><img loading=\"lazy\" decoding=\"async\" width=\"576\" height=\"716\" src=\"https:\/\/senoticias.com.br\/se\/wp-content\/uploads\/2021\/03\/SEBRAE-PRESIDENTE-EMANOEL-SOBRAL-JORGE-HENRIQUE-091015-8945.jpg\" alt=\"\" class=\"wp-image-127321\" srcset=\"https:\/\/senoticias.com.br\/se\/wp-content\/uploads\/2021\/03\/SEBRAE-PRESIDENTE-EMANOEL-SOBRAL-JORGE-HENRIQUE-091015-8945.jpg 576w, https:\/\/senoticias.com.br\/se\/wp-content\/uploads\/2021\/03\/SEBRAE-PRESIDENTE-EMANOEL-SOBRAL-JORGE-HENRIQUE-091015-8945-241x300.jpg 241w\" sizes=\"(max-width: 576px) 100vw, 576px\" \/><figcaption>Emanoel Sobral estava internado desde o in\u00edcio do m\u00eas no Hospital Primavera &#8211; Foto: Jorge Henrique\/arquivo<\/figcaption><\/figure>\n\n\n\n<p>Emanoel estava internado desde o in\u00edcio do m\u00eas em um hospital particular de Aracaju. Ele era formado em administra\u00e7\u00e3o e foi eleito prefeito do munic\u00edpio de Itaporanga D&#8217;Ajuda, em <strong>1976, com apenas 23 anos de idade<\/strong>.<\/p>\n\n\n\n<p>Em nota, o Sebrae lamentou a morte do diretor e agradeceu pelos mais de <strong>20 anos de hist\u00f3ria<\/strong> constru\u00edda junto \u00e0 institui\u00e7\u00e3o e aos empreendedores sergipanos.<\/p>\n\n\n\n<p>Emanoel Sobral deixa a vi\u00fava, filhos e netos.<\/p>\n\n\n\n<p><em>Quer receber as principais not\u00edcias do&nbsp;<strong>SE Not\u00edcias<\/strong>&nbsp;no seu&nbsp;<strong>WhatsApp?<\/strong>&nbsp;<strong><a href=\"https:\/\/api.whatsapp.com\/send?phone=5579991715289\">Clique aqui<\/a><\/strong>.<\/em><\/p>\n\n\n\n<p><strong><em>Acompanhe tamb\u00e9m o SE Not\u00edcias no\u00a0<a rel=\"noreferrer noopener\" href=\"https:\/\/twitter.com\/Senoticias\" target=\"_blank\">Twitter<\/a>,\u00a0<a rel=\"noreferrer noopener\" href=\"https:\/\/www.facebook.com\/senoticias1\" target=\"_blank\">Facebook<\/a>\u00a0e no\u00a0<a rel=\"noreferrer noopener\" href=\"https:\/\/www.instagram.com\/senoticias\/\" target=\"_blank\">Instagram<\/a><\/em><\/strong><\/p>\n\n\n\n<p>Fonte: Sebrae\/SE<\/p>\n","protected":false},"excerpt":{"rendered":"<p>O diretor t\u00e9cnico e ex-superintendente do Sebrae\/Sergipe, Emanoel Silveira Sobral, 68 anos, faleceu na tarde desta ter\u00e7a-feira, 30, em decorr\u00eancia de complica\u00e7\u00f5es provocadas pela Covid-19. Emanoel estava internado desde o in\u00edcio do m\u00eas em um hospital particular de Aracaju. Ele era formado em administra\u00e7\u00e3o e foi eleito prefeito do munic\u00edpio de Itaporanga D&#8217;Ajuda, em 1976, [&hellip;]<\/p>\n","protected":false},"author":6552,"featured_media":0,"comment_status":"closed","ping_status":"closed","sticky":false,"template":"","format":"standard","meta":{"footnotes":""},"categories":[15,38],"tags":[14270,16835,16833,16834,14369],"class_list":{"0":"post-127320","1":"post","2":"type-post","3":"status-publish","4":"format-standard","6":"category-destaques","7":"category-municipios","8":"tag-covid-19","9":"tag-diretor-tecnico-do-sebrae","10":"tag-emanoel-sobral","11":"tag-morre-emanoel-sobral","12":"tag-pandemia"},"_links":{"self":[{"href":"https:\/\/senoticias.com.br\/se\/wp-json\/wp\/v2\/posts\/127320"}],"collection":[{"href":"https:\/\/senoticias.com.br\/se\/wp-json\/wp\/v2\/posts"}],"about":[{"href":"https:\/\/senoticias.com.br\/se\/wp-json\/wp\/v2\/types\/post"}],"author":[{"embeddable":true,"href":"https:\/\/senoticias.com.br\/se\/wp-json\/wp\/v2\/users\/6552"}],"replies":[{"embeddable":true,"href":"https:\/\/senoticias.com.br\/se\/wp-json\/wp\/v2\/comments?post=127320"}],"version-history":[{"count":0,"href":"https:\/\/senoticias.com.br\/se\/wp-json\/wp\/v2\/posts\/127320\/revisions"}],"wp:attachment":[{"href":"https:\/\/senoticias.com.br\/se\/wp-json\/wp\/v2\/media?parent=127320"}],"wp:term":[{"taxonomy":"category","embeddable":true,"href":"https:\/\/senoticias.com.br\/se\/wp-json\/wp\/v2\/categories?post=127320"},{"taxonomy":"post_tag","embeddable":true,"href":"https:\/\/senoticias.com.br\/se\/wp-json\/wp\/v2\/tags?post=127320"}],"curies":[{"name":"wp","href":"https:\/\/api.w.org\/{rel}","templated":true}]}}