{"id":127308,"date":"2021-03-29T21:01:16","date_gmt":"2021-03-30T00:01:16","guid":{"rendered":"https:\/\/senoticias.com.br\/se\/?p=127308"},"modified":"2021-03-29T21:20:53","modified_gmt":"2021-03-30T00:20:53","slug":"bolsonaro-muda-seis-ministros-de-uma-vez-veja-quem-sao","status":"publish","type":"post","link":"https:\/\/senoticias.com.br\/se\/bolsonaro-muda-seis-ministros-de-uma-vez-veja-quem-sao\/","title":{"rendered":"Presidente Jair Bolsonaro muda seis ministros de uma vez. Veja quem s\u00e3o"},"content":{"rendered":"\n<p>O presidente Jair Bolsonaro, oficializou nesta segunda-feira (29) a troca de seis ministros de seu gabinete \u2013 a maior desde o in\u00edcio do seu mandato, em 2019. Ap\u00f3s a sa\u00edda de Ernesto Ara\u00fajo, as demiss\u00f5es foram sendo acertadas durante a tarde, assim como seus novos ocupantes.<\/p>\n\n\n\n<figure class=\"wp-block-image size-large\"><img loading=\"lazy\" decoding=\"async\" width=\"590\" height=\"344\" src=\"https:\/\/senoticias.com.br\/se\/wp-content\/uploads\/2021\/03\/Jair-Bolsonaro-SE-Noticias.jpg\" alt=\"\" class=\"wp-image-127310\" srcset=\"https:\/\/senoticias.com.br\/se\/wp-content\/uploads\/2021\/03\/Jair-Bolsonaro-SE-Noticias.jpg 590w, https:\/\/senoticias.com.br\/se\/wp-content\/uploads\/2021\/03\/Jair-Bolsonaro-SE-Noticias-300x175.jpg 300w\" sizes=\"(max-width: 590px) 100vw, 590px\" \/><figcaption>O presidente confirmou as mudan\u00e7as nas redes sociais e informou que as nomea\u00e7\u00f5es ser\u00e3o publicadas no Di\u00e1rio Oficial da Uni\u00e3o &#8211; Foto: Alan Santos\/PR<\/figcaption><\/figure>\n\n\n\n<p><strong>Veja como ficou cada cargo:<\/strong><\/p>\n\n\n\n<ul class=\"wp-block-list\"><li>Na Casa Civil da Rep\u00fablica, sai Walter Braga Netto e entra o general Luiz Eduardo Ramos;<\/li><li>No Minist\u00e9rio da Justi\u00e7a e Seguran\u00e7a P\u00fabica, sai Andr\u00e9 Mendon\u00e7a e entra Anderson Torres, que era secret\u00e1rio de Seguran\u00e7a do governo do Distrito Federal;<\/li><li>No Minist\u00e9rio da Defesa, sai o general Fernando de Azevedo e Silva e assume o general Walter Braga Netto;<\/li><li>No Minist\u00e9rio das Rela\u00e7\u00f5es Exteriores, sai Ernesto Ara\u00fajo, e assume o embaixador Carlos Alberto Franco Fran\u00e7a, chefe do cerimonial do Pal\u00e1cio do Planalto;<\/li><li>Na Secretaria de Governo da Presid\u00eancia da Rep\u00fablica, sai Luiz Eduardo Ramos e assume a deputada federal Fl\u00e1via Arruda (PL-DF);<\/li><li>Na Advocacia-Geral da Uni\u00e3o (AGU), Jos\u00e9 Levi foi demitido, e Andr\u00e9 Mendon\u00e7a retorna ao cargo.<\/li><\/ul>\n\n\n\n<p>Tais trocas ainda dependem de publica\u00e7\u00e3o no Di\u00e1rio Oficial da Uni\u00e3o.<\/p>\n\n\n\n<p><em>Quer receber as principais not\u00edcias do&nbsp;<strong>SE Not\u00edcias<\/strong>&nbsp;no seu&nbsp;<strong>WhatsApp?<\/strong>&nbsp;<strong><a href=\"https:\/\/api.whatsapp.com\/send?phone=5579991715289\">Clique aqui<\/a><\/strong>.<\/em><\/p>\n\n\n\n<p><strong><em>Acompanhe tamb\u00e9m o SE Not\u00edcias no&nbsp;<a rel=\"noreferrer noopener\" href=\"https:\/\/twitter.com\/Senoticias\" target=\"_blank\">Twitter<\/a>,&nbsp;<a rel=\"noreferrer noopener\" href=\"https:\/\/www.facebook.com\/senoticias1\" target=\"_blank\">Facebook<\/a>&nbsp;e no&nbsp;<a rel=\"noreferrer noopener\" href=\"https:\/\/www.instagram.com\/senoticias\/\" target=\"_blank\">Instagram<\/a><\/em><\/strong><\/p>\n\n\n\n<p>Fonte: Congresso Em Foco<\/p>\n","protected":false},"excerpt":{"rendered":"<p>O presidente Jair Bolsonaro, oficializou nesta segunda-feira (29) a troca de seis ministros de seu gabinete \u2013 a maior desde o in\u00edcio do seu mandato, em 2019. Ap\u00f3s a sa\u00edda de Ernesto Ara\u00fajo, as demiss\u00f5es foram sendo acertadas durante a tarde, assim como seus novos ocupantes. Veja como ficou cada cargo: Na Casa Civil da [&hellip;]<\/p>\n","protected":false},"author":6552,"featured_media":0,"comment_status":"closed","ping_status":"closed","sticky":false,"template":"","format":"standard","meta":{"footnotes":""},"categories":[15,2961,1],"tags":[3272,16827,6968,11654,16826],"class_list":{"0":"post-127308","1":"post","2":"type-post","3":"status-publish","4":"format-standard","6":"category-destaques","7":"category-nacional","8":"category-sem-categoria","9":"tag-bolsonaro","10":"tag-mudanca-de-ministros","11":"tag-palacio-do-planalto","12":"tag-presidente-jair-bolsonaro","13":"tag-seis-ministros"},"_links":{"self":[{"href":"https:\/\/senoticias.com.br\/se\/wp-json\/wp\/v2\/posts\/127308"}],"collection":[{"href":"https:\/\/senoticias.com.br\/se\/wp-json\/wp\/v2\/posts"}],"about":[{"href":"https:\/\/senoticias.com.br\/se\/wp-json\/wp\/v2\/types\/post"}],"author":[{"embeddable":true,"href":"https:\/\/senoticias.com.br\/se\/wp-json\/wp\/v2\/users\/6552"}],"replies":[{"embeddable":true,"href":"https:\/\/senoticias.com.br\/se\/wp-json\/wp\/v2\/comments?post=127308"}],"version-history":[{"count":0,"href":"https:\/\/senoticias.com.br\/se\/wp-json\/wp\/v2\/posts\/127308\/revisions"}],"wp:attachment":[{"href":"https:\/\/senoticias.com.br\/se\/wp-json\/wp\/v2\/media?parent=127308"}],"wp:term":[{"taxonomy":"category","embeddable":true,"href":"https:\/\/senoticias.com.br\/se\/wp-json\/wp\/v2\/categories?post=127308"},{"taxonomy":"post_tag","embeddable":true,"href":"https:\/\/senoticias.com.br\/se\/wp-json\/wp\/v2\/tags?post=127308"}],"curies":[{"name":"wp","href":"https:\/\/api.w.org\/{rel}","templated":true}]}}