{"id":127297,"date":"2021-03-29T13:32:26","date_gmt":"2021-03-29T16:32:26","guid":{"rendered":"https:\/\/senoticias.com.br\/se\/?p=127297"},"modified":"2021-03-29T13:40:36","modified_gmt":"2021-03-29T16:40:36","slug":"governo-de-sergipe-classifica-de-fake-news-materia-publicada-por-augusto-nunes-de-que-quer-abolir-direito-a-propriedade","status":"publish","type":"post","link":"https:\/\/senoticias.com.br\/se\/governo-de-sergipe-classifica-de-fake-news-materia-publicada-por-augusto-nunes-de-que-quer-abolir-direito-a-propriedade\/","title":{"rendered":"Governo de Sergipe classifica de Fake News mat\u00e9ria publicada por Augusto Nunes de que quer abolir direito \u00e0 propriedade"},"content":{"rendered":"\n<p><\/p>\n\n\n\n<p>Segundo mat\u00e9ria enviada pela \u00e1rea de Comunica\u00e7\u00e3o, na noite deste domingo (28) \u201c\u00e9 fake news a informa\u00e7\u00e3o de que o Governo de Sergipe fez um Decreto que vai abolir a propriedade privada\u201d. Segundo a nota \u201cSergipe infelizmente est\u00e1 sendo v\u00edtima de uma enxurrada de fake news constru\u00eddas para desgastar politicamente o Governo do Estado\u201d.<\/p>\n\n\n\n<figure class=\"wp-block-image size-large\"><img loading=\"lazy\" decoding=\"async\" width=\"1024\" height=\"682\" src=\"https:\/\/senoticias.com.br\/se\/wp-content\/uploads\/2020\/08\/Belivaldo-Chagas-SE-noticias-1024x682.jpeg\" alt=\"\" class=\"wp-image-124646\"\/><figcaption>Governador diz que est\u00e1 est\u00e1 sendo v\u00edtima de uma enxurrada de fake news constru\u00eddas para desgastar politicamente o Governo do Estado &#8211; Foto: M\u00e1rio Sousa\/ASN<\/figcaption><\/figure>\n\n\n\n<p>A nota diz ainda que \u00e9 \u201cinoportuna, fantasiosa e desleal esta publica\u00e7\u00e3o. A previs\u00e3o de requisi\u00e7\u00e3o administrativa, em cen\u00e1rios de calamidade, \u00e9 mera repeti\u00e7\u00e3o do previsto na CF (art.5, XXV) e no art. 3, VII da Lei 13.979\/20 (combate ao coronavirus), lei essa de iniciativa do Presidente Bolsonaro e aprovada pelo Congresso Nacional. Nem velha, nem nova, s\u00f3 repeti\u00e7\u00e3o\u201d.<\/p>\n\n\n\n<p>Diz ainda que \u201cO Decreto de Calamidade P\u00fablica em vigor \u00e9 de abril de 2020, sendo apenas renovado. Sergipe infelizmente est\u00e1 sendo v\u00edtima de uma enxurrada de fake news constru\u00eddas para desgastar politicamente o Governo do Estado\u201d.<\/p>\n\n\n\n<p><strong>Fake de Augusto Nunes \u2013<\/strong> O Fake foi postado no portal R7, pelo jornalista Augusto Nunes, diretamente vinculado ao presidente Bolsonaro, e tr\u00e1s como manchete o seguinte: \u201cO governador de Sergipe quer abolir o direito de propriedade\u201d. Na abertura ele diz que \u201cAl\u00e9m de proibir o povo de sair \u00e0s ruas, o decreto de calamidade p\u00fablica permite o confisco das casas\u201d.<\/p>\n\n\n\n<p>O coment\u00e1rio publicado por Nunes, n\u00e3o fala apenas do governador de Sergipe, Belivaldo Chagas, as de todos os demais governadores que decretaram ponto de recolher em seus Estados, com o objetivo de acompanhar a posi\u00e7\u00e3o do presidente Bolsonaro, que se declara contra aos atos que foram postos em pr\u00e1tica por governadores de Estado, nesse momento de aumento da Pandemia em todo o Pa\u00eds.<\/p>\n\n\n\n<p>Augusto Nunes \u00e9 diretor de Reda\u00e7\u00e3o do Portal F7, comentarista da Record, apresentado do Direto ao Ponto e integrante de Os Pingos nos IS na JP (Jovem Pan) e articulista da Revista Oeste.<\/p>\n\n\n\n<p><strong>Nota do Governo <\/strong><br><br><em>O Governo de Sergipe emitiu nota oficial que declara o seguinte: Inoportuna, fantasiosa e desleal esta publica\u00e7\u00e3o. A previs\u00e3o de requisi\u00e7\u00e3o administrativa, em cen\u00e1rios de calamidade, \u00e9 mera repeti\u00e7\u00e3o do previsto na CF (art.5, XXV) e no art.3, VII da Lei 13.979\/20 (combate ao coronav\u00edrus), lei essa de iniciativa do Presidente Bolsonaro e aprovada pelo Congresso Nacional. Nem velha, nem nova, s\u00f3 repeti\u00e7\u00e3o. O Decreto de Calamidade P\u00fablica em vigor \u00e9 de abril de 2020, sendo apenas renovado. Sergipe est\u00e1 sendo v\u00edtima de uma enxurrada de fake news constru\u00eddas para desgastar politicamente o Governo do Estado\u201d.<\/em><\/p>\n\n\n\n<p><em>Quer receber as principais not\u00edcias do&nbsp;<strong>SE Not\u00edcias<\/strong>&nbsp;no seu&nbsp;<strong>WhatsApp?<\/strong>&nbsp;<strong><a href=\"https:\/\/api.whatsapp.com\/send?phone=5579991715289\">Clique aqui<\/a><\/strong>.<\/em><\/p>\n\n\n\n<p><strong><em>Acompanhe tamb\u00e9m o SE Not\u00edcias no\u00a0<a rel=\"noreferrer noopener\" href=\"https:\/\/twitter.com\/Senoticias\" target=\"_blank\">Twitter<\/a>,\u00a0<a rel=\"noreferrer noopener\" href=\"https:\/\/www.facebook.com\/senoticias1\" target=\"_blank\">Facebook<\/a>\u00a0e no\u00a0<a rel=\"noreferrer noopener\" href=\"https:\/\/www.instagram.com\/senoticias\/\" target=\"_blank\">Instagram<\/a><\/em><\/strong><\/p>\n\n\n\n<p><em>Informa\u00e7\u00f5es do FaxAju<\/em><\/p>\n","protected":false},"excerpt":{"rendered":"<p>Segundo mat\u00e9ria enviada pela \u00e1rea de Comunica\u00e7\u00e3o, na noite deste domingo (28) \u201c\u00e9 fake news a informa\u00e7\u00e3o de que o Governo de Sergipe fez um Decreto que vai abolir a propriedade privada\u201d. Segundo a nota \u201cSergipe infelizmente est\u00e1 sendo v\u00edtima de uma enxurrada de fake news constru\u00eddas para desgastar politicamente o Governo do Estado\u201d. A [&hellip;]<\/p>\n","protected":false},"author":6552,"featured_media":0,"comment_status":"closed","ping_status":"closed","sticky":false,"template":"","format":"standard","meta":{"footnotes":""},"categories":[15,6],"tags":[8882,15688],"class_list":{"0":"post-127297","1":"post","2":"type-post","3":"status-publish","4":"format-standard","6":"category-destaques","7":"category-politica","8":"tag-fake-news","9":"tag-governador-belivaldo-chgas"},"_links":{"self":[{"href":"https:\/\/senoticias.com.br\/se\/wp-json\/wp\/v2\/posts\/127297"}],"collection":[{"href":"https:\/\/senoticias.com.br\/se\/wp-json\/wp\/v2\/posts"}],"about":[{"href":"https:\/\/senoticias.com.br\/se\/wp-json\/wp\/v2\/types\/post"}],"author":[{"embeddable":true,"href":"https:\/\/senoticias.com.br\/se\/wp-json\/wp\/v2\/users\/6552"}],"replies":[{"embeddable":true,"href":"https:\/\/senoticias.com.br\/se\/wp-json\/wp\/v2\/comments?post=127297"}],"version-history":[{"count":0,"href":"https:\/\/senoticias.com.br\/se\/wp-json\/wp\/v2\/posts\/127297\/revisions"}],"wp:attachment":[{"href":"https:\/\/senoticias.com.br\/se\/wp-json\/wp\/v2\/media?parent=127297"}],"wp:term":[{"taxonomy":"category","embeddable":true,"href":"https:\/\/senoticias.com.br\/se\/wp-json\/wp\/v2\/categories?post=127297"},{"taxonomy":"post_tag","embeddable":true,"href":"https:\/\/senoticias.com.br\/se\/wp-json\/wp\/v2\/tags?post=127297"}],"curies":[{"name":"wp","href":"https:\/\/api.w.org\/{rel}","templated":true}]}}