{"id":127278,"date":"2021-03-27T16:09:03","date_gmt":"2021-03-27T19:09:03","guid":{"rendered":"https:\/\/senoticias.com.br\/se\/?p=127278"},"modified":"2021-03-27T16:12:09","modified_gmt":"2021-03-27T19:12:09","slug":"defesa-civil-emite-alerta-de-chuvas-moderadas-e-mare-alta-para-as-proximas-72h-em-aracaju","status":"publish","type":"post","link":"https:\/\/senoticias.com.br\/se\/defesa-civil-emite-alerta-de-chuvas-moderadas-e-mare-alta-para-as-proximas-72h-em-aracaju\/","title":{"rendered":"Defesa Civil emite alerta de chuvas moderadas e mar\u00e9 alta para as pr\u00f3ximas 72h em Aracaju"},"content":{"rendered":"\n<p>A Defesa Civil de Aracaju emitiu uma alerta de chuvas moderadas para as pr\u00f3ximas 72h em Aracaju. Equipes da Defesa Civil v\u00e3o atender ocorr\u00eancias que possam surgir.<\/p>\n\n\n\n<figure class=\"wp-block-image size-large\"><img loading=\"lazy\" decoding=\"async\" width=\"590\" height=\"333\" src=\"https:\/\/senoticias.com.br\/se\/wp-content\/uploads\/2021\/03\/Defesa-Civil-de-Aracaju-SE-Noticias.jpg\" alt=\"\" class=\"wp-image-127279\" srcset=\"https:\/\/senoticias.com.br\/se\/wp-content\/uploads\/2021\/03\/Defesa-Civil-de-Aracaju-SE-Noticias.jpg 590w, https:\/\/senoticias.com.br\/se\/wp-content\/uploads\/2021\/03\/Defesa-Civil-de-Aracaju-SE-Noticias-300x169.jpg 300w\" sizes=\"(max-width: 590px) 100vw, 590px\" \/><figcaption>Defesa Civil faz alerta para chuvas em Aracaju \u2014 Foto: PMA\/Divulga\u00e7\u00e3o<\/figcaption><\/figure>\n\n\n\n<p>\u201cRecebemos um alerta do Centro de Previs\u00e3o e Estudos Clim\u00e1ticos, informando que nas pr\u00f3ximas 72h poder\u00e3o ter pancadas de chuvas em todo o litoral de Aracaju. Com base nessa informa\u00e7\u00e3o, encaminhamos um alerta, via SMS, para os mais de cinquenta mil celulares que est\u00e3o cadastrados no 40199, para que as pessoas redobrem o estado de aten\u00e7\u00e3o, inclusive porque teremos tamb\u00e9m mar\u00e9 alta\u201d, explica o coordenador da Defesa Civil, major Silvio Prado.<\/p>\n\n\n\n<p>De acordo com a Defesa Civil, a administra\u00e7\u00e3o municipal est\u00e1 acompanhando o \u00edndice pluviom\u00e9trico e est\u00e1 atenta para agir a qualquer chamado atrav\u00e9s do n\u00famero emergencial 199, que funciona 24h. O cuidado precisa ser redobrado, uma vez que as fortes chuvas ser\u00e3o acompanhadas de uma mar\u00e9 de 2,4 metros.<\/p>\n\n\n\n<p><strong>Cadastro<\/strong><\/p>\n\n\n\n<p>Para receber os alertas \u00e9 necess\u00e1rio enviar um SMS para o n\u00famero 40199 e inserir na \u00e1rea destinada \u00e0 mensagem o CEP da localidade sobre a qual deseja receber as informa\u00e7\u00f5es. O servi\u00e7o \u00e9 gratuito e possibilita cadastrar mais de um CEP.<\/p>\n\n\n\n<p><em>Quer receber as principais not\u00edcias do&nbsp;<strong>SE Not\u00edcias<\/strong>&nbsp;no seu&nbsp;<strong>WhatsApp?<\/strong>&nbsp;<strong><a href=\"https:\/\/api.whatsapp.com\/send?phone=5579991715289\">Clique aqui<\/a><\/strong>.<\/em><\/p>\n\n\n\n<p><strong><em>Acompanhe tamb\u00e9m o SE Not\u00edcias no\u00a0<a rel=\"noreferrer noopener\" href=\"https:\/\/twitter.com\/Senoticias\" target=\"_blank\">Twitter<\/a>,\u00a0<a rel=\"noreferrer noopener\" href=\"https:\/\/www.facebook.com\/senoticias1\" target=\"_blank\">Facebook<\/a>\u00a0e no\u00a0<a rel=\"noreferrer noopener\" href=\"https:\/\/www.instagram.com\/senoticias\/\" target=\"_blank\">Instagram<\/a><\/em><\/strong><\/p>\n\n\n\n<p>Fonte: Defesa Civil de Aracaju<\/p>\n","protected":false},"excerpt":{"rendered":"<p>A Defesa Civil de Aracaju emitiu uma alerta de chuvas moderadas para as pr\u00f3ximas 72h em Aracaju. Equipes da Defesa Civil v\u00e3o atender ocorr\u00eancias que possam surgir. \u201cRecebemos um alerta do Centro de Previs\u00e3o e Estudos Clim\u00e1ticos, informando que nas pr\u00f3ximas 72h poder\u00e3o ter pancadas de chuvas em todo o litoral de Aracaju. Com base [&hellip;]<\/p>\n","protected":false},"author":6552,"featured_media":0,"comment_status":"closed","ping_status":"closed","sticky":false,"template":"","format":"standard","meta":{"footnotes":""},"categories":[15,6],"tags":[16803,16802],"class_list":{"0":"post-127278","1":"post","2":"type-post","3":"status-publish","4":"format-standard","6":"category-destaques","7":"category-politica","8":"tag-alerra-de-chuvas","9":"tag-defesa-civil-de-aracaju"},"_links":{"self":[{"href":"https:\/\/senoticias.com.br\/se\/wp-json\/wp\/v2\/posts\/127278"}],"collection":[{"href":"https:\/\/senoticias.com.br\/se\/wp-json\/wp\/v2\/posts"}],"about":[{"href":"https:\/\/senoticias.com.br\/se\/wp-json\/wp\/v2\/types\/post"}],"author":[{"embeddable":true,"href":"https:\/\/senoticias.com.br\/se\/wp-json\/wp\/v2\/users\/6552"}],"replies":[{"embeddable":true,"href":"https:\/\/senoticias.com.br\/se\/wp-json\/wp\/v2\/comments?post=127278"}],"version-history":[{"count":0,"href":"https:\/\/senoticias.com.br\/se\/wp-json\/wp\/v2\/posts\/127278\/revisions"}],"wp:attachment":[{"href":"https:\/\/senoticias.com.br\/se\/wp-json\/wp\/v2\/media?parent=127278"}],"wp:term":[{"taxonomy":"category","embeddable":true,"href":"https:\/\/senoticias.com.br\/se\/wp-json\/wp\/v2\/categories?post=127278"},{"taxonomy":"post_tag","embeddable":true,"href":"https:\/\/senoticias.com.br\/se\/wp-json\/wp\/v2\/tags?post=127278"}],"curies":[{"name":"wp","href":"https:\/\/api.w.org\/{rel}","templated":true}]}}