{"id":127272,"date":"2021-03-26T20:51:08","date_gmt":"2021-03-26T23:51:08","guid":{"rendered":"https:\/\/senoticias.com.br\/se\/?p=127272"},"modified":"2021-03-26T20:55:19","modified_gmt":"2021-03-26T23:55:19","slug":"internacoes-por-covid-19-batem-recorde-em-sergipe","status":"publish","type":"post","link":"https:\/\/senoticias.com.br\/se\/internacoes-por-covid-19-batem-recorde-em-sergipe\/","title":{"rendered":"Interna\u00e7\u00f5es por Covid-19 batem recorde em Sergipe"},"content":{"rendered":"\n<p>Em 16 de julho de 2020, a Secretaria de Estado da Sa\u00fade (SES) registrava um recorde no n\u00famero de interna\u00e7\u00f5es por Covid-19. Eram 764 pessoas ocupando um leito de hospital na primeira onda da pandemia. Na \u00faltima quarta-feira, 23, o recorde foi quebrado quando a secretaria contabilizou 820 internados em UTI e enfermarias p\u00fablicas e privadas. Os n\u00fameros preocupam os gestores que relacionam a alta transmissibilidade do v\u00edrus e a baixa ades\u00e3o da popula\u00e7\u00e3o \u00e0s medidas restritivas como causas do cen\u00e1rio crescente de casos, interna\u00e7\u00f5es e \u00f3bitos.<\/p>\n\n\n\n<figure class=\"wp-block-image size-large\"><img loading=\"lazy\" decoding=\"async\" width=\"559\" height=\"700\" src=\"https:\/\/senoticias.com.br\/se\/wp-content\/uploads\/2021\/03\/leitos.jpeg\" alt=\"\" class=\"wp-image-127275\" srcset=\"https:\/\/senoticias.com.br\/se\/wp-content\/uploads\/2021\/03\/leitos.jpeg 559w, https:\/\/senoticias.com.br\/se\/wp-content\/uploads\/2021\/03\/leitos-240x300.jpeg 240w\" sizes=\"(max-width: 559px) 100vw, 559px\" \/><figcaption>Os n\u00fameros preocupam os gestores que relacionam a alta transmissibilidade do v\u00edrus e a baixa ades\u00e3o da popula\u00e7\u00e3o \u00e0s medidas restritivas como causas do cen\u00e1rio crescente de casos, interna\u00e7\u00f5es e \u00f3bitos &#8211; Foto: SES<\/figcaption><\/figure>\n\n\n\n<p><br>O diretor de Vigil\u00e2ncia em Sa\u00fade da SES, Marco Aur\u00e9lio G\u00f3es, salientou que esta segunda onda, no mundo inteiro, tem caracter\u00edsticas diferentes da primeira, quando alguns pa\u00edses e estados como Sergipe, conseguiram controlar a velocidade de transmiss\u00e3o com as medidas restritivas e, principalmente, com a ades\u00e3o das pessoas, muito particularmente com o distanciamento social.<\/p>\n\n\n\n<p><br>\u201cObservamos que temos novas variantes circulando e isso tem derivado em uma transmiss\u00e3o mais intensa, em um cen\u00e1rio em que as pessoas seguem menos as medidas de distanciamento social e at\u00e9 tentam burlar as regras e os decretos, o que favorece a dissemina\u00e7\u00e3o do v\u00edrus. As novas linhagens alcan\u00e7am mais pessoas, fazendo mais pacientes graves que precisam de internamento, al\u00e9m de mais \u00f3bitos\u201d, sinalizou o diretor.<\/p>\n\n\n\n<p><br>Segundo Marco Aur\u00e9lio, muitas pessoas n\u00e3o conseguem sequer ser internadas porque chegam \u00e0s urg\u00eancias em estado muito grave e morrem antes de serem estabilizadas. \u201cA gente tem um cen\u00e1rio que \u00e9 de alta transmiss\u00e3o, de ocupa\u00e7\u00e3o hospitalar que s\u00f3 faz crescer nos \u00faltimos dias, tanto nas unidades particulares quanto p\u00fablicas. Por isso, \u00e9 fundamental que as medidas restritivas precisam ser adotadas por todos\u201d, conclamou.<\/p>\n\n\n\n<p><br>Orienta o diretor de Vigil\u00e2ncia em Sa\u00fade que a popula\u00e7\u00e3o mantenha o distanciamento social e fique em casa, sempre que puder. Sugere que todos fiscalizem as medidas restritivas e que os gestores cobrem a ado\u00e7\u00e3o por parte da sociedade. Marco Aur\u00e9lio destacou que a pandemia ocorre em ondas e que haver\u00e1 um pico de transmiss\u00e3o e s\u00f3 ap\u00f3s isso, os n\u00fameros de casos, internamentos e \u00f3bitos decrescer\u00e3o.<\/p>\n\n\n\n<p><br>\u201cNosso esfor\u00e7o, que tamb\u00e9m deve ser da sociedade, tem que ser para que o pico n\u00e3o seja t\u00e3o alto. Do contr\u00e1rio, ser\u00e3o muitos \u00f3bitos, ser\u00e1 a morte de pessoas que est\u00e3o no nosso conv\u00edvio\u201d, alertou, observando que quando a curva de transmiss\u00e3o estiver decrescente torna-se importante que as medidas sejam mantidas de forma individual para que o estado n\u00e3o seja surpreendido com outra onda.<\/p>\n\n\n\n<p><em>Quer receber as principais not\u00edcias do&nbsp;<strong>SE Not\u00edcias<\/strong>&nbsp;no seu&nbsp;<strong>WhatsApp?<\/strong>&nbsp;<strong><a href=\"https:\/\/api.whatsapp.com\/send?phone=5579991715289\">Clique aqui<\/a><\/strong>.<\/em><\/p>\n\n\n\n<p><strong><em>Acompanhe tamb\u00e9m o SE Not\u00edcias no&nbsp;<a rel=\"noreferrer noopener\" href=\"https:\/\/twitter.com\/Senoticias\" target=\"_blank\">Twitter<\/a>,&nbsp;<a rel=\"noreferrer noopener\" href=\"https:\/\/www.facebook.com\/senoticias1\" target=\"_blank\">Facebook<\/a>&nbsp;e no&nbsp;<a rel=\"noreferrer noopener\" href=\"https:\/\/www.instagram.com\/senoticias\/\" target=\"_blank\">Instagram<\/a><\/em><\/strong><\/p>\n\n\n\n<p>Fonte: SES<\/p>\n","protected":false},"excerpt":{"rendered":"<p>Em 16 de julho de 2020, a Secretaria de Estado da Sa\u00fade (SES) registrava um recorde no n\u00famero de interna\u00e7\u00f5es por Covid-19. Eram 764 pessoas ocupando um leito de hospital na primeira onda da pandemia. Na \u00faltima quarta-feira, 23, o recorde foi quebrado quando a secretaria contabilizou 820 internados em UTI e enfermarias p\u00fablicas e [&hellip;]<\/p>\n","protected":false},"author":6552,"featured_media":0,"comment_status":"closed","ping_status":"closed","sticky":false,"template":"","format":"standard","meta":{"footnotes":""},"categories":[15,6,1],"tags":[14279,16801,14369,6385],"class_list":{"0":"post-127272","1":"post","2":"type-post","3":"status-publish","4":"format-standard","6":"category-destaques","7":"category-politica","8":"category-sem-categoria","9":"tag-covid19","10":"tag-internacoes-por-covid-19","11":"tag-pandemia","12":"tag-secretaria-de-estado-da-saude"},"_links":{"self":[{"href":"https:\/\/senoticias.com.br\/se\/wp-json\/wp\/v2\/posts\/127272"}],"collection":[{"href":"https:\/\/senoticias.com.br\/se\/wp-json\/wp\/v2\/posts"}],"about":[{"href":"https:\/\/senoticias.com.br\/se\/wp-json\/wp\/v2\/types\/post"}],"author":[{"embeddable":true,"href":"https:\/\/senoticias.com.br\/se\/wp-json\/wp\/v2\/users\/6552"}],"replies":[{"embeddable":true,"href":"https:\/\/senoticias.com.br\/se\/wp-json\/wp\/v2\/comments?post=127272"}],"version-history":[{"count":0,"href":"https:\/\/senoticias.com.br\/se\/wp-json\/wp\/v2\/posts\/127272\/revisions"}],"wp:attachment":[{"href":"https:\/\/senoticias.com.br\/se\/wp-json\/wp\/v2\/media?parent=127272"}],"wp:term":[{"taxonomy":"category","embeddable":true,"href":"https:\/\/senoticias.com.br\/se\/wp-json\/wp\/v2\/categories?post=127272"},{"taxonomy":"post_tag","embeddable":true,"href":"https:\/\/senoticias.com.br\/se\/wp-json\/wp\/v2\/tags?post=127272"}],"curies":[{"name":"wp","href":"https:\/\/api.w.org\/{rel}","templated":true}]}}