{"id":127271,"date":"2021-03-26T19:14:36","date_gmt":"2021-03-26T22:14:36","guid":{"rendered":"https:\/\/senoticias.com.br\/se\/?p=127271"},"modified":"2021-03-26T19:28:00","modified_gmt":"2021-03-26T22:28:00","slug":"toque-de-recolher-comecou-mais-cedo-neste-fim-de-semana","status":"publish","type":"post","link":"https:\/\/senoticias.com.br\/se\/toque-de-recolher-comecou-mais-cedo-neste-fim-de-semana\/","title":{"rendered":"Toque de recolher come\u00e7ou mais cedo neste fim de semana"},"content":{"rendered":"\n<p><\/p>\n\n\n\n<p>Como determinado pelo decreto estadual, o toque de recolher come\u00e7a mais cedo nesta sexta-feira (26) s\u00e1bado (27) e domingo (28). A medida restritiva come\u00e7a a valer a partir das 18h.<\/p>\n\n\n\n<p>Por conta disso, os estabelecimentos que n\u00e3o considerados essenciais, como, por exemplo, sal\u00f5es de beleza, academia, templos religiosos e supermercados, precisam encerrar as atividades \u00e0s 17h.<\/p>\n\n\n\n<p>Durante o toque de recolher, bares e restaurantes podem continuar o servi\u00e7o apenas por delivery. Vale lembrar, que os clientes n\u00e3o podem fazer a retirada dos pedidos no estabelecimento, afinal, fica proibida a circula\u00e7\u00e3o de pessoas e de ve\u00edculos nas ruas.<\/p>\n\n\n\n<p><strong>\u00d4nibus<\/strong><\/p>\n\n\n\n<p>Neste per\u00edodo, a circula\u00e7\u00e3o do transporte coletivo tamb\u00e9m ser\u00e1 alterada. Segundo a Prefeitura de Aracaju, a redu\u00e7\u00e3o da frota acontece a partir das 18h e o encerramento das atividades \u00e0s 21h.<\/p>\n\n\n\n<p><em>Quer receber as principais not\u00edcias do&nbsp;<strong>SE Not\u00edcias<\/strong>&nbsp;no seu&nbsp;<strong>WhatsApp?<\/strong>&nbsp;<strong><a href=\"https:\/\/api.whatsapp.com\/send?phone=5579991715289\">Clique aqui<\/a><\/strong>.<\/em><\/p>\n\n\n\n<p><strong><em>Acompanhe tamb\u00e9m o SE Not\u00edcias no&nbsp;<a rel=\"noreferrer noopener\" href=\"https:\/\/twitter.com\/Senoticias\" target=\"_blank\">Twitter<\/a>,&nbsp;<a rel=\"noreferrer noopener\" href=\"https:\/\/www.facebook.com\/senoticias1\" target=\"_blank\">Facebook<\/a>&nbsp;e no&nbsp;<a rel=\"noreferrer noopener\" href=\"https:\/\/www.instagram.com\/senoticias\/\" target=\"_blank\">Instagram<\/a><\/em><\/strong><\/p>\n","protected":false},"excerpt":{"rendered":"<p>Como determinado pelo decreto estadual, o toque de recolher come\u00e7a mais cedo nesta sexta-feira (26) s\u00e1bado (27) e domingo (28). A medida restritiva come\u00e7a a valer a partir das 18h. Por conta disso, os estabelecimentos que n\u00e3o considerados essenciais, como, por exemplo, sal\u00f5es de beleza, academia, templos religiosos e supermercados, precisam encerrar as atividades \u00e0s [&hellip;]<\/p>\n","protected":false},"author":6552,"featured_media":0,"comment_status":"closed","ping_status":"closed","sticky":false,"template":"","format":"standard","meta":{"footnotes":""},"categories":[1],"tags":[],"class_list":{"0":"post-127271","1":"post","2":"type-post","3":"status-publish","4":"format-standard","6":"category-sem-categoria"},"_links":{"self":[{"href":"https:\/\/senoticias.com.br\/se\/wp-json\/wp\/v2\/posts\/127271"}],"collection":[{"href":"https:\/\/senoticias.com.br\/se\/wp-json\/wp\/v2\/posts"}],"about":[{"href":"https:\/\/senoticias.com.br\/se\/wp-json\/wp\/v2\/types\/post"}],"author":[{"embeddable":true,"href":"https:\/\/senoticias.com.br\/se\/wp-json\/wp\/v2\/users\/6552"}],"replies":[{"embeddable":true,"href":"https:\/\/senoticias.com.br\/se\/wp-json\/wp\/v2\/comments?post=127271"}],"version-history":[{"count":0,"href":"https:\/\/senoticias.com.br\/se\/wp-json\/wp\/v2\/posts\/127271\/revisions"}],"wp:attachment":[{"href":"https:\/\/senoticias.com.br\/se\/wp-json\/wp\/v2\/media?parent=127271"}],"wp:term":[{"taxonomy":"category","embeddable":true,"href":"https:\/\/senoticias.com.br\/se\/wp-json\/wp\/v2\/categories?post=127271"},{"taxonomy":"post_tag","embeddable":true,"href":"https:\/\/senoticias.com.br\/se\/wp-json\/wp\/v2\/tags?post=127271"}],"curies":[{"name":"wp","href":"https:\/\/api.w.org\/{rel}","templated":true}]}}