{"id":127270,"date":"2021-03-26T11:23:47","date_gmt":"2021-03-26T14:23:47","guid":{"rendered":"https:\/\/senoticias.com.br\/se\/?p=127270"},"modified":"2021-03-26T11:26:18","modified_gmt":"2021-03-26T14:26:18","slug":"governo-do-estado-inicia-pagamento-da-folha-de-marco-nesta-terca-feira-30","status":"publish","type":"post","link":"https:\/\/senoticias.com.br\/se\/governo-do-estado-inicia-pagamento-da-folha-de-marco-nesta-terca-feira-30\/","title":{"rendered":"Governo do Estado inicia pagamento da folha de mar\u00e7o nesta ter\u00e7a-feira, 30"},"content":{"rendered":"\n<p>O governo do Estado inicia o pagamento da folha de mar\u00e7o nesta ter\u00e7a-feira (30), quando recebem, os servidores ativos da Secretaria de Estado da Sa\u00fade (SES) e suas Funda\u00e7\u00f5es. Os demais servidores recebem na quarta-feira (31), quando ser\u00e1 conclu\u00eddo o pagamento para todos os 70.702 funcion\u00e1rios p\u00fablicos estaduais ativos, inativos e comissionados.<\/p>\n\n\n\n<figure class=\"wp-block-image size-large\"><img loading=\"lazy\" decoding=\"async\" width=\"550\" height=\"311\" src=\"https:\/\/senoticias.com.br\/se\/wp-content\/uploads\/2020\/07\/Dinheiro_Usp_Imagens-e1593720427739.png\" alt=\"\" class=\"wp-image-124055\"\/><figcaption>Recebem nesta data, os funcion\u00e1rios ativos da Sa\u00fade. Demais servidores recebem na quarta, 31 &#8211; Foto: arquivo\/ASN<\/figcaption><\/figure>\n\n\n\n<p>Devido \u00e0 \u00faltima Resolu\u00e7\u00e3o estadual, o governo decidiu realizar o pagamento em dois dias diferenciados, iniciando com os servidores da Sa\u00fade, com intuito de evitar o deslocamento de muitas pessoas aos bancos ao mesmo tempo, devido ao momento mais cr\u00edtico da pandemia.<\/p>\n\n\n\n<p><strong>13\u00ba Sal\u00e1rio de 2021<\/strong><\/p>\n\n\n\n<p>Para os pensionistas e aposentados que recebem at\u00e9 R$ 6 mil, o Governo realiza, tamb\u00e9m, o pagamento da 3\u00aa parcela (do total de 10) do 13\u00ba sal\u00e1rio de 2021, junto com o sal\u00e1rio do m\u00eas.<\/p>\n\n\n\n<p>Aos demais servidores ativos e inativos, aniversariantes do m\u00eas de mar\u00e7o, o Governo paga a 1\u00aa parcela do 13\u00ba Sal\u00e1rio de 2021, de forma proporcional, junto com o sal\u00e1rio de mar\u00e7o. A segunda parcela ser\u00e1 paga at\u00e9 20 de dezembro de 2021.<\/p>\n\n\n\n<p><em>Quer receber as principais not\u00edcias do&nbsp;<strong>SE Not\u00edcias<\/strong>&nbsp;no seu&nbsp;<strong>WhatsApp?<\/strong>&nbsp;<strong><a href=\"https:\/\/api.whatsapp.com\/send?phone=5579991715289\">Clique aqui<\/a><\/strong>.<\/em><\/p>\n\n\n\n<p><strong><em>Acompanhe tamb\u00e9m o SE Not\u00edcias no\u00a0<a rel=\"noreferrer noopener\" href=\"https:\/\/twitter.com\/Senoticias\" target=\"_blank\">Twitter<\/a>,\u00a0<a rel=\"noreferrer noopener\" href=\"https:\/\/www.facebook.com\/senoticias1\" target=\"_blank\">Facebook<\/a>\u00a0e no\u00a0<a rel=\"noreferrer noopener\" href=\"https:\/\/www.instagram.com\/senoticias\/\" target=\"_blank\">Instagram<\/a><\/em><\/strong><\/p>\n\n\n\n<p>Fonte: Ag\u00eancia Sergipe de Not\u00edcias<\/p>\n","protected":false},"excerpt":{"rendered":"<p>O governo do Estado inicia o pagamento da folha de mar\u00e7o nesta ter\u00e7a-feira (30), quando recebem, os servidores ativos da Secretaria de Estado da Sa\u00fade (SES) e suas Funda\u00e7\u00f5es. Os demais servidores recebem na quarta-feira (31), quando ser\u00e1 conclu\u00eddo o pagamento para todos os 70.702 funcion\u00e1rios p\u00fablicos estaduais ativos, inativos e comissionados. Devido \u00e0 \u00faltima [&hellip;]<\/p>\n","protected":false},"author":6552,"featured_media":0,"comment_status":"closed","ping_status":"closed","sticky":false,"template":"","format":"standard","meta":{"footnotes":""},"categories":[15,6,1],"tags":[],"class_list":{"0":"post-127270","1":"post","2":"type-post","3":"status-publish","4":"format-standard","6":"category-destaques","7":"category-politica","8":"category-sem-categoria"},"_links":{"self":[{"href":"https:\/\/senoticias.com.br\/se\/wp-json\/wp\/v2\/posts\/127270"}],"collection":[{"href":"https:\/\/senoticias.com.br\/se\/wp-json\/wp\/v2\/posts"}],"about":[{"href":"https:\/\/senoticias.com.br\/se\/wp-json\/wp\/v2\/types\/post"}],"author":[{"embeddable":true,"href":"https:\/\/senoticias.com.br\/se\/wp-json\/wp\/v2\/users\/6552"}],"replies":[{"embeddable":true,"href":"https:\/\/senoticias.com.br\/se\/wp-json\/wp\/v2\/comments?post=127270"}],"version-history":[{"count":0,"href":"https:\/\/senoticias.com.br\/se\/wp-json\/wp\/v2\/posts\/127270\/revisions"}],"wp:attachment":[{"href":"https:\/\/senoticias.com.br\/se\/wp-json\/wp\/v2\/media?parent=127270"}],"wp:term":[{"taxonomy":"category","embeddable":true,"href":"https:\/\/senoticias.com.br\/se\/wp-json\/wp\/v2\/categories?post=127270"},{"taxonomy":"post_tag","embeddable":true,"href":"https:\/\/senoticias.com.br\/se\/wp-json\/wp\/v2\/tags?post=127270"}],"curies":[{"name":"wp","href":"https:\/\/api.w.org\/{rel}","templated":true}]}}