{"id":127250,"date":"2021-03-25T11:08:29","date_gmt":"2021-03-25T14:08:29","guid":{"rendered":"https:\/\/senoticias.com.br\/se\/?p=127250"},"modified":"2021-03-25T11:19:24","modified_gmt":"2021-03-25T14:19:24","slug":"quatro-estabelecimentos-sao-notificados-em-fiscalizacao-da-forca-tarefa-de-combate-a-covid-19","status":"publish","type":"post","link":"https:\/\/senoticias.com.br\/se\/quatro-estabelecimentos-sao-notificados-em-fiscalizacao-da-forca-tarefa-de-combate-a-covid-19\/","title":{"rendered":"Quatro estabelecimentos s\u00e3o notificados em fiscaliza\u00e7\u00e3o da For\u00e7a-tarefa de combate \u00e0 Covid-19"},"content":{"rendered":"\n<p>Em mais uma a\u00e7\u00e3o da For\u00e7a-tarefa de combate \u00e0 Covid-19, na noite da quarta-feira, 24, nove estabelecimentos dos bairros Santos Ant\u00f4nio e 18 do Forte foram fiscalizados, enquanto quatro foram notificados, por estarem descumprindo as resolu\u00e7\u00f5es e decretos do Governo do Estado.<\/p>\n\n\n\n<figure class=\"wp-block-image size-large\"><img loading=\"lazy\" decoding=\"async\" width=\"553\" height=\"382\" src=\"https:\/\/senoticias.com.br\/se\/wp-content\/uploads\/2021\/03\/Operacao-Combate-SE-NOTICIAS-1024x706-1.jpeg\" alt=\"\" class=\"wp-image-127252\" srcset=\"https:\/\/senoticias.com.br\/se\/wp-content\/uploads\/2021\/03\/Operacao-Combate-SE-NOTICIAS-1024x706-1.jpeg 553w, https:\/\/senoticias.com.br\/se\/wp-content\/uploads\/2021\/03\/Operacao-Combate-SE-NOTICIAS-1024x706-1-300x207.jpeg 300w\" sizes=\"(max-width: 553px) 100vw, 553px\" \/><figcaption>A For\u00e7a-tarefa contou com \u00f3rg\u00e3os do Governo do Estado &#8211; Foto: Valter Sobrinho\/SES<\/figcaption><\/figure>\n\n\n\n<p>De acordo com a resolu\u00e7\u00e3o atual, at\u00e9 o pr\u00f3ximo dia 31 de mar\u00e7o deve haver toque de recolher de segunda a quinta-feira, com restri\u00e7\u00e3o na circula\u00e7\u00e3o de pessoas das 20h \u00e0s 5h; na sexta-feira, s\u00e1bado e domingo, das 18h \u00e0s 5h. J\u00e1 os estabelecimentos de servi\u00e7os e comerciais, dever\u00e3o encerrar as suas atividades at\u00e9 \u00e0s 18h. Entretanto, os supermercados e cong\u00eaneres poder\u00e3o funcionar at\u00e9 \u00e0s 19h, de modo a garantir o deslocamento dos seus colaboradores \u00e0s suas resid\u00eancias.<\/p>\n\n\n\n<p>Segundo a fiscal sanit\u00e1ria da Secretaria de Estado da Sa\u00fade,&nbsp; Ana Paula Aciole, as equipes fiscalizam panificadoras, mercearias, barbearias, bares e outros estabelecimentos. Na ocasi\u00e3o dos quatro estabelecimentos notificados,&nbsp; dois foram bares, um foi uma aula de dan\u00e7a coletiva e uma aula de Karat\u00ea.<\/p>\n\n\n\n<p>\u201cAs aulas de esportes coletivos est\u00e3o proibidos conforme a resolu\u00e7\u00e3o, ent\u00e3o notificamos esses dois estabelecimentos. Outra coisa que venho percebendo, \u00e9 que as pessoas est\u00e3o achando que o toque de recolher \u00e9 na hora de fechar, e n\u00e3o \u00e9.&nbsp; Os estabelecimentos essenciais devem fechar \u00e0s 19h para dar tempo dos funcion\u00e1rios chegarem em casa at\u00e9 \u00e0s 20 h. J\u00e1 os que n\u00e3o s\u00e3o essenciais devem fechar \u00e0s 18h\u201d, destaca a fiscal.<\/p>\n\n\n\n<p>A For\u00e7a-tarefa contou com \u00f3rg\u00e3os do Governo do Estado. Al\u00e9m da Vigil\u00e2ncia Sanit\u00e1ria estadual, estiveram presentes a Pol\u00edcia Militar, o Corpo de Bombeiros, o Procon estadual e a Defesa Civil. No interior do Estado, todas as unidades tamb\u00e9m est\u00e3o contando com refor\u00e7o policial. J\u00e1 na capital, as fiscaliza\u00e7\u00f5es tamb\u00e9m ser\u00e3o feitas pela equipe da Prefeitura de Aracaju em outros bairros.<\/p>\n\n\n\n<p><em>Quer receber as principais not\u00edcias do&nbsp;<strong>SE Not\u00edcias<\/strong>&nbsp;no seu&nbsp;<strong>WhatsApp?<\/strong>&nbsp;<strong><a href=\"https:\/\/api.whatsapp.com\/send?phone=5579991715289\">Clique aqui<\/a><\/strong>.<\/em><\/p>\n\n\n\n<p><strong><em>Acompanhe tamb\u00e9m o SE Not\u00edcias no\u00a0<a rel=\"noreferrer noopener\" href=\"https:\/\/twitter.com\/Senoticias\" target=\"_blank\">Twitter<\/a>,\u00a0<a rel=\"noreferrer noopener\" href=\"https:\/\/www.facebook.com\/senoticias1\" target=\"_blank\">Facebook<\/a>\u00a0e no\u00a0<a rel=\"noreferrer noopener\" href=\"https:\/\/www.instagram.com\/senoticias\/\" target=\"_blank\">Instagram<\/a><\/em><\/strong><\/p>\n\n\n\n<p>Fonte: Secretaria de Estado da Sa\u00fade<\/p>\n","protected":false},"excerpt":{"rendered":"<p>Em mais uma a\u00e7\u00e3o da For\u00e7a-tarefa de combate \u00e0 Covid-19, na noite da quarta-feira, 24, nove estabelecimentos dos bairros Santos Ant\u00f4nio e 18 do Forte foram fiscalizados, enquanto quatro foram notificados, por estarem descumprindo as resolu\u00e7\u00f5es e decretos do Governo do Estado. De acordo com a resolu\u00e7\u00e3o atual, at\u00e9 o pr\u00f3ximo dia 31 de mar\u00e7o [&hellip;]<\/p>\n","protected":false},"author":6552,"featured_media":127251,"comment_status":"closed","ping_status":"closed","sticky":false,"template":"","format":"standard","meta":{"footnotes":""},"categories":[15,6,1],"tags":[539,6314,16434,911,86,4690],"class_list":{"0":"post-127250","1":"post","2":"type-post","3":"status-publish","4":"format-standard","5":"has-post-thumbnail","7":"category-destaques","8":"category-politica","9":"category-sem-categoria","10":"tag-corpo-de-bombeiros","11":"tag-defesa-civil","12":"tag-forca-tarefa-2","13":"tag-governo-do-estado","14":"tag-policia-militar","15":"tag-procon-estadual"},"_links":{"self":[{"href":"https:\/\/senoticias.com.br\/se\/wp-json\/wp\/v2\/posts\/127250"}],"collection":[{"href":"https:\/\/senoticias.com.br\/se\/wp-json\/wp\/v2\/posts"}],"about":[{"href":"https:\/\/senoticias.com.br\/se\/wp-json\/wp\/v2\/types\/post"}],"author":[{"embeddable":true,"href":"https:\/\/senoticias.com.br\/se\/wp-json\/wp\/v2\/users\/6552"}],"replies":[{"embeddable":true,"href":"https:\/\/senoticias.com.br\/se\/wp-json\/wp\/v2\/comments?post=127250"}],"version-history":[{"count":0,"href":"https:\/\/senoticias.com.br\/se\/wp-json\/wp\/v2\/posts\/127250\/revisions"}],"wp:featuredmedia":[{"embeddable":true,"href":"https:\/\/senoticias.com.br\/se\/wp-json\/wp\/v2\/media\/127251"}],"wp:attachment":[{"href":"https:\/\/senoticias.com.br\/se\/wp-json\/wp\/v2\/media?parent=127250"}],"wp:term":[{"taxonomy":"category","embeddable":true,"href":"https:\/\/senoticias.com.br\/se\/wp-json\/wp\/v2\/categories?post=127250"},{"taxonomy":"post_tag","embeddable":true,"href":"https:\/\/senoticias.com.br\/se\/wp-json\/wp\/v2\/tags?post=127250"}],"curies":[{"name":"wp","href":"https:\/\/api.w.org\/{rel}","templated":true}]}}