{"id":127240,"date":"2021-03-25T06:50:12","date_gmt":"2021-03-25T09:50:12","guid":{"rendered":"https:\/\/senoticias.com.br\/se\/?p=127240"},"modified":"2021-03-25T06:50:18","modified_gmt":"2021-03-25T09:50:18","slug":"conheca-a-nova-gestao-da-universidade-federal-de-sergipe","status":"publish","type":"post","link":"https:\/\/senoticias.com.br\/se\/conheca-a-nova-gestao-da-universidade-federal-de-sergipe\/","title":{"rendered":"Conhe\u00e7a a nova gest\u00e3o da Universidade Federal de Sergipe"},"content":{"rendered":"\n<p>Na tarde de quarta-feira, 24, o <strong>professor Valter Joviniano de Santana Filho recebeu o cargo de reitor da Universidade Federal de Sergipe<\/strong> (UFS) da professora Lili\u00e1dia da Silva Oliveira Barreto, que assumiu a gest\u00e3o pro tempore da institui\u00e7\u00e3o entre novembro de 2020 e mar\u00e7o de 2021. A solenidade de transmiss\u00e3o de cargo ocorreu na Sala dos Conselhos Superiores, localizada no campus S\u00e3o Crist\u00f3v\u00e3o, com exibi\u00e7\u00e3o ao vivo no canal da UFS no <strong><a href=\"https:\/\/www.youtube.com\/watch?v=8nUrroOGMcg\">YouTube<\/a><\/strong>. O p\u00fablico foi restrito como medida de preven\u00e7\u00e3o \u00e0 propaga\u00e7\u00e3o do novo coronav\u00edrus.<\/p>\n\n\n\n<figure class=\"wp-block-image size-large\"><img loading=\"lazy\" decoding=\"async\" width=\"570\" height=\"380\" src=\"https:\/\/senoticias.com.br\/se\/wp-content\/uploads\/2021\/03\/Nova-gestao-UFS-SE-Noticias.jpg\" alt=\"\" class=\"wp-image-127241\" srcset=\"https:\/\/senoticias.com.br\/se\/wp-content\/uploads\/2021\/03\/Nova-gestao-UFS-SE-Noticias.jpg 570w, https:\/\/senoticias.com.br\/se\/wp-content\/uploads\/2021\/03\/Nova-gestao-UFS-SE-Noticias-300x200.jpg 300w, https:\/\/senoticias.com.br\/se\/wp-content\/uploads\/2021\/03\/Nova-gestao-UFS-SE-Noticias-90x60.jpg 90w, https:\/\/senoticias.com.br\/se\/wp-content\/uploads\/2021\/03\/Nova-gestao-UFS-SE-Noticias-180x120.jpg 180w, https:\/\/senoticias.com.br\/se\/wp-content\/uploads\/2021\/03\/Nova-gestao-UFS-SE-Noticias-95x64.jpg 95w\" sizes=\"(max-width: 570px) 100vw, 570px\" \/><figcaption>Solenidade aconteceu no campus de S\u00e3o Crist\u00f3v\u00e3o, ap\u00f3s posse do reitor em Bras\u00edlia -Foto: Adilson Andade\/Ascom UFS)<\/figcaption><\/figure>\n\n\n\n<p>Em seu discurso, o professor Valter Santana ressaltou os desafios a serem enfrentados, em especial durante a pandemia. \u201cHoje temos uma universidade transformada e que se expandiu. Iremos trabalhar para melhorar os indicadores, com transpar\u00eancia, com efici\u00eancia na aplica\u00e7\u00e3o dos recursos p\u00fablicos e buscando a participa\u00e7\u00e3o de todos. O momento exige a\u00e7\u00e3o, vigil\u00e2ncia e cautela, al\u00e9m de esfor\u00e7o m\u00fatuo para que a UFS trilhe o caminho da estabilidade e do di\u00e1logo\u201d, pontuou o reitor, que assume o mandato pelos pr\u00f3ximos quatro anos.<\/p>\n\n\n\n<p>Por sua vez, a professora Lili\u00e1dia Barreto agradeceu \u00e0 sua equipe pelos quatro meses de coopera\u00e7\u00e3o m\u00fatua. \u201cFoi um momento importante para a universidade, de reflex\u00e3o, em um contexto de pandemia, de tantas inseguran\u00e7as. Um momento de parar e pensar sobre democracia, autonomia, enfim, foi uma oportunidade \u00edmpar. Agrade\u00e7o a todos pelo coleguismo e respeito nesses quatro meses de aprendizado. Volto agora, como servidora que sou, e estou \u00e0 disposi\u00e7\u00e3o da universidade para contribuir\u201d, afirmou Lili\u00e1dia.<\/p>\n\n\n\n<p><strong>Equipe gestora<\/strong><\/p>\n\n\n\n<p>Foram empossados o vice-reitor Rosalvo Ferreira, os pr\u00f3-reitores Dilton Maynard (Gradua\u00e7\u00e3o), Lucindo Quintans (P\u00f3s-Gradua\u00e7\u00e3o e Pesquisa) e Marcelo Mendes (Assuntos Estudantis), al\u00e9m do superintendente de Tecnologia da Informa\u00e7\u00e3o, Andr\u00e9s Men\u00e9ndez.<\/p>\n\n\n\n<p>Os pr\u00f3-reitores de Gest\u00e3o de Pessoas, Tha\u00eds Ettinger, e de Administra\u00e7\u00e3o, Abel Smith, foram reconduzidos ao cargo. A equipe tamb\u00e9m \u00e9 composta pelo chefe de Gabinete, Jos\u00e9 Antonio Barreto.<\/p>\n\n\n\n<p><strong>Nomea\u00e7\u00e3o e posse<\/strong><\/p>\n\n\n\n<p>Por meio de decreto assinado pelo presidente da Rep\u00fablica, Jair Bolsonaro, o professor Valter Santana foi nomeado para exercer o cargo de reitor da UFS no dia 17 de mar\u00e7o. Em 22 de mar\u00e7o, ele foi empossado pelo ministro da Educa\u00e7\u00e3o, Milton Ribeiro, em Bras\u00edlia.<\/p>\n\n\n\n<p><em><strong>Quer receber<\/strong>&nbsp;as principais not\u00edcias do&nbsp;<strong>SE Not\u00edcias<\/strong>&nbsp;no seu&nbsp;<strong>WhatsApp?<\/strong>&nbsp;<strong><a href=\"https:\/\/api.whatsapp.com\/send?phone=5579991715289\">Clique aqui<\/a><\/strong>.<\/em><\/p>\n\n\n\n<p><strong><em>Acompanhe tamb\u00e9m o SE Not\u00edcias no&nbsp;<a rel=\"noreferrer noopener\" href=\"https:\/\/twitter.com\/Senoticias\" target=\"_blank\">Twitter<\/a>,&nbsp;<a rel=\"noreferrer noopener\" href=\"https:\/\/www.facebook.com\/senoticias1\" target=\"_blank\">Facebook<\/a>&nbsp;e no&nbsp;<a rel=\"noreferrer noopener\" href=\"https:\/\/www.instagram.com\/senoticias\/\" target=\"_blank\">Instagram<\/a><\/em><\/strong><\/p>\n\n\n\n<p>Ascom\/UFS<\/p>\n","protected":false},"excerpt":{"rendered":"<p>Na tarde de quarta-feira, 24, o professor Valter Joviniano de Santana Filho recebeu o cargo de reitor da Universidade Federal de Sergipe (UFS) da professora Lili\u00e1dia da Silva Oliveira Barreto, que assumiu a gest\u00e3o pro tempore da institui\u00e7\u00e3o entre novembro de 2020 e mar\u00e7o de 2021. A solenidade de transmiss\u00e3o de cargo ocorreu na Sala [&hellip;]<\/p>\n","protected":false},"author":6552,"featured_media":0,"comment_status":"closed","ping_status":"closed","sticky":false,"template":"","format":"standard","meta":{"footnotes":""},"categories":[15,38],"tags":[9892,16783,16784,2299,6719],"class_list":{"0":"post-127240","1":"post","2":"type-post","3":"status-publish","4":"format-standard","6":"category-destaques","7":"category-municipios","8":"tag-campus-sao-cristovao","9":"tag-professor-valter-joviniano","10":"tag-professor-valter-santana","11":"tag-ufs","12":"tag-universidade-federal-de-sergipe"},"_links":{"self":[{"href":"https:\/\/senoticias.com.br\/se\/wp-json\/wp\/v2\/posts\/127240"}],"collection":[{"href":"https:\/\/senoticias.com.br\/se\/wp-json\/wp\/v2\/posts"}],"about":[{"href":"https:\/\/senoticias.com.br\/se\/wp-json\/wp\/v2\/types\/post"}],"author":[{"embeddable":true,"href":"https:\/\/senoticias.com.br\/se\/wp-json\/wp\/v2\/users\/6552"}],"replies":[{"embeddable":true,"href":"https:\/\/senoticias.com.br\/se\/wp-json\/wp\/v2\/comments?post=127240"}],"version-history":[{"count":0,"href":"https:\/\/senoticias.com.br\/se\/wp-json\/wp\/v2\/posts\/127240\/revisions"}],"wp:attachment":[{"href":"https:\/\/senoticias.com.br\/se\/wp-json\/wp\/v2\/media?parent=127240"}],"wp:term":[{"taxonomy":"category","embeddable":true,"href":"https:\/\/senoticias.com.br\/se\/wp-json\/wp\/v2\/categories?post=127240"},{"taxonomy":"post_tag","embeddable":true,"href":"https:\/\/senoticias.com.br\/se\/wp-json\/wp\/v2\/tags?post=127240"}],"curies":[{"name":"wp","href":"https:\/\/api.w.org\/{rel}","templated":true}]}}