{"id":127233,"date":"2021-03-24T19:13:13","date_gmt":"2021-03-24T22:13:13","guid":{"rendered":"https:\/\/senoticias.com.br\/se\/?p=127233"},"modified":"2021-03-24T19:13:20","modified_gmt":"2021-03-24T22:13:20","slug":"novo-ministro-da-saude-diz-que-meta-do-governo-e-vacinar-1-milhao-por-dia","status":"publish","type":"post","link":"https:\/\/senoticias.com.br\/se\/novo-ministro-da-saude-diz-que-meta-do-governo-e-vacinar-1-milhao-por-dia\/","title":{"rendered":"Novo ministro da sa\u00fade diz que meta do governo \u00e9 vacinar 1 milh\u00e3o por dia"},"content":{"rendered":"\n<p><\/p>\n\n\n\n<p>O novo ministro da Sa\u00fade, Marcelo Queiroga, disse hoje (24), durante coletiva de imprensa realizada na Esplanada dos Minist\u00e9rios, que ser\u00e1 poss\u00edvel triplicar o ritmo atual de vacina\u00e7\u00e3o &#8211; hoje na casa das 300 mil doses por dia &#8211; para chegar a cerca de 1 milh\u00e3o de doses aplicadas diariamente.<\/p>\n\n\n\n<figure class=\"wp-block-image size-large\"><img loading=\"lazy\" decoding=\"async\" width=\"590\" height=\"364\" src=\"https:\/\/senoticias.com.br\/se\/wp-content\/uploads\/2021\/03\/reuniao-alvorada_mcamgo_abr_240320211818-9_0.jpg\" alt=\"\" class=\"wp-image-127234\" srcset=\"https:\/\/senoticias.com.br\/se\/wp-content\/uploads\/2021\/03\/reuniao-alvorada_mcamgo_abr_240320211818-9_0.jpg 590w, https:\/\/senoticias.com.br\/se\/wp-content\/uploads\/2021\/03\/reuniao-alvorada_mcamgo_abr_240320211818-9_0-300x185.jpg 300w\" sizes=\"(max-width: 590px) 100vw, 590px\" \/><figcaption>Ministro descartou op\u00e7\u00e3o por lockdown e adiantou novos nomes na Sa\u00fade &#8211; Foto: Marcelo Camargo\/Abr<\/figcaption><\/figure>\n\n\n\n<p>\u201cO compromisso n\u00famero um do nosso governo \u00e9 a implementa\u00e7\u00e3o de uma forte campanha de vacina\u00e7\u00e3o. Todos sabem o esfor\u00e7o que foi feito para buscar vacinas. Hoje sabemos que 95% da popula\u00e7\u00e3o brasileira deseja ser imunizada. E n\u00f3s, agentes p\u00fablicos, temos que envidar esfor\u00e7os para que o programa de vacina\u00e7\u00e3o tenha concretude\u201d, declarou Queiroga.<\/p>\n\n\n\n<p>A posi\u00e7\u00e3o refor\u00e7a o compromisso feito em rede nacional ontem (23), pelo presidente Jair Bolsonaro, que afirmou que o governo far\u00e1 de 2021 o \u201cano da vacina\u00e7\u00e3o dos brasileiros\u201d. \u201cSomos incans\u00e1veis na luta contra o coronav\u00edrus. Essa \u00e9 a miss\u00e3o e vamos cumpri-la\u201d, afirmou o presidente.<\/p>\n\n\n\n<p>Sem lockdown, mas com distanciamento<\/p>\n\n\n\n<p>Quando perguntado sobre medidas n\u00e3o farmacol\u00f3gicas, o novo titular do minist\u00e9rio descartou lockdown como uma resposta para conter a dissemina\u00e7\u00e3o do v\u00edrus e citou outras formas de distanciamento.<\/p>\n\n\n\n<p>\u201cQuem quer o lockdown? Ningu\u00e9m quer lockdown. O que temos do ponto de vista pr\u00e1tico \u00e9 adotar medidas sanit\u00e1rias eficientes que evitem lockdown. At\u00e9 porque a popula\u00e7\u00e3o n\u00e3o adere. A vacina \u00e9 importante, mas precisamos usar m\u00e1scaras, precisamos manter um certo distanciamento. Vamos buscar maneiras de disciplinar o distanciamento social\u201d, disse.<\/p>\n\n\n\n<p><strong>Medicamentos off-label<\/strong><\/p>\n\n\n\n<p>Questionado sobre o endosso do Minist\u00e9rio da Sa\u00fade a protocolos off-label &#8211; o uso de medicamentos e subst\u00e2ncias para tratamentos que n\u00e3o constam em bula -, Queiroga reiterou a import\u00e2ncia da autonomia m\u00e9dica em rela\u00e7\u00e3o aos pacientes, e lembrou que o conhecimento cient\u00edfico \u00e9 din\u00e2mico e est\u00e1 constantemente em revis\u00e3o. \u201cEsta doen\u00e7a, que n\u00e3o tem tratamento espec\u00edfico, tem v\u00e1rios estudos que ainda n\u00e3o mostraram efic\u00e1cia, como a Anvisa atesta. O que precisamos alertar \u00e9 que o conhecimento cient\u00edfico \u00e9 din\u00e2mico. No passado, se dizia \u2018fica em casa e vai para o hospital quando tiver falta de ar\u2019. A ci\u00eancia evoluiu e vimos que precisamos atender paciente precocemente. Compete ao m\u00e9dico, com sua autonomia, decidir caso a caso\u201d, respondeu.<\/p>\n\n\n\n<p>Queiroga afirmou que Bolsonaro lhe conferiu autonomia para montar sua equipe e mencionou alguns nomes. Para a Secretaria Executiva foi indicado o servidor de carreira Rodrigo Castro. Para a Secretaria de Aten\u00e7\u00e3o Especializada em Sa\u00fade foi escolhido o Dr. S\u00e9rgio Okani, diretor-executivo de traumatologia do Hospital das Cl\u00ednicas de S\u00e3o Paulo.<\/p>\n\n\n\n<p>Uma secretaria especial ser\u00e1 criada para o combate \u00e0 pandemia, mas o nome n\u00e3o foi informado.<\/p>\n\n\n\n<p>Durante a entrevista, Queiroga tamb\u00e9m foi questionado sobre a queixa de secret\u00e1rios estaduais e municipais de sa\u00fade sobre o sistema para registrar mortes por covid-19. Mas n\u00e3o deu resposta sobre se as mudan\u00e7as exigindo mais dados seriam ou n\u00e3o mantidas. Em nota, o Minist\u00e9rio da Sa\u00fade informou que os novos campos ser\u00e3o suspensos por enquanto.<\/p>\n\n\n\n<p><em><strong>Quer receber<\/strong>&nbsp;as principais not\u00edcias do&nbsp;<strong>SE Not\u00edcias<\/strong>&nbsp;no seu&nbsp;<strong>WhatsApp?<\/strong>&nbsp;<strong><a href=\"https:\/\/api.whatsapp.com\/send?phone=5579991715289\">Clique aqui<\/a><\/strong>.<\/em><\/p>\n\n\n\n<p><strong><em>Acompanhe tamb\u00e9m o SE Not\u00edcias no\u00a0<a rel=\"noreferrer noopener\" href=\"https:\/\/twitter.com\/Senoticias\" target=\"_blank\">Twitter<\/a>,\u00a0<a rel=\"noreferrer noopener\" href=\"https:\/\/www.facebook.com\/senoticias1\" target=\"_blank\">Facebook<\/a>\u00a0e no\u00a0<a rel=\"noreferrer noopener\" href=\"https:\/\/www.instagram.com\/senoticias\/\" target=\"_blank\">Instagram<\/a><\/em><\/strong><\/p>\n\n\n\n<p>Fonte: Ag\u00eancia Brasil<\/p>\n","protected":false},"excerpt":{"rendered":"<p>O novo ministro da Sa\u00fade, Marcelo Queiroga, disse hoje (24), durante coletiva de imprensa realizada na Esplanada dos Minist\u00e9rios, que ser\u00e1 poss\u00edvel triplicar o ritmo atual de vacina\u00e7\u00e3o &#8211; hoje na casa das 300 mil doses por dia &#8211; para chegar a cerca de 1 milh\u00e3o de doses aplicadas diariamente. \u201cO compromisso n\u00famero um do [&hellip;]<\/p>\n","protected":false},"author":6552,"featured_media":0,"comment_status":"closed","ping_status":"closed","sticky":false,"template":"","format":"standard","meta":{"footnotes":""},"categories":[15,2961],"tags":[14279,16781,544,1869,14369],"class_list":{"0":"post-127233","1":"post","2":"type-post","3":"status-publish","4":"format-standard","6":"category-destaques","7":"category-nacional","8":"tag-covid19","9":"tag-marcelo-queiroga","10":"tag-ministerio-da-saude","11":"tag-ministro-da-saude","12":"tag-pandemia"},"_links":{"self":[{"href":"https:\/\/senoticias.com.br\/se\/wp-json\/wp\/v2\/posts\/127233"}],"collection":[{"href":"https:\/\/senoticias.com.br\/se\/wp-json\/wp\/v2\/posts"}],"about":[{"href":"https:\/\/senoticias.com.br\/se\/wp-json\/wp\/v2\/types\/post"}],"author":[{"embeddable":true,"href":"https:\/\/senoticias.com.br\/se\/wp-json\/wp\/v2\/users\/6552"}],"replies":[{"embeddable":true,"href":"https:\/\/senoticias.com.br\/se\/wp-json\/wp\/v2\/comments?post=127233"}],"version-history":[{"count":0,"href":"https:\/\/senoticias.com.br\/se\/wp-json\/wp\/v2\/posts\/127233\/revisions"}],"wp:attachment":[{"href":"https:\/\/senoticias.com.br\/se\/wp-json\/wp\/v2\/media?parent=127233"}],"wp:term":[{"taxonomy":"category","embeddable":true,"href":"https:\/\/senoticias.com.br\/se\/wp-json\/wp\/v2\/categories?post=127233"},{"taxonomy":"post_tag","embeddable":true,"href":"https:\/\/senoticias.com.br\/se\/wp-json\/wp\/v2\/tags?post=127233"}],"curies":[{"name":"wp","href":"https:\/\/api.w.org\/{rel}","templated":true}]}}