{"id":127157,"date":"2021-03-20T13:54:18","date_gmt":"2021-03-20T16:54:18","guid":{"rendered":"https:\/\/senoticias.com.br\/se\/?p=127157"},"modified":"2021-03-20T13:54:27","modified_gmt":"2021-03-20T16:54:27","slug":"forca-tarefa-de-combate-a-covid-19-fiscaliza-estabelecimentos-na-zona-norte-da-capital","status":"publish","type":"post","link":"https:\/\/senoticias.com.br\/se\/forca-tarefa-de-combate-a-covid-19-fiscaliza-estabelecimentos-na-zona-norte-da-capital\/","title":{"rendered":"For\u00e7a-tarefa de Combate \u00e0 Covid-19 fiscaliza estabelecimentos na zona norte da capital"},"content":{"rendered":"\n<p>Os estabelecimentos comerciais dos bairros Santos Dumont e Bugio receberam, no final da tarde desta quinta-feira (18), a fiscaliza\u00e7\u00e3o da For\u00e7a-tarefa de Combate \u00e0 Covid-19, que tem atuado na pandemia para monitorar e, se for o caso, penalizar, os estabelecimentos que descumprem as medidas restritivas e os protocolos sanit\u00e1rios estabelecidos em decreto pelo governo do Estado.&nbsp;<\/p>\n\n\n\n<figure class=\"wp-block-image size-large\"><img loading=\"lazy\" decoding=\"async\" width=\"564\" height=\"376\" src=\"https:\/\/senoticias.com.br\/se\/wp-content\/uploads\/2021\/03\/Forca-Tarefa-SE-Noticias-1.jpeg\" alt=\"\" class=\"wp-image-127158\" srcset=\"https:\/\/senoticias.com.br\/se\/wp-content\/uploads\/2021\/03\/Forca-Tarefa-SE-Noticias-1.jpeg 564w, https:\/\/senoticias.com.br\/se\/wp-content\/uploads\/2021\/03\/Forca-Tarefa-SE-Noticias-1-300x200.jpeg 300w, https:\/\/senoticias.com.br\/se\/wp-content\/uploads\/2021\/03\/Forca-Tarefa-SE-Noticias-1-90x60.jpeg 90w, https:\/\/senoticias.com.br\/se\/wp-content\/uploads\/2021\/03\/Forca-Tarefa-SE-Noticias-1-180x120.jpeg 180w, https:\/\/senoticias.com.br\/se\/wp-content\/uploads\/2021\/03\/Forca-Tarefa-SE-Noticias-1-95x64.jpeg 95w\" sizes=\"(max-width: 564px) 100vw, 564px\" \/><figcaption>Vigil\u00e2ncias Sanit\u00e1rias Estadual e Municipal, Corpo de Bombeiros, Defesa Civil, Procon e Pol\u00edcia Militar participaram da a\u00e7\u00e3o &#8211; Foto: Fl\u00e1via Pacheco\/SES<\/figcaption><\/figure>\n\n\n\n<p>Entre os dois bairros, foram fiscalizados 12 estabelecimentos comerciais, mas nenhuma ocorr\u00eancia foi registrada, segundo informou a fiscal da Vigil\u00e2ncia Sanit\u00e1ria Estadual, Vit\u00f3ria Menezes. \u201cN\u00e3o houve a necessidade de autuar nenhum estabelecimento uma vez que n\u00e3o detectamos nada grave, o que nos leva a acreditar que as pessoas est\u00e3o come\u00e7ando a entender a gravidade da pandemia\u201d, declarou a fiscal.<\/p>\n\n\n\n<p>Segundo ela, a equipe refor\u00e7ou junto aos donos de estabelecimentos e consumidores informa\u00e7\u00f5es acerca do cumprimento das medidas restritivas e do toque de recolher, reafirmando junto aos propriet\u00e1rios, inclusive de supermercados, que o hor\u00e1rio de fechamento n\u00e3o deve ultrapassar \u00e0s 19 horas.<\/p>\n\n\n\n<p>O toque de recolher come\u00e7a \u00e0s 20 horas e se estende at\u00e9 as 5h\u00a0da manh\u00e3 do dia seguinte. Participaram da for\u00e7a-tarefa de fiscaliza\u00e7\u00e3o, as Vigil\u00e2ncias Sanit\u00e1rias Estadual e Municipal, Corpo de Bombeiros, Defesa Civil, Procon e Pol\u00edcia Militar.<\/p>\n\n\n\n<p><em><strong>Quer receber<\/strong>&nbsp;as principais not\u00edcias do&nbsp;<strong>SE Not\u00edcias<\/strong>&nbsp;no seu&nbsp;<strong>WhatsApp?<\/strong>&nbsp;<strong><a href=\"https:\/\/api.whatsapp.com\/send?phone=5579991715289\">Clique aqui<\/a><\/strong>.<\/em><\/p>\n\n\n\n<p><strong><em>Acompanhe tamb\u00e9m o SE Not\u00edcias no\u00a0<a rel=\"noreferrer noopener\" href=\"https:\/\/twitter.com\/Senoticias\" target=\"_blank\">Twitter<\/a>,\u00a0<a rel=\"noreferrer noopener\" href=\"https:\/\/www.facebook.com\/senoticias1\" target=\"_blank\">Facebook<\/a>\u00a0e no\u00a0<a rel=\"noreferrer noopener\" href=\"https:\/\/www.instagram.com\/senoticias\/\" target=\"_blank\">Instagram<\/a><\/em><\/strong><\/p>\n\n\n\n<p>Fonte: Ag\u00eancia Sergipe de Not\u00edcias<\/p>\n","protected":false},"excerpt":{"rendered":"<p>Os estabelecimentos comerciais dos bairros Santos Dumont e Bugio receberam, no final da tarde desta quinta-feira (18), a fiscaliza\u00e7\u00e3o da For\u00e7a-tarefa de Combate \u00e0 Covid-19, que tem atuado na pandemia para monitorar e, se for o caso, penalizar, os estabelecimentos que descumprem as medidas restritivas e os protocolos sanit\u00e1rios estabelecidos em decreto pelo governo do [&hellip;]<\/p>\n","protected":false},"author":6552,"featured_media":0,"comment_status":"closed","ping_status":"closed","sticky":false,"template":"","format":"standard","meta":{"footnotes":""},"categories":[15,6],"tags":[14123,16434,16749,14369],"class_list":{"0":"post-127157","1":"post","2":"type-post","3":"status-publish","4":"format-standard","6":"category-destaques","7":"category-politica","8":"tag-coronavirus","9":"tag-forca-tarefa-2","10":"tag-forca-tarefa-combate-a-covid19","11":"tag-pandemia"},"_links":{"self":[{"href":"https:\/\/senoticias.com.br\/se\/wp-json\/wp\/v2\/posts\/127157"}],"collection":[{"href":"https:\/\/senoticias.com.br\/se\/wp-json\/wp\/v2\/posts"}],"about":[{"href":"https:\/\/senoticias.com.br\/se\/wp-json\/wp\/v2\/types\/post"}],"author":[{"embeddable":true,"href":"https:\/\/senoticias.com.br\/se\/wp-json\/wp\/v2\/users\/6552"}],"replies":[{"embeddable":true,"href":"https:\/\/senoticias.com.br\/se\/wp-json\/wp\/v2\/comments?post=127157"}],"version-history":[{"count":0,"href":"https:\/\/senoticias.com.br\/se\/wp-json\/wp\/v2\/posts\/127157\/revisions"}],"wp:attachment":[{"href":"https:\/\/senoticias.com.br\/se\/wp-json\/wp\/v2\/media?parent=127157"}],"wp:term":[{"taxonomy":"category","embeddable":true,"href":"https:\/\/senoticias.com.br\/se\/wp-json\/wp\/v2\/categories?post=127157"},{"taxonomy":"post_tag","embeddable":true,"href":"https:\/\/senoticias.com.br\/se\/wp-json\/wp\/v2\/tags?post=127157"}],"curies":[{"name":"wp","href":"https:\/\/api.w.org\/{rel}","templated":true}]}}