{"id":127102,"date":"2021-03-17T13:51:34","date_gmt":"2021-03-17T16:51:34","guid":{"rendered":"https:\/\/senoticias.com.br\/se\/?p=127102"},"modified":"2021-03-17T13:53:32","modified_gmt":"2021-03-17T16:53:32","slug":"toque-de-recolher-comeca-a-valer-nesta-quarta-em-sergipe-veja-todas-as-medidas-de-restricao-no-estado","status":"publish","type":"post","link":"https:\/\/senoticias.com.br\/se\/toque-de-recolher-comeca-a-valer-nesta-quarta-em-sergipe-veja-todas-as-medidas-de-restricao-no-estado\/","title":{"rendered":"Toque de recolher come\u00e7a a valer nesta quarta em Sergipe; veja todas as medidas de restri\u00e7\u00e3o no estado"},"content":{"rendered":"\n<p>A partir desta quarta-feira, 17, todos os estabelecimentos comerciais e de servi\u00e7os, incluindo lojas de conveni\u00eancia, ter\u00e3o que fechar as portas \u00e0s 18h, e o supermercados e similares \u00e0s 19h, para que os colaboradores se desloquem \u00e0s suas resid\u00eancias antes do toque de recolher estabelecido pelo Governo de Sergipe.<\/p>\n\n\n\n<figure class=\"wp-block-image size-large\"><img loading=\"lazy\" decoding=\"async\" width=\"550\" height=\"342\" src=\"https:\/\/senoticias.com.br\/se\/wp-content\/uploads\/2021\/03\/fiscalizacao_supermercados_fotosergiosilva_pma.jpg\" alt=\"\" class=\"wp-image-127103\" srcset=\"https:\/\/senoticias.com.br\/se\/wp-content\/uploads\/2021\/03\/fiscalizacao_supermercados_fotosergiosilva_pma.jpg 550w, https:\/\/senoticias.com.br\/se\/wp-content\/uploads\/2021\/03\/fiscalizacao_supermercados_fotosergiosilva_pma-300x187.jpg 300w, https:\/\/senoticias.com.br\/se\/wp-content\/uploads\/2021\/03\/fiscalizacao_supermercados_fotosergiosilva_pma-120x76.jpg 120w, https:\/\/senoticias.com.br\/se\/wp-content\/uploads\/2021\/03\/fiscalizacao_supermercados_fotosergiosilva_pma-308x192.jpg 308w\" sizes=\"(max-width: 550px) 100vw, 550px\" \/><figcaption>Supermercados poder\u00e3o funcionar at\u00e9 \u00e0s 19h &#8211; Foto: S\u00e9rgio Silva\/PMA<\/figcaption><\/figure>\n\n\n\n<p>O decreto governamental publicado no Di\u00e1rio Oficial de Sergipe desta ter\u00e7a-feira, 16, estipula \u201ctoque de recolher\u201d em todo o Estado do dia 17 at\u00e9 o dia 22. Essa foi uma medida adotada pelo Governo para tentar conter a dissemina\u00e7\u00e3o da Covid-19 em Sergipe.<\/p>\n\n\n\n<p>De acordo com o Governo, haver\u00e1 fiscaliza\u00e7\u00e3o para garantir o cumprimento do toque de recolher. O superintendente de comunica\u00e7\u00e3o do Governo, Givaldo Ricardo, explica que a inten\u00e7\u00e3o n\u00e3o \u00e9 punir ningu\u00e9m, mas diminuir a circula\u00e7\u00e3o de pessoas na tentativa de reduzir o cont\u00e1gio. \u201cHaver\u00e1 fiscaliza\u00e7\u00e3o e os estabelecimentos que descumprirem ser\u00e3o notificados, multados e, se necess\u00e1rio, fechados\u201d, destaca.<\/p>\n\n\n\n<p><strong>Fechamento durante o final de semana<\/strong><\/p>\n\n\n\n<p>Na \u00faltima sexta-feira, 12, o Governador Belivaldo Chagas, publicou um decreto reduzindo a capacidade de pessoas dentro dos estabelecimentos e determinando o fechamento do com\u00e9rcio, shoppings, bares, restaurantes e similares, igrejas e templos religiosos, e academias de gin\u00e1stica durante o pr\u00f3ximo final de semana.<\/p>\n\n\n\n<p>De acordo com Givaldo Ricardo, nada muda. O decreto continua em vigor se somando ao toque de recolher. Portanto, os bares, restaurantes, lanchonetes, shoppings, galerias, com\u00e9rcios e setores de servi\u00e7o estar\u00e3o fechados durante este final de semana.<\/p>\n\n\n\n<p>\u201cOs bares, restaurantes e similares fecham \u00e0s 18h da sexta-feira e s\u00f3 reabrem \u00e0s 5h da segunda-feira. O mesmo acontece com igrejas, templos religiosos, academias de gin\u00e1stica e o com\u00e9rcio de moda geral. A \u00fanica exce\u00e7\u00e3o \u00e9 para os supermercados que poder\u00e3o funcionar at\u00e9 as 19h\u201d, enfatiza.<\/p>\n\n\n\n<p><em><strong>Quer receber<\/strong>&nbsp;as principais not\u00edcias do&nbsp;<strong>SE Not\u00edcias<\/strong>&nbsp;no seu&nbsp;<strong>WhatsApp?<\/strong>&nbsp;<strong><a href=\"https:\/\/api.whatsapp.com\/send?phone=5579991715289\">Clique aqui<\/a><\/strong>.<\/em><\/p>\n\n\n\n<p><strong><em>Acompanhe tamb\u00e9m o SE Not\u00edcias no&nbsp;<a rel=\"noreferrer noopener\" href=\"https:\/\/twitter.com\/Senoticias\" target=\"_blank\">Twitter<\/a>,&nbsp;<a rel=\"noreferrer noopener\" href=\"https:\/\/www.facebook.com\/senoticias1\" target=\"_blank\">Facebook<\/a>&nbsp;e no&nbsp;<a rel=\"noreferrer noopener\" href=\"https:\/\/www.instagram.com\/senoticias\/\" target=\"_blank\">Instagram<\/a><\/em><\/strong><\/p>\n\n\n\n<p>Por Karla Pinheiro, do <a href=\"https:\/\/infonet.com.br\/noticias\/economia\/com-toque-de-recolher-comercio-e-supermercados-fecharao-mais-cedo\/\">portal Infonet<\/a><\/p>\n","protected":false},"excerpt":{"rendered":"<p>A partir desta quarta-feira, 17, todos os estabelecimentos comerciais e de servi\u00e7os, incluindo lojas de conveni\u00eancia, ter\u00e3o que fechar as portas \u00e0s 18h, e o supermercados e similares \u00e0s 19h, para que os colaboradores se desloquem \u00e0s suas resid\u00eancias antes do toque de recolher estabelecido pelo Governo de Sergipe. O decreto governamental publicado no Di\u00e1rio [&hellip;]<\/p>\n","protected":false},"author":6552,"featured_media":0,"comment_status":"closed","ping_status":"closed","sticky":false,"template":"","format":"standard","meta":{"footnotes":""},"categories":[15,6],"tags":[14279,448,14369,16548],"class_list":{"0":"post-127102","1":"post","2":"type-post","3":"status-publish","4":"format-standard","6":"category-destaques","7":"category-politica","8":"tag-covid19","9":"tag-governo-de-sergipe","10":"tag-pandemia","11":"tag-toque-de-recolher"},"_links":{"self":[{"href":"https:\/\/senoticias.com.br\/se\/wp-json\/wp\/v2\/posts\/127102"}],"collection":[{"href":"https:\/\/senoticias.com.br\/se\/wp-json\/wp\/v2\/posts"}],"about":[{"href":"https:\/\/senoticias.com.br\/se\/wp-json\/wp\/v2\/types\/post"}],"author":[{"embeddable":true,"href":"https:\/\/senoticias.com.br\/se\/wp-json\/wp\/v2\/users\/6552"}],"replies":[{"embeddable":true,"href":"https:\/\/senoticias.com.br\/se\/wp-json\/wp\/v2\/comments?post=127102"}],"version-history":[{"count":0,"href":"https:\/\/senoticias.com.br\/se\/wp-json\/wp\/v2\/posts\/127102\/revisions"}],"wp:attachment":[{"href":"https:\/\/senoticias.com.br\/se\/wp-json\/wp\/v2\/media?parent=127102"}],"wp:term":[{"taxonomy":"category","embeddable":true,"href":"https:\/\/senoticias.com.br\/se\/wp-json\/wp\/v2\/categories?post=127102"},{"taxonomy":"post_tag","embeddable":true,"href":"https:\/\/senoticias.com.br\/se\/wp-json\/wp\/v2\/tags?post=127102"}],"curies":[{"name":"wp","href":"https:\/\/api.w.org\/{rel}","templated":true}]}}