{"id":127077,"date":"2021-03-15T19:53:40","date_gmt":"2021-03-15T22:53:40","guid":{"rendered":"https:\/\/senoticias.com.br\/se\/?p=127077"},"modified":"2021-03-15T19:57:17","modified_gmt":"2021-03-15T22:57:17","slug":"o-presidente-jair-bolsonaro-escolheu-o-medico-marcelo-queiroga-para-substituir-eduardo-pazuello-como-ministro-da-saude","status":"publish","type":"post","link":"https:\/\/senoticias.com.br\/se\/o-presidente-jair-bolsonaro-escolheu-o-medico-marcelo-queiroga-para-substituir-eduardo-pazuello-como-ministro-da-saude\/","title":{"rendered":"Presidente Jair Bolsonaro escolheu o m\u00e9dico Marcelo Queiroga para substituir Eduardo Pazuello como ministro da Sa\u00fade."},"content":{"rendered":"\n<p><\/p>\n\n\n\n<p>Queiroga se reuniu na tarde desta segunda-feira (15) com Bolsonaro no Pal\u00e1cio do Planalto. Segundo o presidente, a nomea\u00e7\u00e3o de Queiroga ser\u00e1 publicada na edi\u00e7\u00e3o desta ter\u00e7a-feira do &#8220;Di\u00e1rio Oficial da Uni\u00e3o&#8221;.<\/p>\n\n\n\n<figure class=\"wp-block-image size-large\"><img loading=\"lazy\" decoding=\"async\" width=\"560\" height=\"305\" src=\"https:\/\/senoticias.com.br\/se\/wp-content\/uploads\/2021\/03\/Ministro-da-Saude-SE-Noticias.jpg\" alt=\"\" class=\"wp-image-127078\" srcset=\"https:\/\/senoticias.com.br\/se\/wp-content\/uploads\/2021\/03\/Ministro-da-Saude-SE-Noticias.jpg 560w, https:\/\/senoticias.com.br\/se\/wp-content\/uploads\/2021\/03\/Ministro-da-Saude-SE-Noticias-300x163.jpg 300w\" sizes=\"(max-width: 560px) 100vw, 560px\" \/><figcaption>O m\u00e9dico Marcelo Queiroga, presidente da Sociedade Brasileira de Cardiologia \u2014 Foto: Geraldo Magela\/Ag\u00eancia Senado<\/figcaption><\/figure>\n\n\n\n<p>&#8220;Foi decidido agora \u00e0 tarde a indica\u00e7\u00e3o do m\u00e9dico, doutor Marcelo Queiroga, para o Minist\u00e9rio da Sa\u00fade. Ele \u00e9 presidente da Sociedade Brasileira de Cardiologia. A conversa foi excelente, j\u00e1 conhecia h\u00e1 alguns anos, ent\u00e3o n\u00e3o \u00e9 uma pessoa que tomei conhecimento h\u00e1 poucos dias. Tem tudo no meu entender para fazer um bom trabalho, dando prosseguimento em tudo que o Pazuello fez at\u00e9 hoje&#8221;, afirmou Bolsonaro a apoiadores ao chegar no in\u00edcio da noite \u00e0 resid\u00eancia oficial do Pal\u00e1cio da Alvorada.<\/p>\n\n\n\n<p>Antes de se reunir com Queiroga, Bolsonaro conversou no domingo e nesta segunda com a m\u00e9dica Ludhmila Hajjar. Mas a negocia\u00e7\u00e3o fracassou, e a m\u00e9dica afirmou que n\u00e3o aceitaria convite para se tornar ministra. A m\u00e9dica, que se especializou no tratamento da Covid, afirmou que n\u00e3o houve &#8220;converg\u00eancia t\u00e9cnica&#8221; entre ela e Bolsonaro.<\/p>\n\n\n\n<p><strong>Quarto ministro na pandemia<\/strong><br><br>Presidente da Sociedade Brasileira de Cardiologia, Marcelo Queiroga ser\u00e1 o quarto ministro da Sa\u00fade desde o come\u00e7o da pandemia de Covid, h\u00e1 pouco mais de um ano. O Brasil acumula mais de<strong> 278 mil mortes em raz\u00e3o da doen\u00e7a.<\/strong><\/p>\n\n\n\n<p>Antes de Queiroga, comandaram o minist\u00e9rio o m\u00e9dico e ex-deputado Luiz Henrique Mandetta (DEM-MS); o m\u00e9dico Nelson Teich; e o general do Ex\u00e9rcito Eduardo Pazuello.<\/p>\n\n\n\n<p>Marcelo Queiroga \u00e9 natural de Jo\u00e3o Pessoa. Formado em Medicina pela Universidade Federal da Para\u00edba, fez resid\u00eancia em cardiologia no Hospital Adventista Silvestre, no Rio de Janeiro. Tem especializa\u00e7\u00e3o em cardiologia, com \u00e1rea de atua\u00e7\u00e3o em hemodin\u00e2mica e cardiologia intervencionista.<\/p>\n\n\n\n<p>Em dezembro do ano passado, Queiroga foi indicado por Bolsonaro para ser um dos diretores da Ag\u00eancia Nacional de Sa\u00fade Suplementar (ANS). A indica\u00e7\u00e3o ainda n\u00e3o foi votada pelo Senado Federal.<\/p>\n\n\n\n<p>No curr\u00edculo enviado ao Senado, Queiroga informou ser diretor do Departamento de Hemodin\u00e2mica e Cardiologia Intervencionista (Cardiocenter) do Hospital Alberto Urquiza Wanderley, em Jo\u00e3o Pessoa, e cardiologista do Hospital Metropolitano Dom Jos\u00e9 Maria Pires, em Santa Rita (PB).<\/p>\n\n\n\n<p><em><strong>Quer receber<\/strong>&nbsp;as principais not\u00edcias do&nbsp;<strong>SE Not\u00edcias<\/strong>&nbsp;no seu&nbsp;<strong>WhatsApp?<\/strong>&nbsp;<strong><a href=\"https:\/\/api.whatsapp.com\/send?phone=5579991715289\">Clique aqui<\/a><\/strong>.<\/em><\/p>\n\n\n\n<p><strong><em>Acompanhe tamb\u00e9m o SE Not\u00edcias no\u00a0<a rel=\"noreferrer noopener\" href=\"https:\/\/twitter.com\/Senoticias\" target=\"_blank\">Twitter<\/a>,\u00a0<a rel=\"noreferrer noopener\" href=\"https:\/\/www.facebook.com\/senoticias1\" target=\"_blank\">Facebook<\/a>\u00a0e no\u00a0<a rel=\"noreferrer noopener\" href=\"https:\/\/www.instagram.com\/senoticias\/\" target=\"_blank\">Instagram<\/a><\/em><\/strong><\/p>\n\n\n\n<p>Fonte: G1 \u2014 Bras\u00edlia<\/p>\n","protected":false},"excerpt":{"rendered":"<p>Queiroga se reuniu na tarde desta segunda-feira (15) com Bolsonaro no Pal\u00e1cio do Planalto. Segundo o presidente, a nomea\u00e7\u00e3o de Queiroga ser\u00e1 publicada na edi\u00e7\u00e3o desta ter\u00e7a-feira do &#8220;Di\u00e1rio Oficial da Uni\u00e3o&#8221;. &#8220;Foi decidido agora \u00e0 tarde a indica\u00e7\u00e3o do m\u00e9dico, doutor Marcelo Queiroga, para o Minist\u00e9rio da Sa\u00fade. Ele \u00e9 presidente da Sociedade Brasileira [&hellip;]<\/p>\n","protected":false},"author":6552,"featured_media":0,"comment_status":"closed","ping_status":"closed","sticky":false,"template":"","format":"standard","meta":{"footnotes":""},"categories":[15,2961,1],"tags":[16231,6189,16717,11654],"class_list":{"0":"post-127077","1":"post","2":"type-post","3":"status-publish","4":"format-standard","6":"category-destaques","7":"category-nacional","8":"category-sem-categoria","9":"tag-eduardo-pazuello","10":"tag-jair-bolsonaro","11":"tag-medico-marcelo-queiroga","12":"tag-presidente-jair-bolsonaro"},"_links":{"self":[{"href":"https:\/\/senoticias.com.br\/se\/wp-json\/wp\/v2\/posts\/127077"}],"collection":[{"href":"https:\/\/senoticias.com.br\/se\/wp-json\/wp\/v2\/posts"}],"about":[{"href":"https:\/\/senoticias.com.br\/se\/wp-json\/wp\/v2\/types\/post"}],"author":[{"embeddable":true,"href":"https:\/\/senoticias.com.br\/se\/wp-json\/wp\/v2\/users\/6552"}],"replies":[{"embeddable":true,"href":"https:\/\/senoticias.com.br\/se\/wp-json\/wp\/v2\/comments?post=127077"}],"version-history":[{"count":0,"href":"https:\/\/senoticias.com.br\/se\/wp-json\/wp\/v2\/posts\/127077\/revisions"}],"wp:attachment":[{"href":"https:\/\/senoticias.com.br\/se\/wp-json\/wp\/v2\/media?parent=127077"}],"wp:term":[{"taxonomy":"category","embeddable":true,"href":"https:\/\/senoticias.com.br\/se\/wp-json\/wp\/v2\/categories?post=127077"},{"taxonomy":"post_tag","embeddable":true,"href":"https:\/\/senoticias.com.br\/se\/wp-json\/wp\/v2\/tags?post=127077"}],"curies":[{"name":"wp","href":"https:\/\/api.w.org\/{rel}","templated":true}]}}