{"id":127046,"date":"2021-03-13T15:01:13","date_gmt":"2021-03-13T18:01:13","guid":{"rendered":"https:\/\/senoticias.com.br\/se\/?p=127046"},"modified":"2021-03-13T15:08:39","modified_gmt":"2021-03-13T18:08:39","slug":"secretaria-da-saude-reabre-inscricoes-para-credenciar-tecnicos-de-enfermagem-em-sergipe","status":"publish","type":"post","link":"https:\/\/senoticias.com.br\/se\/secretaria-da-saude-reabre-inscricoes-para-credenciar-tecnicos-de-enfermagem-em-sergipe\/","title":{"rendered":"Secretaria de Estado da Sa\u00fade reabre inscri\u00e7\u00f5es para credenciar t\u00e9cnicos de enfermagem em Sergipe"},"content":{"rendered":"\n<p>At\u00e9 \u00e0s 23h59 deste domingo (14), est\u00e3o abertas as inscri\u00e7\u00f5es do credenciamento para t\u00e9cnicos de enfermagem em Sergipe. A informa\u00e7\u00e3o \u00e9 da Secretaria de Estado da Sa\u00fade (SES) e visa contratar profissionais para prestar servi\u00e7os na rede estadual de sa\u00fade durante a pandemia do coronav\u00edrus.<\/p>\n\n\n\n<figure class=\"wp-block-image size-large\"><img loading=\"lazy\" decoding=\"async\" width=\"599\" height=\"399\" src=\"https:\/\/senoticias.com.br\/se\/wp-content\/uploads\/2021\/03\/estetoscopio-senoticias-e1615658293621.jpg\" alt=\"\" class=\"wp-image-127047\"\/><figcaption>\nProfissionais v\u00e3o atuar na rede estadual de sa\u00fade durante a pandemia.\nEstetosc\u00f3pio m\u00e9dico \u2014 Foto: Marcos Santos\/USP Imagens\/Arquivo\n<\/figcaption><\/figure>\n\n\n\n<p>O cadastro deve ser feito atrav\u00e9s do site da sa\u00fade no banner \u2018credenciamento para contrata\u00e7\u00e3o de profissionais na \u00e1rea da sa\u00fade\u2019. No link Inscri\u00e7\u00e3o, o candidato dever\u00e1 enviar as documenta\u00e7\u00f5es (sob pena de indeferimento autom\u00e1tico), e requerimento solicitados, conforme o edital. Avalia\u00e7\u00e3o curricular e experi\u00eancia ser\u00e3o os crit\u00e9rios adotados para classifica\u00e7\u00e3o.<\/p>\n\n\n\n<p><strong>Documenta\u00e7\u00e3o obrigat\u00f3ria<\/strong><br>A documenta\u00e7\u00e3o deve conter, obrigatoriamente, sob pena de indeferimento autom\u00e1tico, requerimento de credenciamento (anexo I do edital), uma via ou fotoc\u00f3pia de cada um dos documentos em PDF, sendo necess\u00e1rios os documentos de Identidade com CPF, acompanhado de certid\u00e3o que comprove sua regularidade; comprovante de resid\u00eancia; curriculum vitae atualizado e assinado (com telefone atualizado); c\u00f3pia autenticada do diploma e especializa\u00e7\u00f5es; certid\u00e3o do Conselho Regional a que est\u00e1 vinculado; C\u00f3pia do NIT (PIS\/Pasep) e contato.<\/p>\n\n\n\n<p><em><strong>Quer receber<\/strong>&nbsp;as principais not\u00edcias do&nbsp;<strong>SE Not\u00edcias<\/strong>&nbsp;no seu&nbsp;<strong>WhatsApp?<\/strong>&nbsp;<strong><a href=\"https:\/\/api.whatsapp.com\/send?phone=5579991715289\">Clique aqui<\/a><\/strong>.<\/em><\/p>\n\n\n\n<p><strong><em>Acompanhe tamb\u00e9m o SE Not\u00edcias no&nbsp;<a rel=\"noreferrer noopener\" href=\"https:\/\/twitter.com\/Senoticias\" target=\"_blank\">Twitter<\/a>,&nbsp;<a rel=\"noreferrer noopener\" href=\"https:\/\/www.facebook.com\/senoticias1\" target=\"_blank\">Facebook<\/a>&nbsp;e no&nbsp;<a rel=\"noreferrer noopener\" href=\"https:\/\/www.instagram.com\/senoticias\/\" target=\"_blank\">Instagram<\/a><\/em><\/strong><\/p>\n","protected":false},"excerpt":{"rendered":"<p>At\u00e9 \u00e0s 23h59 deste domingo (14), est\u00e3o abertas as inscri\u00e7\u00f5es do credenciamento para t\u00e9cnicos de enfermagem em Sergipe. A informa\u00e7\u00e3o \u00e9 da Secretaria de Estado da Sa\u00fade (SES) e visa contratar profissionais para prestar servi\u00e7os na rede estadual de sa\u00fade durante a pandemia do coronav\u00edrus. O cadastro deve ser feito atrav\u00e9s do site da sa\u00fade [&hellip;]<\/p>\n","protected":false},"author":6552,"featured_media":0,"comment_status":"closed","ping_status":"closed","sticky":false,"template":"","format":"standard","meta":{"footnotes":""},"categories":[15,10],"tags":[9268,14369,16026,16706],"class_list":{"0":"post-127046","1":"post","2":"type-post","3":"status-publish","4":"format-standard","6":"category-destaques","7":"category-empregos","8":"tag-oportunidade-de-emprego","9":"tag-pandemia","10":"tag-secretaria-da-saude-2","11":"tag-tecnicos-de-enfermagem"},"_links":{"self":[{"href":"https:\/\/senoticias.com.br\/se\/wp-json\/wp\/v2\/posts\/127046"}],"collection":[{"href":"https:\/\/senoticias.com.br\/se\/wp-json\/wp\/v2\/posts"}],"about":[{"href":"https:\/\/senoticias.com.br\/se\/wp-json\/wp\/v2\/types\/post"}],"author":[{"embeddable":true,"href":"https:\/\/senoticias.com.br\/se\/wp-json\/wp\/v2\/users\/6552"}],"replies":[{"embeddable":true,"href":"https:\/\/senoticias.com.br\/se\/wp-json\/wp\/v2\/comments?post=127046"}],"version-history":[{"count":0,"href":"https:\/\/senoticias.com.br\/se\/wp-json\/wp\/v2\/posts\/127046\/revisions"}],"wp:attachment":[{"href":"https:\/\/senoticias.com.br\/se\/wp-json\/wp\/v2\/media?parent=127046"}],"wp:term":[{"taxonomy":"category","embeddable":true,"href":"https:\/\/senoticias.com.br\/se\/wp-json\/wp\/v2\/categories?post=127046"},{"taxonomy":"post_tag","embeddable":true,"href":"https:\/\/senoticias.com.br\/se\/wp-json\/wp\/v2\/tags?post=127046"}],"curies":[{"name":"wp","href":"https:\/\/api.w.org\/{rel}","templated":true}]}}