{"id":127044,"date":"2021-03-13T14:32:20","date_gmt":"2021-03-13T17:32:20","guid":{"rendered":"https:\/\/senoticias.com.br\/se\/?p=127044"},"modified":"2021-03-13T14:32:26","modified_gmt":"2021-03-13T17:32:26","slug":"curso-tecnico-em-seguranca-do-trabalho-esta-com-inscricoes-abertas-saiba-como-se-inscrever","status":"publish","type":"post","link":"https:\/\/senoticias.com.br\/se\/curso-tecnico-em-seguranca-do-trabalho-esta-com-inscricoes-abertas-saiba-como-se-inscrever\/","title":{"rendered":"Curso T\u00e9cnico em Seguran\u00e7a do Trabalho est\u00e1 com inscri\u00e7\u00f5es abertas; saiba como se inscrever"},"content":{"rendered":"\n<p>Por meio do edital n\u00ba 13\/2021, a Secretaria de Estado da Educa\u00e7\u00e3o, do Esporte e da Cultura (Seduc), abre inscri\u00e7\u00f5es para o processo seletivo do Centro Estadual de Educa\u00e7\u00e3o Profissional Maria Fontes de Farias (Dona Marieta), em Boquim, no per\u00edodo de 12 a 16 de mar\u00e7o. Est\u00e3o sendo ofertadas 70 vagas para curso T\u00e9cnico em Seguran\u00e7a do Trabalho na forma subsequente ao ensino m\u00e9dio para o ano letivo de 2021.1, distribu\u00eddas nos hor\u00e1rios matutino e vespertino.<\/p>\n\n\n\n<figure class=\"wp-block-image size-large\"><img loading=\"lazy\" decoding=\"async\" width=\"1024\" height=\"683\" src=\"https:\/\/senoticias.com.br\/se\/wp-content\/uploads\/2021\/03\/seguranca-do-trabalho-Se-Noticias-1024x683.jpeg\" alt=\"\" class=\"wp-image-127045\"\/><figcaption>\n\nEst\u00e3o sendo ofertadas 70 vagas em unidade localizada em Boquim\nFoto: Eug\u00eanio Barreto\/Seduc\n<\/figcaption><\/figure>\n\n\n\n<p>Com dura\u00e7\u00e3o de dois anos, o curso \u00e9 direcionado aos candidatos que atenderem os seguintes requisitos: ter idade m\u00ednima de 16 anos, conclu\u00eddo o Ensino M\u00e9dio, disponibilidade de frequentar aulas presenciais ou de forma h\u00edbrida, nos turnos ofertados, e apresentar o certificado ou declara\u00e7\u00e3o de conclus\u00e3o do Ensino M\u00e9dio com as m\u00e9dias das disciplinas L\u00edngua Portuguesa e Matem\u00e1tica para apura\u00e7\u00e3o da m\u00e9dia aritm\u00e9tica.<\/p>\n\n\n\n<p>As inscri\u00e7\u00f5es devem ser feitas por meio de agendamento na Secretaria do Centro Estadual de Educa\u00e7\u00e3o Profissional Maria Fontes de Faria (Dona Marieta), escola localizada na Av. Jos\u00e9 Martins de Ara\u00fajo S\/N, Bairro: Tem\u00edstocles de Santana &#8211; Boquim\/SE, CEP 49360-00, de segunda a sexta-feira, no hor\u00e1rio das 8h \u00e0s 12h, ou nos e-mails ceeppmff.seed@seduc.se.gov.br e ceepmff@hotmail.com.<\/p>\n\n\n\n<p>O resultado ser\u00e1 divulgado no dia 18 de mar\u00e7o de 2021, no CEEP Maria Fontes de Faria, e na p\u00e1gina oficial da Seduc, na se\u00e7\u00e3o \u2018editais e sele\u00e7\u00f5es\u2019. J\u00e1 a matr\u00edcula para os candidatos classificados poder\u00e1 ser feita a partir do dia 19 de mar\u00e7o, ocasi\u00e3o que ser\u00e1 necess\u00e1rio apresentar os seguintes documentos: hist\u00f3rico de conclus\u00e3o do Ensino M\u00e9dio-original; duas fotos 3&#215;4 recentes; c\u00f3pias da carteira de identidade, CPF, t\u00edtulo de eleitor, comprovante de quita\u00e7\u00e3o eleitoral e certificado de reservista.<\/p>\n\n\n\n<p><em><strong>Quer receber<\/strong>&nbsp;as principais not\u00edcias do&nbsp;<strong>SE Not\u00edcias<\/strong>&nbsp;no seu&nbsp;<strong>WhatsApp?<\/strong>&nbsp;<strong><a href=\"https:\/\/api.whatsapp.com\/send?phone=5579991715289\">Clique aqui<\/a><\/strong>.<\/em><\/p>\n\n\n\n<p><strong><em>Acompanhe tamb\u00e9m o SE Not\u00edcias no\u00a0<a rel=\"noreferrer noopener\" href=\"https:\/\/twitter.com\/Senoticias\" target=\"_blank\">Twitter<\/a>,\u00a0<a rel=\"noreferrer noopener\" href=\"https:\/\/www.facebook.com\/senoticias1\" target=\"_blank\">Facebook<\/a>\u00a0e no\u00a0<a rel=\"noreferrer noopener\" href=\"https:\/\/www.instagram.com\/senoticias\/\" target=\"_blank\">Instagram<\/a><\/em><\/strong><\/p>\n\n\n\n<p>Mat\u00e9ria Extra\u00edda do site Ag\u00eancia Sergipe de Not\u00edcias <\/p>\n","protected":false},"excerpt":{"rendered":"<p>Por meio do edital n\u00ba 13\/2021, a Secretaria de Estado da Educa\u00e7\u00e3o, do Esporte e da Cultura (Seduc), abre inscri\u00e7\u00f5es para o processo seletivo do Centro Estadual de Educa\u00e7\u00e3o Profissional Maria Fontes de Farias (Dona Marieta), em Boquim, no per\u00edodo de 12 a 16 de mar\u00e7o. Est\u00e3o sendo ofertadas 70 vagas para curso T\u00e9cnico em [&hellip;]<\/p>\n","protected":false},"author":6552,"featured_media":0,"comment_status":"closed","ping_status":"closed","sticky":false,"template":"","format":"standard","meta":{"footnotes":""},"categories":[15,6],"tags":[3149,14222,16705],"class_list":{"0":"post-127044","1":"post","2":"type-post","3":"status-publish","4":"format-standard","6":"category-destaques","7":"category-politica","8":"tag-curso-tecnico","9":"tag-seduc","10":"tag-seguranca-do-trabalho"},"_links":{"self":[{"href":"https:\/\/senoticias.com.br\/se\/wp-json\/wp\/v2\/posts\/127044"}],"collection":[{"href":"https:\/\/senoticias.com.br\/se\/wp-json\/wp\/v2\/posts"}],"about":[{"href":"https:\/\/senoticias.com.br\/se\/wp-json\/wp\/v2\/types\/post"}],"author":[{"embeddable":true,"href":"https:\/\/senoticias.com.br\/se\/wp-json\/wp\/v2\/users\/6552"}],"replies":[{"embeddable":true,"href":"https:\/\/senoticias.com.br\/se\/wp-json\/wp\/v2\/comments?post=127044"}],"version-history":[{"count":0,"href":"https:\/\/senoticias.com.br\/se\/wp-json\/wp\/v2\/posts\/127044\/revisions"}],"wp:attachment":[{"href":"https:\/\/senoticias.com.br\/se\/wp-json\/wp\/v2\/media?parent=127044"}],"wp:term":[{"taxonomy":"category","embeddable":true,"href":"https:\/\/senoticias.com.br\/se\/wp-json\/wp\/v2\/categories?post=127044"},{"taxonomy":"post_tag","embeddable":true,"href":"https:\/\/senoticias.com.br\/se\/wp-json\/wp\/v2\/tags?post=127044"}],"curies":[{"name":"wp","href":"https:\/\/api.w.org\/{rel}","templated":true}]}}