{"id":127041,"date":"2021-03-13T12:51:22","date_gmt":"2021-03-13T15:51:22","guid":{"rendered":"https:\/\/senoticias.com.br\/se\/?p=127041"},"modified":"2021-03-13T12:58:49","modified_gmt":"2021-03-13T15:58:49","slug":"forca-tarefa-de-combate-a-covid-19-confere-se-estabelecimentos-estao-cumprindo-medidas-restritivas","status":"publish","type":"post","link":"https:\/\/senoticias.com.br\/se\/forca-tarefa-de-combate-a-covid-19-confere-se-estabelecimentos-estao-cumprindo-medidas-restritivas\/","title":{"rendered":"For\u00e7a-tarefa de combate \u00e0 Covid-19 confere se estabelecimentos est\u00e3o cumprindo medidas restritivas"},"content":{"rendered":"\n<p>Mais uma fiscaliza\u00e7\u00e3o foi realizada na noite desta sexta-feira,12, para conferir se os estabelecimentos est\u00e3o cumprindo a Resolu\u00e7\u00e3o do governo, que determina o fechamento de bares e restaurantes nas sextas a partir das 18h. A For\u00e7a-Tarefa de combate \u00e0&nbsp;Covid-19 do Governo do Estado&nbsp;entrou em a\u00e7\u00e3o na Orla de Atalaia, Zona Sul de Aracaju.<\/p>\n\n\n\n<figure class=\"wp-block-image size-large\"><img decoding=\"async\" src=\"https:\/\/senoticias.com.br\/se\/wp-content\/uploads\/2021\/03\/Forca-tarefa-SE-Noticias.jpeg\" alt=\"\" class=\"wp-image-127042\"\/><figcaption>For\u00e7a-tarefa confere se estabelecimentos est\u00e3o cumprindo medidas restritivas &#8211; Foto: Valter Sobrinho\/SES<\/figcaption><\/figure>\n\n\n\n<p>Segundo a Resolu\u00e7\u00e3o, at\u00e9 o pr\u00f3ximo dia 22 de mar\u00e7o, as atividades de bares, restaurantes e estabelecimentos similares est\u00e3o proibidas de funcionar. A abertura pode acontecer a partir das 5h da segunda-feira subsequente.<\/p>\n\n\n\n<p>De acordo com a fiscal sanit\u00e1ria da Secretaria de Estado da Sa\u00fade, Camyla Nascimento, as atividades seguiram a normalidade. \u201cOs bares e restaurantes do local est\u00e3o obedecendo \u00e0 Resolu\u00e7\u00e3o, todos fecharam \u00e0s 18h, os que estavam abertos o funcionamento era na modalidade delivery. Assim n\u00e3o houve nenhuma notifica\u00e7\u00e3o. No s\u00e1bado, as equipes ir\u00e3o continuar as fiscaliza\u00e7\u00f5es em outros locais\u201d, disse.<\/p>\n\n\n\n<p>Para aumentar o quantitativo de locais fiscalizados, essa for\u00e7a-tarefa contou,\u00a0al\u00e9m da Vigil\u00e2ncia Sanit\u00e1ria Estadual, com a\u00a0Pol\u00edcia Militar, Corpo de Bombeiros e Defesa Civil. Al\u00e9m disso, as equipes da Prefeitura de Aracaju, em outros momentos, ficar\u00e3o fiscalizando outras \u00e1reas da cidade. No interior do estado, todas as unidades tamb\u00e9m est\u00e3o com refor\u00e7o policial.<\/p>\n\n\n\n<p><em><strong>Quer receber<\/strong>&nbsp;as principais not\u00edcias do&nbsp;<strong>SE Not\u00edcias<\/strong>&nbsp;no seu&nbsp;<strong>WhatsApp?<\/strong>&nbsp;<strong><a href=\"https:\/\/api.whatsapp.com\/send?phone=5579991715289\">Clique aqui<\/a><\/strong>.<\/em><\/p>\n\n\n\n<p><strong><em>Acompanhe tamb\u00e9m o SE Not\u00edcias no\u00a0<a rel=\"noreferrer noopener\" href=\"https:\/\/twitter.com\/Senoticias\" target=\"_blank\">Twitter<\/a>,\u00a0<a rel=\"noreferrer noopener\" href=\"https:\/\/www.facebook.com\/senoticias1\" target=\"_blank\">Facebook<\/a>\u00a0e no\u00a0<a rel=\"noreferrer noopener\" href=\"https:\/\/www.instagram.com\/senoticias\/\" target=\"_blank\">Instagram<\/a><\/em><\/strong><\/p>\n\n\n\n<p>Fonte: Ag\u00eancia Sergipe de Not\u00edcias<\/p>\n","protected":false},"excerpt":{"rendered":"<p>Mais uma fiscaliza\u00e7\u00e3o foi realizada na noite desta sexta-feira,12, para conferir se os estabelecimentos est\u00e3o cumprindo a Resolu\u00e7\u00e3o do governo, que determina o fechamento de bares e restaurantes nas sextas a partir das 18h. A For\u00e7a-Tarefa de combate \u00e0&nbsp;Covid-19 do Governo do Estado&nbsp;entrou em a\u00e7\u00e3o na Orla de Atalaia, Zona Sul de Aracaju. Segundo a [&hellip;]<\/p>\n","protected":false},"author":6552,"featured_media":127042,"comment_status":"closed","ping_status":"closed","sticky":false,"template":"","format":"standard","meta":{"footnotes":""},"categories":[15,6],"tags":[14123,14279,3012,16434,14369,6385],"class_list":{"0":"post-127041","1":"post","2":"type-post","3":"status-publish","4":"format-standard","5":"has-post-thumbnail","7":"category-destaques","8":"category-politica","9":"tag-coronavirus","10":"tag-covid19","11":"tag-fiscalizacao","12":"tag-forca-tarefa-2","13":"tag-pandemia","14":"tag-secretaria-de-estado-da-saude"},"_links":{"self":[{"href":"https:\/\/senoticias.com.br\/se\/wp-json\/wp\/v2\/posts\/127041"}],"collection":[{"href":"https:\/\/senoticias.com.br\/se\/wp-json\/wp\/v2\/posts"}],"about":[{"href":"https:\/\/senoticias.com.br\/se\/wp-json\/wp\/v2\/types\/post"}],"author":[{"embeddable":true,"href":"https:\/\/senoticias.com.br\/se\/wp-json\/wp\/v2\/users\/6552"}],"replies":[{"embeddable":true,"href":"https:\/\/senoticias.com.br\/se\/wp-json\/wp\/v2\/comments?post=127041"}],"version-history":[{"count":0,"href":"https:\/\/senoticias.com.br\/se\/wp-json\/wp\/v2\/posts\/127041\/revisions"}],"wp:featuredmedia":[{"embeddable":true,"href":"https:\/\/senoticias.com.br\/se\/wp-json\/wp\/v2\/media\/127042"}],"wp:attachment":[{"href":"https:\/\/senoticias.com.br\/se\/wp-json\/wp\/v2\/media?parent=127041"}],"wp:term":[{"taxonomy":"category","embeddable":true,"href":"https:\/\/senoticias.com.br\/se\/wp-json\/wp\/v2\/categories?post=127041"},{"taxonomy":"post_tag","embeddable":true,"href":"https:\/\/senoticias.com.br\/se\/wp-json\/wp\/v2\/tags?post=127041"}],"curies":[{"name":"wp","href":"https:\/\/api.w.org\/{rel}","templated":true}]}}