{"id":127036,"date":"2021-03-12T14:35:01","date_gmt":"2021-03-12T17:35:01","guid":{"rendered":"https:\/\/senoticias.com.br\/se\/?p=127036"},"modified":"2021-03-12T14:35:08","modified_gmt":"2021-03-12T17:35:08","slug":"prefeito-de-nossa-senhora-das-dores-matricula-o-filho-em-escola-publica","status":"publish","type":"post","link":"https:\/\/senoticias.com.br\/se\/prefeito-de-nossa-senhora-das-dores-matricula-o-filho-em-escola-publica\/","title":{"rendered":"Prefeito de Nossa Senhora das Dores matricula o filho em escola p\u00fablica"},"content":{"rendered":"\n<p>O Prefeito de Nossa Senhora das Dores, Luiz M\u00e1rio, decidiu matricular seu filho em uma escola da rede p\u00fablica municipal de ensino. A decis\u00e3o demonstra a valoriza\u00e7\u00e3o do ensino p\u00fablico do munic\u00edpio.<\/p>\n\n\n\n<figure class=\"wp-block-image size-large\"><img decoding=\"async\" src=\"https:\/\/senoticias.com.br\/se\/wp-content\/uploads\/2021\/03\/Prefeito-de-Nossa-Senhora-das-Dores-SE-Noticias.jpeg\" alt=\"\" class=\"wp-image-127037\"\/><figcaption>Prefeito M\u00e1rio da Cl\u00ednica, decidiu matricular seu filho em uma escola da rede p\u00fablica municipal de ensino &#8211; Foto: ascom\/divulga\u00e7\u00e3o<\/figcaption><\/figure>\n\n\n\n<p>M\u00e1rio, que est\u00e1 no seu primeiro mandato, disse que quis dar exemplo para a popula\u00e7\u00e3o ao confiar no trabalho&nbsp;que vem desempenhando \u00e0 frente da prefeitura de Nossa Senhora das Dores. Ele matriculou o filho mais novo, na Escola Municipal Arnaldo Rolemberg Garcez.<\/p>\n\n\n\n<p>\u201cAcredito que o exemplo educa e transforma costumes. Por isso, decidi matricular meu filho, Arthur, na Escola Municipal Arnaldo Rolemberg Garcez, pertencente \u00e0 rede p\u00fablica municipal de Nossa Senhora das Dores. Confio no trabalho que estamos desempenhando \u00e0 frente da Secretaria Municipal de Educa\u00e7\u00e3o e seguiremos construindo ao longo dos pr\u00f3ximos anos\u201d, declarou em suas redes sociais.<\/p>\n\n\n\n<p><em><strong>Quer receber<\/strong>&nbsp;as principais not\u00edcias do&nbsp;<strong>SE Not\u00edcias<\/strong>&nbsp;no seu&nbsp;<strong>WhatsApp?<\/strong>&nbsp;<strong><a href=\"https:\/\/api.whatsapp.com\/send?phone=5579991715289\">Clique aqui<\/a><\/strong>.<\/em><\/p>\n\n\n\n<p><strong><em>Acompanhe tamb\u00e9m o SE Not\u00edcias no\u00a0<a rel=\"noreferrer noopener\" href=\"https:\/\/twitter.com\/Senoticias\" target=\"_blank\">Twitter<\/a>,\u00a0<a rel=\"noreferrer noopener\" href=\"https:\/\/www.facebook.com\/senoticias1\" target=\"_blank\">Facebook<\/a>\u00a0e no\u00a0<a rel=\"noreferrer noopener\" href=\"https:\/\/www.instagram.com\/senoticias\/\" target=\"_blank\">Instagram<\/a><\/em><\/strong><\/p>\n\n\n\n<p>Fonte: ascom<\/p>\n","protected":false},"excerpt":{"rendered":"<p>O Prefeito de Nossa Senhora das Dores, Luiz M\u00e1rio, decidiu matricular seu filho em uma escola da rede p\u00fablica municipal de ensino. A decis\u00e3o demonstra a valoriza\u00e7\u00e3o do ensino p\u00fablico do munic\u00edpio. M\u00e1rio, que est\u00e1 no seu primeiro mandato, disse que quis dar exemplo para a popula\u00e7\u00e3o ao confiar no trabalho&nbsp;que vem desempenhando \u00e0 frente [&hellip;]<\/p>\n","protected":false},"author":6552,"featured_media":127037,"comment_status":"closed","ping_status":"closed","sticky":false,"template":"","format":"standard","meta":{"footnotes":""},"categories":[15,38],"tags":[16700,16699,15981],"class_list":{"0":"post-127036","1":"post","2":"type-post","3":"status-publish","4":"format-standard","5":"has-post-thumbnail","7":"category-destaques","8":"category-municipios","9":"tag-luiz-mario","10":"tag-prefeito-de-nossa-senhora-das-dores","11":"tag-prefeito-mario-da-clinica"},"_links":{"self":[{"href":"https:\/\/senoticias.com.br\/se\/wp-json\/wp\/v2\/posts\/127036"}],"collection":[{"href":"https:\/\/senoticias.com.br\/se\/wp-json\/wp\/v2\/posts"}],"about":[{"href":"https:\/\/senoticias.com.br\/se\/wp-json\/wp\/v2\/types\/post"}],"author":[{"embeddable":true,"href":"https:\/\/senoticias.com.br\/se\/wp-json\/wp\/v2\/users\/6552"}],"replies":[{"embeddable":true,"href":"https:\/\/senoticias.com.br\/se\/wp-json\/wp\/v2\/comments?post=127036"}],"version-history":[{"count":0,"href":"https:\/\/senoticias.com.br\/se\/wp-json\/wp\/v2\/posts\/127036\/revisions"}],"wp:featuredmedia":[{"embeddable":true,"href":"https:\/\/senoticias.com.br\/se\/wp-json\/wp\/v2\/media\/127037"}],"wp:attachment":[{"href":"https:\/\/senoticias.com.br\/se\/wp-json\/wp\/v2\/media?parent=127036"}],"wp:term":[{"taxonomy":"category","embeddable":true,"href":"https:\/\/senoticias.com.br\/se\/wp-json\/wp\/v2\/categories?post=127036"},{"taxonomy":"post_tag","embeddable":true,"href":"https:\/\/senoticias.com.br\/se\/wp-json\/wp\/v2\/tags?post=127036"}],"curies":[{"name":"wp","href":"https:\/\/api.w.org\/{rel}","templated":true}]}}