{"id":127034,"date":"2021-03-12T12:42:07","date_gmt":"2021-03-12T15:42:07","guid":{"rendered":"https:\/\/senoticias.com.br\/se\/?p=127034"},"modified":"2021-03-12T12:43:27","modified_gmt":"2021-03-12T15:43:27","slug":"em-hotel-na-orla-de-atalaia-policia-civil-prende-um-dos-maiores-assaltantes-de-banco-do-pais-foragido-de-pernambuco","status":"publish","type":"post","link":"https:\/\/senoticias.com.br\/se\/em-hotel-na-orla-de-atalaia-policia-civil-prende-um-dos-maiores-assaltantes-de-banco-do-pais-foragido-de-pernambuco\/","title":{"rendered":"Em hotel na Orla de Atalaia, Pol\u00edcia Civil prende um dos maiores assaltantes de banco do pa\u00eds foragido de Pernambuco"},"content":{"rendered":"\n<p><\/p>\n\n\n\n<p>Em opera\u00e7\u00e3o deflagrada pelo Departamento de Narc\u00f3ticos (Denarc), Centro de Opera\u00e7\u00f5es Policiais Especiais (Cope), Coordenadoria de Opera\u00e7\u00f5es e Recursos Especiais (Core) e Pol\u00edcia Civil da Para\u00edba, foi preso um dos principais assaltantes de banco do pa\u00eds. A a\u00e7\u00e3o policial, deflagrada na noite dessa quinta-feira, 11, resultou na pris\u00e3o de Ranielly Brito de Azevedo, 38, e tamb\u00e9m prendeu Fernanda Belarmino da Silva, 30. Eles tamb\u00e9m possuem envolvimento com o tr\u00e1fico de drogas e as pris\u00f5es ocorreram em um hotel localizado na Orla de Atalaia, em Aracaju.<\/p>\n\n\n\n<figure class=\"wp-block-image size-large\"><img loading=\"lazy\" decoding=\"async\" width=\"576\" height=\"432\" src=\"https:\/\/senoticias.com.br\/se\/wp-content\/uploads\/2021\/03\/capa-gtapc.jpeg\" alt=\"\" class=\"wp-image-127035\" srcset=\"https:\/\/senoticias.com.br\/se\/wp-content\/uploads\/2021\/03\/capa-gtapc.jpeg 576w, https:\/\/senoticias.com.br\/se\/wp-content\/uploads\/2021\/03\/capa-gtapc-300x225.jpeg 300w, https:\/\/senoticias.com.br\/se\/wp-content\/uploads\/2021\/03\/capa-gtapc-45x35.jpeg 45w\" sizes=\"(max-width: 576px) 100vw, 576px\" \/><figcaption>Segundo a Pol\u00edcia Civil, o suspeito foi resgatado em explos\u00e3o num pres\u00eddio de Pernambuco em julho de 2020 &#8211; Foto: SSP\/SE<\/figcaption><\/figure>\n\n\n\n<p>De acordo com as informa\u00e7\u00f5es policiais, contra Ranielly, existem cinco mandados de pris\u00e3o, sendo que a maioria pelo tr\u00e1fico de drogas. Ele j\u00e1 havia sido preso, mas no dia 10 de julho de 2020, fugiu da Penitenci\u00e1ria Dr. \u00canio Pessoa Guerra, na cidade de Limoeiro (PE). Na investida criminosa, um grupo, com material b\u00e9lico, usou dinamite para explodir um dos muros da unidade prisional para retirar Ranielly do local.<\/p>\n\n\n\n<p>J\u00e1 a mulher presa na opera\u00e7\u00e3o policial, possu\u00eda tr\u00eas mandados de pris\u00e3o. Ela estava foragida do estado do Rio Grande do Norte. No dia 30 de dezembro de 2020, a Pol\u00edcia Civil do RN deflagrou opera\u00e7\u00e3o para o cumprimento de decis\u00e3o judicial de apreens\u00e3o de bens, tendo em vista que ela, junto a ao esposo, estavam sendo investigados em a\u00e7\u00f5es criminosas voltadas \u00e0 pr\u00e1tica do tr\u00e1fico de drogas naquele estado. O marido dela encontra-se preso. J\u00e1 Fernanda foi detida junto a Ranielly, em Aracaju.<\/p>\n\n\n\n<p>Eles foram presos e encaminhados a uma unidade policial, onde foram adotados os procedimentos cab\u00edveis \u00e0 comunica\u00e7\u00e3o da deten\u00e7\u00e3o aos respectivos estados de onde estavam foragidos &#8211; Pernambuco e Rio Grande do Norte. Eles foram recambiados para os estados de origem por meio de escolta a\u00e9rea feita pela aeronave do Grupamento T\u00e1tico A\u00e9reo (GTA) da Secretaria da Seguran\u00e7a P\u00fablica de Sergipe (SSP\/SE), e j\u00e1 encontram-se nos estados de onde estavam foragidos.<\/p>\n\n\n\n<p>O coronel Fernando G\u00f3es, comandante do GTA, detalhou que o voo foi direto entre as cidades de Aracaju e Jo\u00e3o Pessoa (PB). &#8220;N\u00f3s decolamos do Aeroporto de Aracaju com destino a Jo\u00e3o Pessoa para conduzir dois procurados e fomos designados para cumprir essa miss\u00e3o. \u00c9 um voo direto, de duas horas, e entregaremos essas pessoas \u00e0 Justi\u00e7a. \u00c9 previsto no rol de nossas atividades\u201d, citou.<\/p>\n\n\n\n<p>O delegado Andr\u00e9 Baronto, que coordenou a a\u00e7\u00e3o policial em Sergipe, informou que houve a solicita\u00e7\u00e3o da autoridade policial da Para\u00edba, que foi rapidamente atendida. \u201cNa noite de ontem fomos acionados pela pol\u00edcia civil de para\u00edba que solicitaram o nosso apoio para o cumprimento do mandado de pris\u00e3o. Localizamos ele num hotel na orla de atalaia. Ele estava hospedado com uma mulher. Devido a periculosidade, j\u00e1 fizemos o recambiamento deles\u201d, pontuou.<\/p>\n\n\n\n<p><em><strong>Quer receber<\/strong>&nbsp;as principais not\u00edcias do&nbsp;<strong>SE Not\u00edcias<\/strong>&nbsp;no seu&nbsp;<strong>WhatsApp?<\/strong>&nbsp;<strong><a href=\"https:\/\/api.whatsapp.com\/send?phone=5579991715289\">Clique aqui<\/a><\/strong>.<\/em><\/p>\n\n\n\n<p><strong><em>Acompanhe tamb\u00e9m o SE Not\u00edcias no\u00a0<a rel=\"noreferrer noopener\" href=\"https:\/\/twitter.com\/Senoticias\" target=\"_blank\">Twitter<\/a>,\u00a0<a rel=\"noreferrer noopener\" href=\"https:\/\/www.facebook.com\/senoticias1\" target=\"_blank\">Facebook<\/a>\u00a0e no\u00a0<a rel=\"noreferrer noopener\" href=\"https:\/\/www.instagram.com\/senoticias\/\" target=\"_blank\">Instagram<\/a><\/em><\/strong><\/p>\n\n\n\n<p>Fonte: SSP\/SE<\/p>\n","protected":false},"excerpt":{"rendered":"<p>Em opera\u00e7\u00e3o deflagrada pelo Departamento de Narc\u00f3ticos (Denarc), Centro de Opera\u00e7\u00f5es Policiais Especiais (Cope), Coordenadoria de Opera\u00e7\u00f5es e Recursos Especiais (Core) e Pol\u00edcia Civil da Para\u00edba, foi preso um dos principais assaltantes de banco do pa\u00eds. A a\u00e7\u00e3o policial, deflagrada na noite dessa quinta-feira, 11, resultou na pris\u00e3o de Ranielly Brito de Azevedo, 38, e [&hellip;]<\/p>\n","protected":false},"author":6552,"featured_media":0,"comment_status":"closed","ping_status":"closed","sticky":false,"template":"","format":"standard","meta":{"footnotes":""},"categories":[15,7],"tags":[16697,11211,16698,78],"class_list":{"0":"post-127034","1":"post","2":"type-post","3":"status-publish","4":"format-standard","6":"category-destaques","7":"category-policia","8":"tag-assaltante-de-banco-do-pais","9":"tag-centro-de-operacoes-policiais-especiais","10":"tag-foragido-de-pernambuco","11":"tag-policia-civil"},"_links":{"self":[{"href":"https:\/\/senoticias.com.br\/se\/wp-json\/wp\/v2\/posts\/127034"}],"collection":[{"href":"https:\/\/senoticias.com.br\/se\/wp-json\/wp\/v2\/posts"}],"about":[{"href":"https:\/\/senoticias.com.br\/se\/wp-json\/wp\/v2\/types\/post"}],"author":[{"embeddable":true,"href":"https:\/\/senoticias.com.br\/se\/wp-json\/wp\/v2\/users\/6552"}],"replies":[{"embeddable":true,"href":"https:\/\/senoticias.com.br\/se\/wp-json\/wp\/v2\/comments?post=127034"}],"version-history":[{"count":0,"href":"https:\/\/senoticias.com.br\/se\/wp-json\/wp\/v2\/posts\/127034\/revisions"}],"wp:attachment":[{"href":"https:\/\/senoticias.com.br\/se\/wp-json\/wp\/v2\/media?parent=127034"}],"wp:term":[{"taxonomy":"category","embeddable":true,"href":"https:\/\/senoticias.com.br\/se\/wp-json\/wp\/v2\/categories?post=127034"},{"taxonomy":"post_tag","embeddable":true,"href":"https:\/\/senoticias.com.br\/se\/wp-json\/wp\/v2\/tags?post=127034"}],"curies":[{"name":"wp","href":"https:\/\/api.w.org\/{rel}","templated":true}]}}