{"id":127001,"date":"2021-03-10T13:21:23","date_gmt":"2021-03-10T16:21:23","guid":{"rendered":"https:\/\/senoticias.com.br\/se\/?p=127001"},"modified":"2021-03-10T13:30:45","modified_gmt":"2021-03-10T16:30:45","slug":"fames-reforca-chamamento-publico-para-renovacao-da-adesao-ao-projeto-mais-medicos","status":"publish","type":"post","link":"https:\/\/senoticias.com.br\/se\/fames-reforca-chamamento-publico-para-renovacao-da-adesao-ao-projeto-mais-medicos\/","title":{"rendered":"FAMES refor\u00e7a Chamamento P\u00fablico para renova\u00e7\u00e3o da ades\u00e3o ao Projeto Mais M\u00e9dicos"},"content":{"rendered":"\n<div class=\"wp-block-image\"><figure class=\"aligncenter size-large\"><img loading=\"lazy\" decoding=\"async\" width=\"1024\" height=\"870\" src=\"https:\/\/senoticias.com.br\/se\/wp-content\/uploads\/2021\/03\/Mais-Medicos-SE-Noticias-1024x870.jpeg\" alt=\"\" class=\"wp-image-127003\"\/><figcaption>O Programa Mais M\u00e9dicos foi criado em 2013, pelo Governo Federal brasileiro &#8211; Foto: arquivo\/Fames<\/figcaption><\/figure><\/div>\n\n\n\n<p>A Federa\u00e7\u00e3o dos Munic\u00edpios do Estado de Sergipe (FAMES), refor\u00e7a o an\u00fancio do Minist\u00e9rio da Sa\u00fade, por interm\u00e9dio da Secretaria de Aten\u00e7\u00e3o Prim\u00e1ria \u00e0 Sa\u00fade (SAPS\/MS), que torna p\u00fablico o Edital n\u00ba 5, de 8 de mar\u00e7o de 2021, referente ao chamamento p\u00fablico do Distrito Federal e munic\u00edpios para renova\u00e7\u00e3o da ades\u00e3o ao Projeto Mais M\u00e9dicos para o Brasil e confirma\u00e7\u00e3o das vagas previamente autorizadas e dispon\u00edveis para ocupa\u00e7\u00e3o de m\u00e9dicos pelo per\u00edodo de 3 (tr\u00eas) anos, conforme estabelecido no edital.<br><br>O Programa Mais M\u00e9dicos foi criado em 2013, pelo Governo Federal brasileiro. Um dos objetivos \u00e9 promover a melhoria do atendimento m\u00e9dico aos usu\u00e1rios do Sistema \u00danico de Sa\u00fade (SUS), suprindo a car\u00eancia dos profissionais da sa\u00fade, principalmente, nas localidades mais escassas.<br>Para participar do processo de ades\u00e3o, o munic\u00edpio que manifestar interesse deve estar apto para concorrer ao processo. Para saber se o munic\u00edpio \u00e9 eleg\u00edvel ou n\u00e3o, basta acessar o endere\u00e7o eletr\u00f4nico http:\/\/maismedicos.gov.br, e fazer a consulta da rela\u00e7\u00e3o dos munic\u00edpios eleg\u00edveis para renova\u00e7\u00e3o da ades\u00e3o ao Projeto Mais M\u00e9dicos para o Brasil. O per\u00edodo de inscri\u00e7\u00e3o dos m\u00e9dicos tem in\u00edcio a partir das 8h, do dia 16 de mar\u00e7o, e vai at\u00e9 \u00e0s 18h do dia 22 de mar\u00e7o.<br><br>O presidente da FAMES, Christiano Cavalcante, chama a aten\u00e7\u00e3o dos gestores para o prazo e os crit\u00e9rios de participa\u00e7\u00e3o do chamamento p\u00fablico, ao tempo em que coloca a entidade a inteira disposi\u00e7\u00e3o para o provimento de consultas t\u00e9cnicas jur\u00eddicas sobre o edital. \u201cOs munic\u00edpios n\u00e3o podem perder a oportunidade de oferecer uma significativa melhoria no atendimento m\u00e9dico, principalmente, diante o enfrentamento \u00e0 pandemia da COVID-19, em que estamos passando\u201d, declarou o presidente.<\/p>\n\n\n\n<p>Para mais informa\u00e7\u00f5es sobre o edital, acesse: https:\/\/www.in.gov.br\/en\/web\/dou\/-\/edital-n-5-de-8-de-marco-de-2021-307242790<\/p>\n\n\n\n<p><em>Quer receber as principais not\u00edcias do&nbsp;<strong>SE Not\u00edcias<\/strong>&nbsp;no seu&nbsp;<strong>WhatsApp?<\/strong>&nbsp;<strong><a href=\"https:\/\/api.whatsapp.com\/send?phone=5579991715289\">Clique aqui<\/a><\/strong>.<\/em><\/p>\n\n\n\n<p><strong><em>Acompanhe tamb\u00e9m o SE Not\u00edcias no&nbsp;<a rel=\"noreferrer noopener\" href=\"https:\/\/twitter.com\/Senoticias\" target=\"_blank\">Twitter<\/a>,&nbsp;<a rel=\"noreferrer noopener\" href=\"https:\/\/www.facebook.com\/senoticias1\" target=\"_blank\">Facebook<\/a>&nbsp;e no&nbsp;<a rel=\"noreferrer noopener\" href=\"https:\/\/www.instagram.com\/senoticias\/\" target=\"_blank\">Instagram<\/a><\/em><\/strong><\/p>\n\n\n\n<p>Fonte: ascom\/Fames<\/p>\n","protected":false},"excerpt":{"rendered":"<p>A Federa\u00e7\u00e3o dos Munic\u00edpios do Estado de Sergipe (FAMES), refor\u00e7a o an\u00fancio do Minist\u00e9rio da Sa\u00fade, por interm\u00e9dio da Secretaria de Aten\u00e7\u00e3o Prim\u00e1ria \u00e0 Sa\u00fade (SAPS\/MS), que torna p\u00fablico o Edital n\u00ba 5, de 8 de mar\u00e7o de 2021, referente ao chamamento p\u00fablico do Distrito Federal e munic\u00edpios para renova\u00e7\u00e3o da ades\u00e3o ao Projeto Mais [&hellip;]<\/p>\n","protected":false},"author":6552,"featured_media":127003,"comment_status":"closed","ping_status":"closed","sticky":false,"template":"","format":"standard","meta":{"footnotes":""},"categories":[15,38,1],"tags":[11481,2690,8900,16682],"class_list":{"0":"post-127001","1":"post","2":"type-post","3":"status-publish","4":"format-standard","5":"has-post-thumbnail","7":"category-destaques","8":"category-municipios","9":"category-sem-categoria","10":"tag-christiano-cavalcante","11":"tag-fames","12":"tag-federacao-dos-municipios-do-estado-de-sergipe","13":"tag-programa-mais-medicos"},"_links":{"self":[{"href":"https:\/\/senoticias.com.br\/se\/wp-json\/wp\/v2\/posts\/127001"}],"collection":[{"href":"https:\/\/senoticias.com.br\/se\/wp-json\/wp\/v2\/posts"}],"about":[{"href":"https:\/\/senoticias.com.br\/se\/wp-json\/wp\/v2\/types\/post"}],"author":[{"embeddable":true,"href":"https:\/\/senoticias.com.br\/se\/wp-json\/wp\/v2\/users\/6552"}],"replies":[{"embeddable":true,"href":"https:\/\/senoticias.com.br\/se\/wp-json\/wp\/v2\/comments?post=127001"}],"version-history":[{"count":0,"href":"https:\/\/senoticias.com.br\/se\/wp-json\/wp\/v2\/posts\/127001\/revisions"}],"wp:featuredmedia":[{"embeddable":true,"href":"https:\/\/senoticias.com.br\/se\/wp-json\/wp\/v2\/media\/127003"}],"wp:attachment":[{"href":"https:\/\/senoticias.com.br\/se\/wp-json\/wp\/v2\/media?parent=127001"}],"wp:term":[{"taxonomy":"category","embeddable":true,"href":"https:\/\/senoticias.com.br\/se\/wp-json\/wp\/v2\/categories?post=127001"},{"taxonomy":"post_tag","embeddable":true,"href":"https:\/\/senoticias.com.br\/se\/wp-json\/wp\/v2\/tags?post=127001"}],"curies":[{"name":"wp","href":"https:\/\/api.w.org\/{rel}","templated":true}]}}