{"id":126897,"date":"2021-03-02T22:13:30","date_gmt":"2021-03-03T01:13:30","guid":{"rendered":"https:\/\/senoticias.com.br\/se\/?p=126897"},"modified":"2021-03-02T22:13:37","modified_gmt":"2021-03-03T01:13:37","slug":"medica-veterinaria-que-pegou-doenca-da-urina-preta-morre-em-hospital-no-recife","status":"publish","type":"post","link":"https:\/\/senoticias.com.br\/se\/medica-veterinaria-que-pegou-doenca-da-urina-preta-morre-em-hospital-no-recife\/","title":{"rendered":"M\u00e9dica veterin\u00e1ria que pegou &#8216;doen\u00e7a da urina preta&#8217; morre em hospital no Recife"},"content":{"rendered":"\n<p><\/p>\n\n\n\n<p>A m\u00e9dica veterin\u00e1ria Priscyla Andrade, de 31 anos, que contraiu S\u00edndrome de Haff, conhecida como \u201cdoen\u00e7a da urina preta\u201d, morreu nesta ter\u00e7a-feira (2) em um hospital particular no Recife (PE).<\/p>\n\n\n\n<figure class=\"wp-block-image size-large\"><img decoding=\"async\" src=\"https:\/\/senoticias.com.br\/se\/wp-content\/uploads\/2021\/03\/Medica-veterinaria-se-noticias.png\" alt=\"\" class=\"wp-image-126898\"\/><figcaption>Na semana passada, a m\u00e9dica veterin\u00e1ria Priscyla Andrade chegou a publicar informa\u00e7\u00f5es sobre o pr\u00f3prio estado de sa\u00fade &#8211; Foto: redes sociais<\/figcaption><\/figure>\n\n\n\n<p>Priscyla estava internada desde o dia 18 de fevereiro, em um leito de UTI, no Real Hospital Portugu\u00eas, depois que passou mal ao comer peixe da esp\u00e9cie arabaiana em um almo\u00e7o de fam\u00edlia. A irm\u00e3 dela, Flavia Andrade, de 36 anos, tamb\u00e9m desenvolveu a s\u00edndrome de Haff, chegou a ser internada no mesmo hospital, mas conseguiu se recuperar e est\u00e1 em casa desde o \u00faltimo dia 24. O peixe foi comprado de um pescador no bairro do Pina, na zona sul do Recife.<\/p>\n\n\n\n<p>A fam\u00edlia de Priscyla Andrade ainda n\u00e3o informou onde ocorrer\u00e1 o vel\u00f3rio e o enterro. A morte da m\u00e9dica veterin\u00e1ria foi anunciada pela m\u00e3e, Bet\u00e2nia Andrade, e pela irm\u00e3, Alyne Andrade, em publica\u00e7\u00f5es nas redes sociais no final da manh\u00e3 de hoje. O estado de sa\u00fade de Priscyla tinha se agravado ontem, e familiares e amigos estavam realizando uma corrente de ora\u00e7\u00e3o para que ela reagisse ao tratamento m\u00e9dico.<\/p>\n\n\n\n<p>\u201cO c\u00e9u hoje estar\u00e1 te recebendo com muita luz na casa do pai e aqui jamais esqueceremos da sua humildade, car\u00e1ter, da sua efici\u00eancia como profissional, meiga, linda, alegre, sorridente e cheia de luz. Seu sorriso vau ficar na minha mem\u00f3ria eternamente. Te amamos, seus pais, irm\u00e3os, sobrinhos, Matheus, parentes e amigos\u201d, escreveu Bet\u00e2nia Andrade.<\/p>\n\n\n\n<p>Priscyla chegou a publicar informa\u00e7\u00f5es sobre o pr\u00f3prio estado de sa\u00fade, na semana passada, relatando que tinha conseguido mexer os bra\u00e7os e as pernas, mas ainda estava sem for\u00e7as nos m\u00fasculos. \u201cAinda estou na UTI e temos muito que recuperar: fun\u00e7\u00e3o hep\u00e1tica renal, respirat\u00f3ria e motora. Vou sair dessa\u201d, escreveu ela, nos stories do Instagram, no dia 24.<\/p>\n\n\n\n<p><strong>Doen\u00e7a da urina preta<\/strong><br><br>Rara, a doen\u00e7a de Haff \u00e9 ocasionada pela presen\u00e7a de uma toxina biol\u00f3gica de algas que s\u00e3o ingeridas por peixes. A subst\u00e2ncia ataca a musculatura e os rins, deixando a urina escura, segundo o m\u00e9dico infectologista e professor da UFAL (Universidade Federal de Alagoas), Fernando Maia.<\/p>\n\n\n\n<p>\u201cEla pode causar les\u00e3o renal importante, algumas pessoas ficam com urina escura, h\u00e1 pessoas ainda que fazem les\u00e3o renal a ponto de precisar de di\u00e1lise\u201d, explicou o m\u00e9dico infectologista.<\/p>\n\n\n\n<p>Maia afirmou que com a descoberta deste caso, a popula\u00e7\u00e3o de Pernambuco e Alagoas, por serem estados vizinhos, devem evitar o consumo de peixe neste per\u00edodo at\u00e9 que a situa\u00e7\u00e3o seja normalizada, pois n\u00e3o h\u00e1 como saber se o pescado est\u00e1 contaminado ou n\u00e3o.<\/p>\n\n\n\n<p>J\u00e1 o bi\u00f3logo Cl\u00e1udio Sampaio explicou que n\u00e3o \u00e9 poss\u00edvel reconhecer se o peixe est\u00e1 contaminado e destaca que a toxina n\u00e3o est\u00e1 presente apenas na esp\u00e9cie arabaiana, conhecida tamb\u00e9m como olho de boi. Ele disse que a toxina vai se acumulando ao longo da cadeia alimentar de esp\u00e9cies aqu\u00e1ticas.<\/p>\n\n\n\n<p>\u201cEssa toxina n\u00e3o \u00e9 muito conhecida, acredita-se que ela entre na cadeia alimentar atrav\u00e9s da ingest\u00e3o de peixes que filtram microalgas que produzem essa toxina. Uma sardinha se alimenta dessa microalga, essa sardinha \u00e9 consumida pelo chicharro, que acumula, que \u00e9 consumida pelo olho de boi (arabaiana) e que atinge uma grande quantidade de toxina\u201d, disse Sampaio, que \u00e9 professor dos cursos de biologia e engenharia de pesca e coordenador do Laborat\u00f3rio de Ictiologia e Conserva\u00e7\u00e3o campus Penedo da UFAL.<\/p>\n\n\n\n<p><strong>Como tratar?<\/strong><\/p>\n\n\n\n<p>Um dos sintomas S\u00edndrome de Haff, a urina escurecida \u00e9 uma consequ\u00eancia da libera\u00e7\u00e3o de uma subst\u00e2ncia chamada miogobina no corpo. Essa prote\u00edna, t\u00f3xica para os rins, \u00e9 liberada pelo pr\u00f3prio organismo, com a necrose muscular \u2013 outro sintoma provocado pela S\u00edndrome.<\/p>\n\n\n\n<p>\u201cQuando ocorre a necrose muscular, existe uma prote\u00edna chamada mioglobina que tem uma cor escura e acaba passando para a urina. Os sintomas da s\u00edndrome acabam sendo decorrentes da necrose muscular\u201d, disse o infectologista Paulo Olzon.<\/p>\n\n\n\n<p>O primeiro passo para tratar a doen\u00e7a, segundo o infectologista, \u00e9 a hidrata\u00e7\u00e3o em casa. \u201c\u00c9 importante procurar se hidratar e procurar atendimento m\u00e9dico assim que os sintomas aparecerem\u201d.<\/p>\n\n\n\n<p>No hospital, o aumento da enzima CPK \u00e9 um fator associado \u00e0 doen\u00e7a, que pode facilitar o diagn\u00f3stico do paciente. \u201cA degrada\u00e7\u00e3o muscular tamb\u00e9m aumenta a presen\u00e7a dessa enzima. Isso serve de orienta\u00e7\u00e3o para o diagn\u00f3stico e tamb\u00e9m para a alta\u201d, disse.<\/p>\n\n\n\n<p>Al\u00e9m da hidrata\u00e7\u00e3o, o tratamento tamb\u00e9m \u00e9 feito com analg\u00e9sicos, de acordo com os sintomas apresentados. \u201cO tempo de cura \u00e9 extremamente vari\u00e1vel. Vai depender da intensidade da doen\u00e7a para poder tra\u00e7ar um relat\u00f3rio. Crian\u00e7as, adultos e idosos podem ser acometidos da mesma forma\u201d.<\/p>\n\n\n\n<p><em>Quer receber as principais not\u00edcias do&nbsp;<strong>SE Not\u00edcias<\/strong>&nbsp;no seu&nbsp;<strong>WhatsApp?<\/strong>&nbsp;<strong><a href=\"https:\/\/api.whatsapp.com\/send?phone=5579991715289\">Clique aqui<\/a><\/strong>.<\/em><\/p>\n\n\n\n<p><strong><em>Acompanhe tamb\u00e9m o SE Not\u00edcias no\u00a0<a rel=\"noreferrer noopener\" href=\"https:\/\/twitter.com\/Senoticias\" target=\"_blank\">Twitter<\/a>,\u00a0<a rel=\"noreferrer noopener\" href=\"https:\/\/www.facebook.com\/senoticias1\" target=\"_blank\">Facebook<\/a>\u00a0e no\u00a0<a rel=\"noreferrer noopener\" href=\"https:\/\/www.instagram.com\/senoticias\/\" target=\"_blank\">Instagram<\/a><\/em><\/strong><\/p>\n\n\n\n<p>Mat\u00e9ria extra\u00edda do <strong><a href=\"https:\/\/www.pragmatismopolitico.com.br\/2021\/03\/mulher-que-pegou-doenca-da-urina-preta-morre-em-hospital-no-recife.html\">site<\/a><\/strong> Pragmatismopolitico.com.br<\/p>\n","protected":false},"excerpt":{"rendered":"<p>A m\u00e9dica veterin\u00e1ria Priscyla Andrade, de 31 anos, que contraiu S\u00edndrome de Haff, conhecida como \u201cdoen\u00e7a da urina preta\u201d, morreu nesta ter\u00e7a-feira (2) em um hospital particular no Recife (PE). Priscyla estava internada desde o dia 18 de fevereiro, em um leito de UTI, no Real Hospital Portugu\u00eas, depois que passou mal ao comer peixe [&hellip;]<\/p>\n","protected":false},"author":6552,"featured_media":126898,"comment_status":"closed","ping_status":"closed","sticky":false,"template":"","format":"standard","meta":{"footnotes":""},"categories":[15,2961],"tags":[16612,16610,16611,16613],"class_list":{"0":"post-126897","1":"post","2":"type-post","3":"status-publish","4":"format-standard","5":"has-post-thumbnail","7":"category-destaques","8":"category-nacional","9":"tag-doenca-da-urina-preta","10":"tag-medica-veterinaria","11":"tag-medica-veterinaria-morre","12":"tag-medica-veterinaria-priscyla-andrade"},"_links":{"self":[{"href":"https:\/\/senoticias.com.br\/se\/wp-json\/wp\/v2\/posts\/126897"}],"collection":[{"href":"https:\/\/senoticias.com.br\/se\/wp-json\/wp\/v2\/posts"}],"about":[{"href":"https:\/\/senoticias.com.br\/se\/wp-json\/wp\/v2\/types\/post"}],"author":[{"embeddable":true,"href":"https:\/\/senoticias.com.br\/se\/wp-json\/wp\/v2\/users\/6552"}],"replies":[{"embeddable":true,"href":"https:\/\/senoticias.com.br\/se\/wp-json\/wp\/v2\/comments?post=126897"}],"version-history":[{"count":0,"href":"https:\/\/senoticias.com.br\/se\/wp-json\/wp\/v2\/posts\/126897\/revisions"}],"wp:featuredmedia":[{"embeddable":true,"href":"https:\/\/senoticias.com.br\/se\/wp-json\/wp\/v2\/media\/126898"}],"wp:attachment":[{"href":"https:\/\/senoticias.com.br\/se\/wp-json\/wp\/v2\/media?parent=126897"}],"wp:term":[{"taxonomy":"category","embeddable":true,"href":"https:\/\/senoticias.com.br\/se\/wp-json\/wp\/v2\/categories?post=126897"},{"taxonomy":"post_tag","embeddable":true,"href":"https:\/\/senoticias.com.br\/se\/wp-json\/wp\/v2\/tags?post=126897"}],"curies":[{"name":"wp","href":"https:\/\/api.w.org\/{rel}","templated":true}]}}