{"id":126870,"date":"2021-02-28T20:35:43","date_gmt":"2021-02-28T23:35:43","guid":{"rendered":"https:\/\/senoticias.com.br\/se\/?p=126870"},"modified":"2021-03-01T09:52:26","modified_gmt":"2021-03-01T12:52:26","slug":"imposto-de-renda-prazo-para-declarar-comeca-nesta-segunda-feira-1o","status":"publish","type":"post","link":"https:\/\/senoticias.com.br\/se\/imposto-de-renda-prazo-para-declarar-comeca-nesta-segunda-feira-1o\/","title":{"rendered":"Prazo para entregar declara\u00e7\u00e3o do Imposto de Renda come\u00e7a hoje"},"content":{"rendered":"\n<p><\/p>\n\n\n\n<p>A partir das 8h de hoje (1\u00ba), o contribuinte pode come\u00e7ar a prestar contas com o Le\u00e3o. Nesta segunda-feira come\u00e7a o prazo de entrega da Declara\u00e7\u00e3o do Imposto de Renda Pessoa F\u00edsica 2021 (ano-base 2020). O programa para computador est\u00e1 dispon\u00edvel na p\u00e1gina da Receita Federal na internet desde a \u00faltima quinta-feira (25).<\/p>\n\n\n\n<figure class=\"wp-block-image size-large\"><img loading=\"lazy\" decoding=\"async\" width=\"571\" height=\"349\" src=\"https:\/\/senoticias.com.br\/se\/wp-content\/uploads\/2021\/03\/mcam20022020-4.jpg\" alt=\"\" class=\"wp-image-126873\" srcset=\"https:\/\/senoticias.com.br\/se\/wp-content\/uploads\/2021\/03\/mcam20022020-4.jpg 571w, https:\/\/senoticias.com.br\/se\/wp-content\/uploads\/2021\/03\/mcam20022020-4-300x183.jpg 300w\" sizes=\"(max-width: 571px) 100vw, 571px\" \/><figcaption>Receita espera receber 32,6 mi de declara\u00e7\u00f5es at\u00e9 30 de abril &#8211; Foto: Marcello Camargo\/Abr<\/figcaption><\/figure>\n\n\n\n<p>O prazo de entrega vai at\u00e9 as <strong>23h59min de 30 de abril<\/strong>. Neste ano, o Fisco espera receber 32.619.749 declara\u00e7\u00f5es. No ano passado, foram enviadas 31.980.146 declara\u00e7\u00f5es.<\/p>\n\n\n\n<p>Pelas estimativas da Receita Federal, 60% das declara\u00e7\u00f5es ter\u00e3o restitui\u00e7\u00e3o de imposto, 21% n\u00e3o ter\u00e3o imposto a pagar nem a restituir e 19% ter\u00e3o imposto a pagar.<\/p>\n\n\n\n<p>Assim como no ano passado, ser\u00e3o pagos cinco lotes de restitui\u00e7\u00e3o. Os reembolsos ser\u00e3o distribu\u00eddos nas seguintes datas: 31 de maio (primeiro lote), 30 de junho (segundo lote), 30 de julho (terceiro lote), 31 de agosto (quarto lote) e 30 de setembro (quinto lote).<\/p>\n\n\n\n<p><strong>Novidades<\/strong><\/p>\n\n\n\n<p>As regras para a entrega da declara\u00e7\u00e3o do Imposto de Renda foram divulgadas na semana passada pela Receita. Entre as principais novidades, est\u00e1 a obrigatoriedade de declarar o aux\u00edlio emergencial para quem recebeu mais de R$ 22.847,76 em outros rendimentos tribut\u00e1veis e a cria\u00e7\u00e3o de tr\u00eas campos na ficha \u201cBens e direitos\u201d para o contribuinte informar criptomoedas e outros ativos eletr\u00f4nicos.<\/p>\n\n\n\n<p>O prazo para as empresas, os bancos e demais institui\u00e7\u00f5es financeiras e os planos de sa\u00fade fornecerem os comprovantes de rendimentos acabou na \u00faltima sexta-feira (26). O contribuinte tamb\u00e9m deve juntar recibos, no caso de alugu\u00e9is, de pens\u00f5es, de presta\u00e7\u00f5es de servi\u00e7os, e notas fiscais, usadas para comprovar dedu\u00e7\u00f5es.<\/p>\n\n\n\n<p><em>Quer receber as principais not\u00edcias do&nbsp;<strong>SE Not\u00edcias<\/strong>&nbsp;no seu&nbsp;<strong>WhatsApp?<\/strong>&nbsp;<strong><a href=\"https:\/\/api.whatsapp.com\/send?phone=5579991715289\">Clique aqui<\/a><\/strong>.<\/em><\/p>\n\n\n\n<p><strong><em>Acompanhe tamb\u00e9m o SE Not\u00edcias no&nbsp;<a rel=\"noreferrer noopener\" href=\"https:\/\/twitter.com\/Senoticias\" target=\"_blank\">Twitter<\/a>,&nbsp;<a rel=\"noreferrer noopener\" href=\"https:\/\/www.facebook.com\/senoticias1\" target=\"_blank\">Facebook<\/a>&nbsp;e no&nbsp;<a rel=\"noreferrer noopener\" href=\"https:\/\/www.instagram.com\/senoticias\/\" target=\"_blank\">Instagram<\/a><\/em><\/strong><\/p>\n\n\n\n<p><em>Por Ag\u00eancia Brasil<\/em><\/p>\n","protected":false},"excerpt":{"rendered":"<p>A partir das 8h de hoje (1\u00ba), o contribuinte pode come\u00e7ar a prestar contas com o Le\u00e3o. Nesta segunda-feira come\u00e7a o prazo de entrega da Declara\u00e7\u00e3o do Imposto de Renda Pessoa F\u00edsica 2021 (ano-base 2020). O programa para computador est\u00e1 dispon\u00edvel na p\u00e1gina da Receita Federal na internet desde a \u00faltima quinta-feira (25). O prazo [&hellip;]<\/p>\n","protected":false},"author":6552,"featured_media":0,"comment_status":"closed","ping_status":"closed","sticky":false,"template":"","format":"standard","meta":{"footnotes":""},"categories":[15,45],"tags":[716,16599,717],"class_list":{"0":"post-126870","1":"post","2":"type-post","3":"status-publish","4":"format-standard","6":"category-destaques","7":"category-tecnologia","8":"tag-imposto-de-renda","9":"tag-imposto-de-renda-2021","10":"tag-receita-federal"},"_links":{"self":[{"href":"https:\/\/senoticias.com.br\/se\/wp-json\/wp\/v2\/posts\/126870"}],"collection":[{"href":"https:\/\/senoticias.com.br\/se\/wp-json\/wp\/v2\/posts"}],"about":[{"href":"https:\/\/senoticias.com.br\/se\/wp-json\/wp\/v2\/types\/post"}],"author":[{"embeddable":true,"href":"https:\/\/senoticias.com.br\/se\/wp-json\/wp\/v2\/users\/6552"}],"replies":[{"embeddable":true,"href":"https:\/\/senoticias.com.br\/se\/wp-json\/wp\/v2\/comments?post=126870"}],"version-history":[{"count":0,"href":"https:\/\/senoticias.com.br\/se\/wp-json\/wp\/v2\/posts\/126870\/revisions"}],"wp:attachment":[{"href":"https:\/\/senoticias.com.br\/se\/wp-json\/wp\/v2\/media?parent=126870"}],"wp:term":[{"taxonomy":"category","embeddable":true,"href":"https:\/\/senoticias.com.br\/se\/wp-json\/wp\/v2\/categories?post=126870"},{"taxonomy":"post_tag","embeddable":true,"href":"https:\/\/senoticias.com.br\/se\/wp-json\/wp\/v2\/tags?post=126870"}],"curies":[{"name":"wp","href":"https:\/\/api.w.org\/{rel}","templated":true}]}}