{"id":126865,"date":"2021-02-27T21:20:00","date_gmt":"2021-02-28T00:20:00","guid":{"rendered":"https:\/\/senoticias.com.br\/se\/?p=126865"},"modified":"2021-02-27T21:30:09","modified_gmt":"2021-02-28T00:30:09","slug":"ministerios-publicos-sugerem-ao-governo-de-sergipe-adocao-de-toque-de-recolher-e-mais-restricoes-por-risco-de-colapso-no-sistema-de-saude","status":"publish","type":"post","link":"https:\/\/senoticias.com.br\/se\/ministerios-publicos-sugerem-ao-governo-de-sergipe-adocao-de-toque-de-recolher-e-mais-restricoes-por-risco-de-colapso-no-sistema-de-saude\/","title":{"rendered":"Minist\u00e9rios p\u00fablicos sugerem ao Governo de Sergipe ado\u00e7\u00e3o de toque de recolher e mais restri\u00e7\u00f5es por risco de colapso no sistema de sa\u00fade"},"content":{"rendered":"\n<p><\/p>\n\n\n\n<p>Neste <strong>s\u00e1bado (27)<\/strong>, os minist\u00e9rios p\u00fablicos de Sergipe (MPSE), Federal (MPF), e do Trabalho (MPT) em Sergipe enviaram um <strong><a href=\"https:\/\/www.mpse.mp.br\/wp-content\/uploads\/2021\/02\/Ofi%CC%81cio-Ministe%CC%81rios-Pu%CC%81blicos-ao-Governador-de-Sergipe.pdf\">of\u00edcio solicitando que o governador Belivaldo Chagas reavalie<\/a><\/strong> as medidas sanit\u00e1rias de distanciamento em vigor, diante do risco de colapso no sistema de sa\u00fade no estado em virtude da pandemia do novo coronav\u00edrus.<\/p>\n\n\n\n<figure class=\"wp-block-image size-large\"><img loading=\"lazy\" decoding=\"async\" width=\"512\" height=\"342\" src=\"https:\/\/senoticias.com.br\/se\/wp-content\/uploads\/2021\/02\/Comercio-Fechado-SE-Noticias.jpg\" alt=\"\" class=\"wp-image-126646\" srcset=\"https:\/\/senoticias.com.br\/se\/wp-content\/uploads\/2021\/02\/Comercio-Fechado-SE-Noticias.jpg 512w, https:\/\/senoticias.com.br\/se\/wp-content\/uploads\/2021\/02\/Comercio-Fechado-SE-Noticias-300x200.jpg 300w, https:\/\/senoticias.com.br\/se\/wp-content\/uploads\/2021\/02\/Comercio-Fechado-SE-Noticias-90x60.jpg 90w, https:\/\/senoticias.com.br\/se\/wp-content\/uploads\/2021\/02\/Comercio-Fechado-SE-Noticias-180x120.jpg 180w, https:\/\/senoticias.com.br\/se\/wp-content\/uploads\/2021\/02\/Comercio-Fechado-SE-Noticias-95x64.jpg 95w\" sizes=\"(max-width: 512px) 100vw, 512px\" \/><figcaption> De acordo com proje\u00e7\u00e3o de pesquisadores da UFS, o n\u00famero de casos da doen\u00e7a deve atingir um novo pico entre os dias 20 de mar\u00e7o e 10 de abril &#8211; Foto: ASN<\/figcaption><\/figure>\n\n\n\n<p>As medidas s\u00e3o as seguintes: ado\u00e7\u00e3o de toque de recolher em determinado per\u00edodo do dia; suspens\u00e3o de eventos e reuni\u00f5es que favore\u00e7am aglomera\u00e7\u00f5es; suspens\u00e3o, nos finais de semana, de atividades presenciais n\u00e3o essenciais de com\u00e9rcio e presta\u00e7\u00e3o de servi\u00e7os, como os localizados em shopping centers e centros comerciais, restaurantes e similares, podendo funcionar em sistema remoto ou de entregas.<\/p>\n\n\n\n<p>O pedido \u00e9 baseado em dados que mostram que a pandemia de Covid-19 passa por um per\u00edodo de acelera\u00e7\u00e3o. <strong>E, de acordo com proje\u00e7\u00e3o de pesquisadores da Universidade Federal de Sergipe (UFS), o n\u00famero de casos da doen\u00e7a deve atingir um novo pico entre os dias 20 de mar\u00e7o e 10 de abril.<\/strong><\/p>\n\n\n\n<p>Al\u00e9m disso, o documento aborda que, na quinta-feira (25), os leitos em unidades de terapia intensiva (UTIs) destinados a pacientes de Covid-19 tinham 95% de ocupa\u00e7\u00e3o na rede privada e de 80% na rede p\u00fablica, considerando, segundo o of\u00edcio, os &#8220;hospitais mais equipados para atendimento do paciente grave&#8221;, que seriam o Huse, Hospital de Cirurgia, Hospital S\u00e3o Jos\u00e9, Hospital do Cora\u00e7\u00e3o e Hospital Renascen\u00e7a.<\/p>\n\n\n\n<p>O risco de colapso \u00e9, segundo o documento, agravado pela redu\u00e7\u00e3o do n\u00famero de leitos de <strong>UTI para pacientes de Covid-19 <\/strong>em compara\u00e7\u00e3o ao ano passado, quando Sergipe chegou a ter 203 leitos intensivos para pacientes com a doen\u00e7a e, atualmente, conta com 166.<\/p>\n\n\n\n<p>Desde o in\u00edcio da pandemia, em mar\u00e7o do ano passado, Sergipe registrou 150.533 casos e 2.955 mortes causadas pela doen\u00e7a.<\/p>\n\n\n\n<p><strong>O que diz o governo<\/strong><\/p>\n\n\n\n<p>De acordo com a superintend\u00eancia de comunica\u00e7\u00e3o do governo, o estado ainda n\u00e3o foi comunicado sobre a recomenda\u00e7\u00e3o, mas ressaltou que, desde mar\u00e7o, as medidas a respeito da pandemia s\u00e3o tomadas com base na orienta\u00e7\u00e3o do Comit\u00ea T\u00e9cnico-Cient\u00edfico, que deve voltar a se reunir na pr\u00f3xima quinta-feira (4).<\/p>\n\n\n\n<p>Na \u00faltima reuni\u00e3o, que ocorreu no dia 25 de fevereiro, o governador n\u00e3o descartou a ado\u00e7\u00e3o do toque de recolher, como j\u00e1 vem sendo feito em outros estados afetados pela alta ocupa\u00e7\u00e3o de UTIs.<\/p>\n\n\n\n<p><em>Quer receber as principais not\u00edcias do&nbsp;<strong>SE Not\u00edcias<\/strong>&nbsp;no seu&nbsp;<strong>WhatsApp?<\/strong>&nbsp;<strong><a href=\"https:\/\/api.whatsapp.com\/send?phone=5579991715289\">Clique aqui<\/a><\/strong>.<\/em><\/p>\n\n\n\n<p><strong><em>Acompanhe tamb\u00e9m o SE Not\u00edcias no&nbsp;<a rel=\"noreferrer noopener\" href=\"https:\/\/twitter.com\/Senoticias\" target=\"_blank\">Twitter<\/a>,&nbsp;<a rel=\"noreferrer noopener\" href=\"https:\/\/www.facebook.com\/senoticias1\" target=\"_blank\">Facebook<\/a>&nbsp;e no&nbsp;<a rel=\"noreferrer noopener\" href=\"https:\/\/www.instagram.com\/senoticias\/\" target=\"_blank\">Instagram<\/a><\/em><\/strong><\/p>\n\n\n\n<p>Com informa\u00e7\u00f5es do G1 Sergipe e MPfs<\/p>\n","protected":false},"excerpt":{"rendered":"<p>Neste s\u00e1bado (27), os minist\u00e9rios p\u00fablicos de Sergipe (MPSE), Federal (MPF), e do Trabalho (MPT) em Sergipe enviaram um of\u00edcio solicitando que o governador Belivaldo Chagas reavalie as medidas sanit\u00e1rias de distanciamento em vigor, diante do risco de colapso no sistema de sa\u00fade no estado em virtude da pandemia do novo coronav\u00edrus. As medidas s\u00e3o [&hellip;]<\/p>\n","protected":false},"author":6552,"featured_media":0,"comment_status":"closed","ping_status":"closed","sticky":false,"template":"","format":"standard","meta":{"footnotes":""},"categories":[15,6,1],"tags":[14279,448,14369,16548],"class_list":{"0":"post-126865","1":"post","2":"type-post","3":"status-publish","4":"format-standard","6":"category-destaques","7":"category-politica","8":"category-sem-categoria","9":"tag-covid19","10":"tag-governo-de-sergipe","11":"tag-pandemia","12":"tag-toque-de-recolher"},"_links":{"self":[{"href":"https:\/\/senoticias.com.br\/se\/wp-json\/wp\/v2\/posts\/126865"}],"collection":[{"href":"https:\/\/senoticias.com.br\/se\/wp-json\/wp\/v2\/posts"}],"about":[{"href":"https:\/\/senoticias.com.br\/se\/wp-json\/wp\/v2\/types\/post"}],"author":[{"embeddable":true,"href":"https:\/\/senoticias.com.br\/se\/wp-json\/wp\/v2\/users\/6552"}],"replies":[{"embeddable":true,"href":"https:\/\/senoticias.com.br\/se\/wp-json\/wp\/v2\/comments?post=126865"}],"version-history":[{"count":0,"href":"https:\/\/senoticias.com.br\/se\/wp-json\/wp\/v2\/posts\/126865\/revisions"}],"wp:attachment":[{"href":"https:\/\/senoticias.com.br\/se\/wp-json\/wp\/v2\/media?parent=126865"}],"wp:term":[{"taxonomy":"category","embeddable":true,"href":"https:\/\/senoticias.com.br\/se\/wp-json\/wp\/v2\/categories?post=126865"},{"taxonomy":"post_tag","embeddable":true,"href":"https:\/\/senoticias.com.br\/se\/wp-json\/wp\/v2\/tags?post=126865"}],"curies":[{"name":"wp","href":"https:\/\/api.w.org\/{rel}","templated":true}]}}