{"id":126832,"date":"2021-02-24T18:50:03","date_gmt":"2021-02-24T21:50:03","guid":{"rendered":"https:\/\/senoticias.com.br\/se\/?p=126832"},"modified":"2021-02-24T19:25:31","modified_gmt":"2021-02-24T22:25:31","slug":"acessos-ao-centro-historico-de-sao-cristovao-terao-barreiras-de-orientacao-a-partir-desta-quinta-feira","status":"publish","type":"post","link":"https:\/\/senoticias.com.br\/se\/acessos-ao-centro-historico-de-sao-cristovao-terao-barreiras-de-orientacao-a-partir-desta-quinta-feira\/","title":{"rendered":"Acessos ao Centro Hist\u00f3rico de S\u00e3o Crist\u00f3v\u00e3o ter\u00e3o barreiras de orienta\u00e7\u00e3o a partir desta quinta-feira"},"content":{"rendered":"\n<p>A Prefeitura de S\u00e3o Crist\u00f3v\u00e3o, em parceria com a Pol\u00edcia Militar, ir\u00e1 montar barreiras de orienta\u00e7\u00e3o nos tr\u00eas acessos ao <strong>Centro Hist\u00f3rico do munic\u00edpio a partir desta quinta-feira (24) seguindo at\u00e9 o domingo (28)<\/strong>. O intuito \u00e9 evitar aglomera\u00e7\u00f5es na cidade durante as datas da tradicional <strong>Romaria de Senhor dos Passos<\/strong>, que neste ano, em virtude da <strong>pandemia da Covid-19 ocorrer\u00e1 de maneira virtual<\/strong>.<\/p>\n\n\n\n<figure class=\"wp-block-image size-large\"><img loading=\"lazy\" decoding=\"async\" width=\"586\" height=\"391\" src=\"https:\/\/senoticias.com.br\/se\/wp-content\/uploads\/2021\/02\/Senhor-dos-Passos-SE-Noticias.jpeg\" alt=\"\" class=\"wp-image-126835\" srcset=\"https:\/\/senoticias.com.br\/se\/wp-content\/uploads\/2021\/02\/Senhor-dos-Passos-SE-Noticias.jpeg 586w, https:\/\/senoticias.com.br\/se\/wp-content\/uploads\/2021\/02\/Senhor-dos-Passos-SE-Noticias-300x200.jpeg 300w, https:\/\/senoticias.com.br\/se\/wp-content\/uploads\/2021\/02\/Senhor-dos-Passos-SE-Noticias-90x60.jpeg 90w, https:\/\/senoticias.com.br\/se\/wp-content\/uploads\/2021\/02\/Senhor-dos-Passos-SE-Noticias-180x120.jpeg 180w, https:\/\/senoticias.com.br\/se\/wp-content\/uploads\/2021\/02\/Senhor-dos-Passos-SE-Noticias-95x64.jpeg 95w\" sizes=\"(max-width: 586px) 100vw, 586px\" \/><figcaption>Ao todo, ser\u00e3o 158 policiais atuando durante os quatro dias e barreiras tamb\u00e9m contar\u00e3o com a presen\u00e7a da Vigil\u00e2ncia Sanit\u00e1ria do munic\u00edpio &#8211; Foto arte: ascom\/PMSC<\/figcaption><\/figure>\n\n\n\n<p>De acordo com a diretora-presidenta da Funda\u00e7\u00e3o de Cultura e Turismo Jo\u00e3o Bebe \u00c1gua, <strong>Paola Santana<\/strong>, as barreiras de orienta\u00e7\u00e3o ser\u00e3o montadas nos acessos \u00e0 cidade pela <strong>BR 101<\/strong>, <strong>Rodovia Jo\u00e3o Bebe \u00c1gua<\/strong> e <strong>Rodovia Zezinho da Everest<\/strong>.<\/p>\n\n\n\n<p>Ao todo, <strong>ser\u00e3o 158 policiais<\/strong> atuando durante os quatro dias e barreiras tamb\u00e9m contar\u00e3o com a presen\u00e7a da Vigil\u00e2ncia Sanit\u00e1ria do munic\u00edpio. Segundo ela, o intuito \u00e9 que a popula\u00e7\u00e3o seja informada que as igrejas e museus estar\u00e3o fechados para visita\u00e7\u00e3o neste per\u00edodo e que a Romaria acontecer\u00e1 exclusivamente de maneira virtual, atrav\u00e9s das redes sociais da Par\u00f3quia Nossa Senhora da Vit\u00f3ria.<\/p>\n\n\n\n<p>\u201cA Pol\u00edcia Militar \u00e9 sempre uma parceira da Prefeitura durante a realiza\u00e7\u00e3o da Romaria. Todos os anos eles acompanham os romeiros que est\u00e3o vindo de outras cidades e chegam pelos tr\u00eas principais acessos. Esse ano por conta da pandemia, n\u00f3s solicitamos que a PM fizesse barreiras de orienta\u00e7\u00e3o, principalmente para os \u00f4nibus com romeiros e ambulantes que historicamente vem para a cidade nesta \u00e9poca\u201d, explica.<\/p>\n\n\n\n<p>A diretora ainda destaca que, al\u00e9m dos monumentos religiosos que estar\u00e3o fechados para evitar visita\u00e7\u00f5es, tamb\u00e9m n\u00e3o existir\u00e3o casas dos romeiros, nem decora\u00e7\u00e3o festiva alusiva \u00e0 Romaria. A Prefeitura n\u00e3o instalar\u00e1 palcos, nem sistema de som na cidade. A inten\u00e7\u00e3o \u00e9 n\u00e3o criar o clima tradicional da <strong>Romaria de Senhor dos Passos<\/strong>, evitando assim a possibilidade de visitas.<\/p>\n\n\n\n<p>Com intuito de conscientizar a popula\u00e7\u00e3o sobre a n\u00e3o realiza\u00e7\u00e3o do evento presencialmente, a Prefeitura tamb\u00e9m tem investido desde janeiro na divulga\u00e7\u00e3o atrav\u00e9s de campanhas nas redes sociais, contatos com a imprensa sergipana e distribui\u00e7\u00e3o de faixas informativas pela cidade.<\/p>\n\n\n\n<p><strong>Programa\u00e7\u00e3o<\/strong><\/p>\n\n\n\n<p>Com o tema: \u201cAssim como o Senhor dos Passos, fique em casa: um ato de amor\u201d, a Romaria de Senhor dos Passos teve sua programa\u00e7\u00e3o on-line iniciada no come\u00e7o de fevereiro. Abaixo voc\u00ea encontrar\u00e1 as datas das lives, que ser\u00e3o exibidas pelo perfil do <strong>youtube<\/strong> e do <strong>IG: pnsvitoria<\/strong>.<\/p>\n\n\n\n<p><strong>Sexta 26 de fevereiro<\/strong><\/p>\n\n\n\n<p>Of\u00edcio em prepara\u00e7\u00e3o para a Romaria \u00e0s 18h30 &#8211; Igreja Senhor dos Passos<\/p>\n\n\n\n<p><strong>S\u00e1bado 27 de fevereiro<\/strong><\/p>\n\n\n\n<p>Missa: 17h &#8211; Igreja do Carmo Maior<\/p>\n\n\n\n<p><strong>Domingo 28 de fevereiro<\/strong><\/p>\n\n\n\n<p><strong>Missas:<\/strong><\/p>\n\n\n\n<p>10h &#8211; Igreja Matriz (Missa Solene)<br>14h &#8211; Serm\u00e3o do encontro<br>17h &#8211; Igreja Matriz<\/p>\n\n\n\n<p>Q<em>uer receber as principais not\u00edcias do&nbsp;<strong>SE Not\u00edcias<\/strong>&nbsp;no seu&nbsp;<strong>WhatsApp?<\/strong>&nbsp;<strong><a href=\"https:\/\/api.whatsapp.com\/send?phone=5579991715289\">Clique aqui<\/a><\/strong>.<\/em><\/p>\n\n\n\n<p><strong><em>Acompanhe tamb\u00e9m o SE Not\u00edcias no\u00a0<a rel=\"noreferrer noopener\" href=\"https:\/\/twitter.com\/Senoticias\" target=\"_blank\">Twitter<\/a>,\u00a0<a rel=\"noreferrer noopener\" href=\"https:\/\/www.facebook.com\/senoticias1\" target=\"_blank\">Facebook<\/a>\u00a0e no\u00a0<a rel=\"noreferrer noopener\" href=\"https:\/\/www.instagram.com\/senoticias\/\" target=\"_blank\">Instagram<\/a><\/em><\/strong><\/p>\n\n\n\n<p><em><strong>Por ascom\/PMSC<\/strong><\/em><\/p>\n\n\n\n<p><\/p>\n","protected":false},"excerpt":{"rendered":"<p>A Prefeitura de S\u00e3o Crist\u00f3v\u00e3o, em parceria com a Pol\u00edcia Militar, ir\u00e1 montar barreiras de orienta\u00e7\u00e3o nos tr\u00eas acessos ao Centro Hist\u00f3rico do munic\u00edpio a partir desta quinta-feira (24) seguindo at\u00e9 o domingo (28). O intuito \u00e9 evitar aglomera\u00e7\u00f5es na cidade durante as datas da tradicional Romaria de Senhor dos Passos, que neste ano, em [&hellip;]<\/p>\n","protected":false},"author":6552,"featured_media":0,"comment_status":"closed","ping_status":"closed","sticky":false,"template":"","format":"standard","meta":{"footnotes":""},"categories":[15,38,46,1],"tags":[9569,81,16301,8323],"class_list":{"0":"post-126832","1":"post","2":"type-post","3":"status-publish","4":"format-standard","6":"category-destaques","7":"category-municipios","8":"category-religiao","9":"category-sem-categoria","10":"tag-cidade-mae-de-sergipe","11":"tag-prefeitura-de-sao-cristovao","12":"tag-romario-de-senhor-dos-passos","13":"tag-senhor-dos-passos"},"_links":{"self":[{"href":"https:\/\/senoticias.com.br\/se\/wp-json\/wp\/v2\/posts\/126832"}],"collection":[{"href":"https:\/\/senoticias.com.br\/se\/wp-json\/wp\/v2\/posts"}],"about":[{"href":"https:\/\/senoticias.com.br\/se\/wp-json\/wp\/v2\/types\/post"}],"author":[{"embeddable":true,"href":"https:\/\/senoticias.com.br\/se\/wp-json\/wp\/v2\/users\/6552"}],"replies":[{"embeddable":true,"href":"https:\/\/senoticias.com.br\/se\/wp-json\/wp\/v2\/comments?post=126832"}],"version-history":[{"count":0,"href":"https:\/\/senoticias.com.br\/se\/wp-json\/wp\/v2\/posts\/126832\/revisions"}],"wp:attachment":[{"href":"https:\/\/senoticias.com.br\/se\/wp-json\/wp\/v2\/media?parent=126832"}],"wp:term":[{"taxonomy":"category","embeddable":true,"href":"https:\/\/senoticias.com.br\/se\/wp-json\/wp\/v2\/categories?post=126832"},{"taxonomy":"post_tag","embeddable":true,"href":"https:\/\/senoticias.com.br\/se\/wp-json\/wp\/v2\/tags?post=126832"}],"curies":[{"name":"wp","href":"https:\/\/api.w.org\/{rel}","templated":true}]}}