{"id":126827,"date":"2021-02-24T08:17:30","date_gmt":"2021-02-24T11:17:30","guid":{"rendered":"https:\/\/senoticias.com.br\/se\/?p=126827"},"modified":"2021-02-24T08:17:38","modified_gmt":"2021-02-24T11:17:38","slug":"governo-do-estado-realiza-pagamento-dos-funcionarios-publicos-na-proxima-sexta-feira-26","status":"publish","type":"post","link":"https:\/\/senoticias.com.br\/se\/governo-do-estado-realiza-pagamento-dos-funcionarios-publicos-na-proxima-sexta-feira-26\/","title":{"rendered":"Governo do Estado realiza pagamento dos funcion\u00e1rios p\u00fablicos na pr\u00f3xima sexta-feira, 26"},"content":{"rendered":"\n<p>Com a retomada do pagamento dos sal\u00e1rios dos funcion\u00e1rios p\u00fablicos dentro do m\u00eas, ap\u00f3s sete anos, a remunera\u00e7\u00e3o referente ao m\u00eas de fevereiro ser\u00e1 creditada na pr\u00f3xima sexta-feira, 26, para todos os 70.702 servidores estaduais ativos, inativos e comissionados, totalizando um montante de R$ 394.472.814,15, que ser\u00e1 disponibilizado ap\u00f3s as 14 horas.<\/p>\n\n\n\n<figure class=\"wp-block-image size-large\"><img loading=\"lazy\" decoding=\"async\" width=\"550\" height=\"311\" src=\"https:\/\/senoticias.com.br\/se\/wp-content\/uploads\/2020\/07\/Dinheiro_Usp_Imagens-e1593720427739.png\" alt=\"\" class=\"wp-image-124055\"\/><figcaption>\nSer\u00e3o injetados mais R$ 394,4 milh\u00f5es na economia no mesmo m\u00eas, visto que parte dos servidores receberam no dia 10\n\n\n<\/figcaption><\/figure>\n\n\n\n<p>A medida foi anunciada pelo governador Belivaldo Chagas no in\u00edcio do m\u00eas e j\u00e1 passa a valer a partir da folha de fevereiro. O chefe do executivo estadual ressaltou que a a\u00e7\u00e3o \u00e9 resultado de um esfor\u00e7o do governo do Estado para equilibrar as contas p\u00fablicas.<\/p>\n\n\n\n<p>\u201cO Governo de Sergipe est\u00e1 atravessando agora o limiar que nos conduz ao almejado equil\u00edbrio entre receitas e despesas. Percorremos, rigorosamente, todas as etapas necess\u00e1rias no cumprimento desse dever, que representa o fundamento essencial de uma gest\u00e3o respons\u00e1vel. Agora, os alicerces est\u00e3o constru\u00eddos para que seja criado com a indispens\u00e1vel seguran\u00e7a, o ambiente prop\u00edcio para uma presen\u00e7a maior do governo nas a\u00e7\u00f5es indutoras do desenvolvimento econ\u00f4mico e social, visando retomar o crescimento e gerar empregos\u201d, afirmou.<\/p>\n\n\n\n<p><strong>13\u00ba Sal\u00e1rio de 2021<\/strong><br>Para os pensionistas e aposentados que recebem at\u00e9 R$ 6 mil, o Governo realiza o pagamento da 2\u00aa parcela (do total de 10) do 13\u00ba sal\u00e1rio de 2021, junto com o sal\u00e1rio do m\u00eas.<\/p>\n\n\n\n<p>Aos demais servidores ativos e inativos, aniversariantes do m\u00eas de fevereiro, o Governo paga a 1\u00aa parcela do 13\u00ba Sal\u00e1rio de 2021, de forma proporcional, junto com o sal\u00e1rio de fevereiro. A segunda parcela ser\u00e1 paga at\u00e9 20 de dezembro de 2021.<\/p>\n\n\n\n<p>Q<em>uer receber as principais not\u00edcias do&nbsp;<strong>SE Not\u00edcias<\/strong>&nbsp;no seu&nbsp;<strong>WhatsApp?<\/strong>&nbsp;<strong><a href=\"https:\/\/api.whatsapp.com\/send?phone=5579991715289\">Clique aqui<\/a><\/strong>.<\/em><\/p>\n\n\n\n<p><strong><em>Acompanhe tamb\u00e9m o SE Not\u00edcias no\u00a0<a rel=\"noreferrer noopener\" href=\"https:\/\/twitter.com\/Senoticias\" target=\"_blank\">Twitter<\/a>,\u00a0<a rel=\"noreferrer noopener\" href=\"https:\/\/www.facebook.com\/senoticias1\" target=\"_blank\">Facebook<\/a>\u00a0e no\u00a0<a rel=\"noreferrer noopener\" href=\"https:\/\/www.instagram.com\/senoticias\/\" target=\"_blank\">Instagram<\/a><\/em><\/strong><\/p>\n\n\n\n<p>Mat\u00e9ria extra\u00edda do site Ag\u00eancia Sergipe<\/p>\n","protected":false},"excerpt":{"rendered":"<p>Com a retomada do pagamento dos sal\u00e1rios dos funcion\u00e1rios p\u00fablicos dentro do m\u00eas, ap\u00f3s sete anos, a remunera\u00e7\u00e3o referente ao m\u00eas de fevereiro ser\u00e1 creditada na pr\u00f3xima sexta-feira, 26, para todos os 70.702 servidores estaduais ativos, inativos e comissionados, totalizando um montante de R$ 394.472.814,15, que ser\u00e1 disponibilizado ap\u00f3s as 14 horas. A medida foi [&hellip;]<\/p>\n","protected":false},"author":6552,"featured_media":0,"comment_status":"closed","ping_status":"closed","sticky":false,"template":"","format":"standard","meta":{"footnotes":""},"categories":[15,6],"tags":[3829,911,16580],"class_list":{"0":"post-126827","1":"post","2":"type-post","3":"status-publish","4":"format-standard","6":"category-destaques","7":"category-politica","8":"tag-economia","9":"tag-governo-do-estado","10":"tag-pagamento-dos-funcionarios-publicos"},"_links":{"self":[{"href":"https:\/\/senoticias.com.br\/se\/wp-json\/wp\/v2\/posts\/126827"}],"collection":[{"href":"https:\/\/senoticias.com.br\/se\/wp-json\/wp\/v2\/posts"}],"about":[{"href":"https:\/\/senoticias.com.br\/se\/wp-json\/wp\/v2\/types\/post"}],"author":[{"embeddable":true,"href":"https:\/\/senoticias.com.br\/se\/wp-json\/wp\/v2\/users\/6552"}],"replies":[{"embeddable":true,"href":"https:\/\/senoticias.com.br\/se\/wp-json\/wp\/v2\/comments?post=126827"}],"version-history":[{"count":0,"href":"https:\/\/senoticias.com.br\/se\/wp-json\/wp\/v2\/posts\/126827\/revisions"}],"wp:attachment":[{"href":"https:\/\/senoticias.com.br\/se\/wp-json\/wp\/v2\/media?parent=126827"}],"wp:term":[{"taxonomy":"category","embeddable":true,"href":"https:\/\/senoticias.com.br\/se\/wp-json\/wp\/v2\/categories?post=126827"},{"taxonomy":"post_tag","embeddable":true,"href":"https:\/\/senoticias.com.br\/se\/wp-json\/wp\/v2\/tags?post=126827"}],"curies":[{"name":"wp","href":"https:\/\/api.w.org\/{rel}","templated":true}]}}