{"id":126823,"date":"2021-02-23T19:29:23","date_gmt":"2021-02-23T22:29:23","guid":{"rendered":"https:\/\/senoticias.com.br\/se\/?p=126823"},"modified":"2021-02-23T19:30:15","modified_gmt":"2021-02-23T22:30:15","slug":"ciclista-morre-apos-colisao-com-motociclista-na-coroa-do-meio","status":"publish","type":"post","link":"https:\/\/senoticias.com.br\/se\/ciclista-morre-apos-colisao-com-motociclista-na-coroa-do-meio\/","title":{"rendered":"Ciclista morre ap\u00f3s colis\u00e3o com motociclista na Coroa do Meio"},"content":{"rendered":"\n<p>Nesta ter\u00e7a-feira, 23, por volta das 12h, um acidente na avenida M\u00e1rio Jorge, no bairro Coroa do Meio, deixou uma pessoa morta. A informa\u00e7\u00e3o foi confirmada pela Superintend\u00eancia Municipal de Transportes e Tr\u00e2nsito (SMTT) de Aracaju.<\/p>\n\n\n\n<figure class=\"wp-block-image size-large\"><img loading=\"lazy\" decoding=\"async\" width=\"583\" height=\"437\" src=\"https:\/\/senoticias.com.br\/se\/wp-content\/uploads\/2021\/02\/Ciclista-morre-SE-noticias.jpg\" alt=\"\" class=\"wp-image-126824\" srcset=\"https:\/\/senoticias.com.br\/se\/wp-content\/uploads\/2021\/02\/Ciclista-morre-SE-noticias.jpg 583w, https:\/\/senoticias.com.br\/se\/wp-content\/uploads\/2021\/02\/Ciclista-morre-SE-noticias-300x225.jpg 300w, https:\/\/senoticias.com.br\/se\/wp-content\/uploads\/2021\/02\/Ciclista-morre-SE-noticias-45x35.jpg 45w\" sizes=\"(max-width: 583px) 100vw, 583px\" \/><figcaption>Caso aconteceu na avenida M\u00e1rio Jorge, na Coroa do Meio &#8211; Foto: SMTT\/AJU<\/figcaption><\/figure>\n\n\n\n<p>O caso envolveu um ciclista e um motociclista. Os dois foram atendidos por equipes do Servi\u00e7o M\u00f3vel de Atendimento de Urg\u00eancia (Samu), mas o ciclista foi a \u00f3bito ainda no local do acidente.<\/p>\n\n\n\n<p>Segundo a SMTT, os agentes e uma equipe da Pol\u00edcia Ambiental atenderam a ocorr\u00eancia e organizaram o fluxo de ve\u00edculos na avenida.<\/p>\n\n\n\n<p>Q<em>uer receber as principais not\u00edcias do&nbsp;<strong>SE Not\u00edcias<\/strong>&nbsp;no seu&nbsp;<strong>WhatsApp?<\/strong>&nbsp;<strong><a href=\"https:\/\/api.whatsapp.com\/send?phone=5579991715289\">Clique aqui<\/a><\/strong>.<\/em><\/p>\n\n\n\n<p><strong><em>Acompanhe tamb\u00e9m o SE Not\u00edcias no\u00a0<a rel=\"noreferrer noopener\" href=\"https:\/\/twitter.com\/Senoticias\" target=\"_blank\">Twitter<\/a>,\u00a0<a rel=\"noreferrer noopener\" href=\"https:\/\/www.facebook.com\/senoticias1\" target=\"_blank\">Facebook<\/a>\u00a0e no\u00a0<a rel=\"noreferrer noopener\" href=\"https:\/\/www.instagram.com\/senoticias\/\" target=\"_blank\">Instagram<\/a><\/em><\/strong><\/p>\n\n\n\n<p><em>Informa\u00e7\u00f5es do A8SE.com<\/em><\/p>\n","protected":false},"excerpt":{"rendered":"<p>Nesta ter\u00e7a-feira, 23, por volta das 12h, um acidente na avenida M\u00e1rio Jorge, no bairro Coroa do Meio, deixou uma pessoa morta. A informa\u00e7\u00e3o foi confirmada pela Superintend\u00eancia Municipal de Transportes e Tr\u00e2nsito (SMTT) de Aracaju. O caso envolveu um ciclista e um motociclista. Os dois foram atendidos por equipes do Servi\u00e7o M\u00f3vel de Atendimento [&hellip;]<\/p>\n","protected":false},"author":6552,"featured_media":0,"comment_status":"closed","ping_status":"closed","sticky":false,"template":"","format":"standard","meta":{"footnotes":""},"categories":[15,7,1],"tags":[13687,16578,11226],"class_list":{"0":"post-126823","1":"post","2":"type-post","3":"status-publish","4":"format-standard","6":"category-destaques","7":"category-policia","8":"category-sem-categoria","9":"tag-ciclista-morre","10":"tag-ciclista-morre-na-coroa-do-meio","11":"tag-violencia-no-transito"},"_links":{"self":[{"href":"https:\/\/senoticias.com.br\/se\/wp-json\/wp\/v2\/posts\/126823"}],"collection":[{"href":"https:\/\/senoticias.com.br\/se\/wp-json\/wp\/v2\/posts"}],"about":[{"href":"https:\/\/senoticias.com.br\/se\/wp-json\/wp\/v2\/types\/post"}],"author":[{"embeddable":true,"href":"https:\/\/senoticias.com.br\/se\/wp-json\/wp\/v2\/users\/6552"}],"replies":[{"embeddable":true,"href":"https:\/\/senoticias.com.br\/se\/wp-json\/wp\/v2\/comments?post=126823"}],"version-history":[{"count":0,"href":"https:\/\/senoticias.com.br\/se\/wp-json\/wp\/v2\/posts\/126823\/revisions"}],"wp:attachment":[{"href":"https:\/\/senoticias.com.br\/se\/wp-json\/wp\/v2\/media?parent=126823"}],"wp:term":[{"taxonomy":"category","embeddable":true,"href":"https:\/\/senoticias.com.br\/se\/wp-json\/wp\/v2\/categories?post=126823"},{"taxonomy":"post_tag","embeddable":true,"href":"https:\/\/senoticias.com.br\/se\/wp-json\/wp\/v2\/tags?post=126823"}],"curies":[{"name":"wp","href":"https:\/\/api.w.org\/{rel}","templated":true}]}}