{"id":126775,"date":"2021-02-20T10:43:19","date_gmt":"2021-02-20T13:43:19","guid":{"rendered":"https:\/\/senoticias.com.br\/se\/?p=126775"},"modified":"2021-02-20T10:43:34","modified_gmt":"2021-02-20T13:43:34","slug":"camara-decide-acompanhar-stf-e-mantem-deputado-daniel-silveira-preso","status":"publish","type":"post","link":"https:\/\/senoticias.com.br\/se\/camara-decide-acompanhar-stf-e-mantem-deputado-daniel-silveira-preso\/","title":{"rendered":"C\u00e2mara decide acompanhar STF e mant\u00e9m deputado Daniel Silveira preso"},"content":{"rendered":"\n<p>A C\u00e2mara dos Deputados decidiu nesta sexta-feira (19), por 364 votos favor\u00e1veis, 130 contr\u00e1rios e tr\u00eas absten\u00e7\u00f5es, manter a pris\u00e3o do deputado federal Daniel Silveira (PSL-RJ).<\/p>\n\n\n\n<figure class=\"wp-block-image size-large\"><img loading=\"lazy\" decoding=\"async\" width=\"599\" height=\"343\" src=\"https:\/\/senoticias.com.br\/se\/wp-content\/uploads\/2021\/02\/daniel-silveira-senoticias-e1613828455581.jpg\" alt=\"\" class=\"wp-image-126776\"\/><figcaption>\nDaniel Silveira est\u00e1 preso em um batalh\u00e3o da Pol\u00edcia Militar no Rio de Janeiro<\/figcaption><\/figure>\n\n\n\n<p>O parlamentar foi preso em flagrante na \u00faltima ter\u00e7a (16) ap\u00f3s publicar v\u00eddeo atacando ministros do Supremo Tribunal Federal (STF) e defendendo o AI-5, o ato mais duro da ditadura militar.<\/p>\n\n\n\n<p>A maioria dos deputados votou no mesmo sentido da relatora Magda Mofatto (PL-GO), que defendeu a manuten\u00e7\u00e3o da pris\u00e3o. Na Casa, apenas as bancadas do PSL, PTB, PSC e NOVO votaram contra a pris\u00e3o. PROS, Patriota, Podemos e a Maioria liberaram seus parlamentares, em parte por conta de falta de consenso em suas bases.<\/p>\n\n\n\n<p>A pris\u00e3o de Silveira foi ordenada pelo ministro do STF Alexandre de Moraes e, na quarta (17), chancelada por unanimidade pela corte. Nesta quinta (18), audi\u00eancia de cust\u00f3dia tamb\u00e9m manteve a pris\u00e3o. O parlamentar est\u00e1 preso no Batalh\u00e3o Especial Profissional da Pol\u00edcia Militar do Estado do Rio de Janeiro.<\/p>\n\n\n\n<p>Deputados favor\u00e1veis \u00e0 pris\u00e3o e tr\u00eas contr\u00e1rios apresentaram seus argumentos. As deputadas ga\u00fachas Maria do Ros\u00e1rio (PT) e Fernanda Melchionna (Psol), assim como Alice Portugal (PCdoB-BA) se manifestaram contr\u00e1rias \u00e0 soltura.<\/p>\n\n\n\n<p>J\u00e1 quem se manifestou contra a defesa argumentou pela liberdade do parlamento para tomar suas pr\u00f3prias decis\u00f5es. &#8220;A defesa aqui \u00e9 do Estado de Direito e deste parlamento&#8221;, disse em seu discurso o deputado Marcel Van Hattem (NOVO-RS). &#8220;\u00c9 disso que se trata: da n\u00e3o interfer\u00eancia do poder Judici\u00e1rio al\u00e9m daquilo que a Constitui\u00e7\u00e3o lhe outorga como direito de fazer&#8221;. Bibo Nunes (PSL-RS) e Coronel Tadeu (PSL-SP).<\/p>\n\n\n\n<p>Pouco antes da vota\u00e7\u00e3o, l\u00edderes do PSL tentaram reverter os \u00faltimos votos. &#8220;Fa\u00e7o um apelo aos parlamentares para que deixem a ideologia de lado e que votem n\u00e3o pela ideologia do Daniel, mas por nossas prerrogativas&#8221;, disse a deputada Carla Zambelli (PSL-SP) que completou: &#8220;O povo brasileiro quer a liberdade de Daniel Silveira.&#8221;<\/p>\n\n\n\n<p>Relatora leu \u00edntegra de fala do deputado<\/p>\n\n\n\n<p>Relatora que analisa a pris\u00e3o do deputado federal, Mofatto votou pela manuten\u00e7\u00e3o da pris\u00e3o do deputado. Em seu parecer, a parlamentar goiana considerou o caso &#8220;excepcional\u00edssimo&#8221; e, nesse contexto, manteve a medida cautelar.<\/p>\n\n\n\n<p>Em uma de suas falas, Silveira fez o que chamou de s\u00faplica.&#8221;N\u00e3o relativizem nossa imunidade parlamentar&#8221;, disse. Assim como em sua defesa, reconheceu que foi &#8220;grosso e impr\u00f3prio&#8221; em seu discurso, e pediu novamente desculpas. &#8220;Jamais podemos permitir que o poder Legislativo seja enfraquecido e relativizado&#8221;, afirmou em outro momento.<\/p>\n\n\n\n<p>O parlamentar fluminense disse que suas falas refletem cr\u00edticas de seus eleitores com o STF, e que jamais defendeu o Ato Institucional n\u00ba 5. &#8220;Defendi, sim, que aquele fato, naquela \u00e9poca, naquele tempo hist\u00f3rico, ele se fez necess\u00e1rio politicamente \u2013 isso n\u00e3o \u00e9 defesa para que se volte a ditadura&#8221;, disse. Mais cedo, o deputado pediu desculpas cinco vezes pelo v\u00eddeo publicado na ter\u00e7a-feira (16).<\/p>\n\n\n\n<p><em>Quer receber as principais not\u00edcias do&nbsp;<strong>SE Not\u00edcias<\/strong>&nbsp;no seu&nbsp;<strong>WhatsApp?<\/strong>&nbsp;<strong><a href=\"https:\/\/api.whatsapp.com\/send?phone=5579991715289\">Clique aqui<\/a><\/strong>.<\/em><\/p>\n\n\n\n<p><strong><em>Acompanhe tamb\u00e9m o SE Not\u00edcias no\u00a0<a rel=\"noreferrer noopener\" href=\"https:\/\/twitter.com\/Senoticias\" target=\"_blank\">Twitter<\/a>,\u00a0<a rel=\"noreferrer noopener\" href=\"https:\/\/www.facebook.com\/senoticias1\" target=\"_blank\">Facebook<\/a>\u00a0e no\u00a0<a rel=\"noreferrer noopener\" href=\"https:\/\/www.instagram.com\/senoticias\/\" target=\"_blank\">Instagram<\/a><\/em><\/strong><\/p>\n\n\n\n<p>Mat\u00e9ria extra\u00edda do site Congresso em foco<\/p>\n","protected":false},"excerpt":{"rendered":"<p>A C\u00e2mara dos Deputados decidiu nesta sexta-feira (19), por 364 votos favor\u00e1veis, 130 contr\u00e1rios e tr\u00eas absten\u00e7\u00f5es, manter a pris\u00e3o do deputado federal Daniel Silveira (PSL-RJ). O parlamentar foi preso em flagrante na \u00faltima ter\u00e7a (16) ap\u00f3s publicar v\u00eddeo atacando ministros do Supremo Tribunal Federal (STF) e defendendo o AI-5, o ato mais duro da [&hellip;]<\/p>\n","protected":false},"author":6552,"featured_media":0,"comment_status":"closed","ping_status":"closed","sticky":false,"template":"","format":"standard","meta":{"footnotes":""},"categories":[15,7],"tags":[899,16544,836],"class_list":{"0":"post-126775","1":"post","2":"type-post","3":"status-publish","4":"format-standard","6":"category-destaques","7":"category-policia","8":"tag-camara-dos-deputados","9":"tag-deputado-federal-daniel-silveira","10":"tag-stf"},"_links":{"self":[{"href":"https:\/\/senoticias.com.br\/se\/wp-json\/wp\/v2\/posts\/126775"}],"collection":[{"href":"https:\/\/senoticias.com.br\/se\/wp-json\/wp\/v2\/posts"}],"about":[{"href":"https:\/\/senoticias.com.br\/se\/wp-json\/wp\/v2\/types\/post"}],"author":[{"embeddable":true,"href":"https:\/\/senoticias.com.br\/se\/wp-json\/wp\/v2\/users\/6552"}],"replies":[{"embeddable":true,"href":"https:\/\/senoticias.com.br\/se\/wp-json\/wp\/v2\/comments?post=126775"}],"version-history":[{"count":0,"href":"https:\/\/senoticias.com.br\/se\/wp-json\/wp\/v2\/posts\/126775\/revisions"}],"wp:attachment":[{"href":"https:\/\/senoticias.com.br\/se\/wp-json\/wp\/v2\/media?parent=126775"}],"wp:term":[{"taxonomy":"category","embeddable":true,"href":"https:\/\/senoticias.com.br\/se\/wp-json\/wp\/v2\/categories?post=126775"},{"taxonomy":"post_tag","embeddable":true,"href":"https:\/\/senoticias.com.br\/se\/wp-json\/wp\/v2\/tags?post=126775"}],"curies":[{"name":"wp","href":"https:\/\/api.w.org\/{rel}","templated":true}]}}