{"id":126756,"date":"2021-02-18T16:37:59","date_gmt":"2021-02-18T19:37:59","guid":{"rendered":"https:\/\/senoticias.com.br\/se\/?p=126756"},"modified":"2021-02-18T16:39:21","modified_gmt":"2021-02-18T19:39:21","slug":"policia-federal-deflagra-operacao-contra-fraudes-no-auxilio-emergencial","status":"publish","type":"post","link":"https:\/\/senoticias.com.br\/se\/policia-federal-deflagra-operacao-contra-fraudes-no-auxilio-emergencial\/","title":{"rendered":"Pol\u00edcia Federal deflagra opera\u00e7\u00e3o contra fraudes no aux\u00edlio emergencial"},"content":{"rendered":"\n<p><\/p>\n\n\n\n<p>A Pol\u00edcia Federal (PF) deflagrou hoje (18) a Opera\u00e7\u00e3o Terceira Parcela, com o objetivo de desarticular um grupo criminoso que estaria desviando recursos destinados ao aux\u00edlio emergencial, disponibilizado a uma parcela da popula\u00e7\u00e3o, com o objetivo de amenizar os efeitos da pandemia de covid-19 na renda da popula\u00e7\u00e3o.<\/p>\n\n\n\n<figure class=\"wp-block-image size-large\"><img decoding=\"async\" src=\"https:\/\/senoticias.com.br\/se\/wp-content\/uploads\/2021\/02\/Policia-Federal-carros.jpg\" alt=\"\" class=\"wp-image-126757\"\/><figcaption>Duzentos policiais cumprem 73 mandados de busca e apreens\u00e3o &#8211; Foto:  Abr<\/figcaption><\/figure>\n\n\n\n<p>De acordo com os investigadores, trata-se da \u201cmaior a\u00e7\u00e3o de combate a fraudes contra benef\u00edcios emergenciais\u201d. A opera\u00e7\u00e3o conta com a participa\u00e7\u00e3o de mais de 200 policiais, no cumprimento de 73 mandados de busca e apreens\u00e3o em Minas Gerais, Bahia, Tocantins e Para\u00edba. A maior parte dos mandados (66) est\u00e3o sendo cumpridos em 39 munic\u00edpios mineiros. Entre eles, a capital Belo Horizonte.<\/p>\n\n\n\n<p>\u201cNesta primeira etapa da investiga\u00e7\u00e3o, s\u00e3o alvos os benefici\u00e1rios de pagamento de contas com valores obtidos com o desvio de aux\u00edlios emergenciais. O objetivo da opera\u00e7\u00e3o \u00e9 desestruturar a\u00e7\u00f5es que causam preju\u00edzo ao programa assistencial e, por consequ\u00eancia, atingem a parcela da popula\u00e7\u00e3o que necessita desses valores\u201d, informou a PF.<\/p>\n\n\n\n<p>A opera\u00e7\u00e3o tem a colabora\u00e7\u00e3o de \u00f3rg\u00e3os como Minist\u00e9rio P\u00fablico Federal, Minist\u00e9rio da Cidadania, CAIXA, Receita Federal, Controladoria-Geral da Uni\u00e3o e Tribunal de Contas da Uni\u00e3o, que participam da Estrat\u00e9gia Integrada de Atua\u00e7\u00e3o contra as Fraudes ao Aux\u00edlio Emergencial, que tem, como principais objetivos, identificar fraudes massivas e desarticular organiza\u00e7\u00f5es criminosas voltadas ao cometimento deste tipo de delito.<\/p>\n\n\n\n<p><em>Quer receber as principais not\u00edcias do&nbsp;<strong>SE Not\u00edcias<\/strong>&nbsp;no seu&nbsp;<strong>WhatsApp?<\/strong>&nbsp;<strong><a href=\"https:\/\/api.whatsapp.com\/send?phone=5579991715289\">Clique aqui<\/a><\/strong>.<\/em><\/p>\n\n\n\n<p><strong><em>Acompanhe tamb\u00e9m o SE Not\u00edcias no\u00a0<a rel=\"noreferrer noopener\" href=\"https:\/\/twitter.com\/Senoticias\" target=\"_blank\">Twitter<\/a>,\u00a0<a rel=\"noreferrer noopener\" href=\"https:\/\/www.facebook.com\/senoticias1\" target=\"_blank\">Facebook<\/a>\u00a0e no\u00a0<a rel=\"noreferrer noopener\" href=\"https:\/\/www.instagram.com\/senoticias\/\" target=\"_blank\">Instagram<\/a><\/em><\/strong><\/p>\n\n\n\n<p>Mat\u00e9ria extra\u00edda da Ag\u00eancia Brasil<\/p>\n","protected":false},"excerpt":{"rendered":"<p>A Pol\u00edcia Federal (PF) deflagrou hoje (18) a Opera\u00e7\u00e3o Terceira Parcela, com o objetivo de desarticular um grupo criminoso que estaria desviando recursos destinados ao aux\u00edlio emergencial, disponibilizado a uma parcela da popula\u00e7\u00e3o, com o objetivo de amenizar os efeitos da pandemia de covid-19 na renda da popula\u00e7\u00e3o. De acordo com os investigadores, trata-se da [&hellip;]<\/p>\n","protected":false},"author":6552,"featured_media":126757,"comment_status":"closed","ping_status":"closed","sticky":false,"template":"","format":"standard","meta":{"footnotes":""},"categories":[15,7],"tags":[14351,16543,1947],"class_list":{"0":"post-126756","1":"post","2":"type-post","3":"status-publish","4":"format-standard","5":"has-post-thumbnail","7":"category-destaques","8":"category-policia","9":"tag-auxilio-emergencial","10":"tag-operacao-terceira-parcela","11":"tag-policia-federal"},"_links":{"self":[{"href":"https:\/\/senoticias.com.br\/se\/wp-json\/wp\/v2\/posts\/126756"}],"collection":[{"href":"https:\/\/senoticias.com.br\/se\/wp-json\/wp\/v2\/posts"}],"about":[{"href":"https:\/\/senoticias.com.br\/se\/wp-json\/wp\/v2\/types\/post"}],"author":[{"embeddable":true,"href":"https:\/\/senoticias.com.br\/se\/wp-json\/wp\/v2\/users\/6552"}],"replies":[{"embeddable":true,"href":"https:\/\/senoticias.com.br\/se\/wp-json\/wp\/v2\/comments?post=126756"}],"version-history":[{"count":0,"href":"https:\/\/senoticias.com.br\/se\/wp-json\/wp\/v2\/posts\/126756\/revisions"}],"wp:featuredmedia":[{"embeddable":true,"href":"https:\/\/senoticias.com.br\/se\/wp-json\/wp\/v2\/media\/126757"}],"wp:attachment":[{"href":"https:\/\/senoticias.com.br\/se\/wp-json\/wp\/v2\/media?parent=126756"}],"wp:term":[{"taxonomy":"category","embeddable":true,"href":"https:\/\/senoticias.com.br\/se\/wp-json\/wp\/v2\/categories?post=126756"},{"taxonomy":"post_tag","embeddable":true,"href":"https:\/\/senoticias.com.br\/se\/wp-json\/wp\/v2\/tags?post=126756"}],"curies":[{"name":"wp","href":"https:\/\/api.w.org\/{rel}","templated":true}]}}