{"id":126733,"date":"2021-02-17T06:10:29","date_gmt":"2021-02-17T09:10:29","guid":{"rendered":"https:\/\/senoticias.com.br\/se\/?p=126733"},"modified":"2021-02-17T06:14:04","modified_gmt":"2021-02-17T09:14:04","slug":"ministro-determina-e-pf-prende-em-flagrante-deputado-que-fez-video-com-apologia-ao-ai-5-e-defendeu-fechar-o-stf","status":"publish","type":"post","link":"https:\/\/senoticias.com.br\/se\/ministro-determina-e-pf-prende-em-flagrante-deputado-que-fez-video-com-apologia-ao-ai-5-e-defendeu-fechar-o-stf\/","title":{"rendered":"Ministro determina, e PF prende em flagrante deputado que fez v\u00eddeo com apologia ao AI-5 e defendeu fechar o STF"},"content":{"rendered":"\n<p><\/p>\n\n\n\n<p>A Pol\u00edcia Federal prendeu na noite desta ter\u00e7a-feira (16), em flagrante, o deputado federal Daniel Silveira (PSL-RJ). O parlamentar divulgou um v\u00eddeo no qual faz apologia ao AI-5, instrumento de repress\u00e3o mais duro da ditadura militar, e defende o fechamento do Supremo Tribunal Federal (STF), o que \u00e9 inconstitucional.<\/p>\n\n\n\n<figure class=\"wp-block-image size-large\"><img loading=\"lazy\" decoding=\"async\" width=\"560\" height=\"316\" src=\"https:\/\/senoticias.com.br\/se\/wp-content\/uploads\/2021\/02\/Deputado-preso-SE-Noticias.jpg\" alt=\"\" class=\"wp-image-126734\" srcset=\"https:\/\/senoticias.com.br\/se\/wp-content\/uploads\/2021\/02\/Deputado-preso-SE-Noticias.jpg 560w, https:\/\/senoticias.com.br\/se\/wp-content\/uploads\/2021\/02\/Deputado-preso-SE-Noticias-300x169.jpg 300w\" sizes=\"(max-width: 560px) 100vw, 560px\" \/><figcaption>O deputado Daniel Silveira (PSL-RJ) foi preso em flagrante ap\u00f3s v\u00eddeo em que defende o fechamento do STF, o que \u00e9 inconstitucional \u2014 Foto: Reprodu\u00e7\u00e3o\/TV Globo<\/figcaption><\/figure>\n\n\n\n<p>No v\u00eddeo, Silveira ataca seis ministros do Supremo: Edson Fachin, Alexandre de Moraes, Lu\u00eds Roberto Barroso, Gilmar Mendes, Marco Aur\u00e9lio Mello e Dias Toffoli.<\/p>\n\n\n\n<p>O deputado foi detido no fim da noite em Petr\u00f3polis, na Regi\u00e3o Serrana do Rio. Ap\u00f3s passar por exames no Instituto M\u00e9dico Legal (IML), Silveira foi levado ao pr\u00e9dio da Superintend\u00eancia da PF por volta de 1h30.<\/p>\n\n\n\n<p>A pris\u00e3o foi determinada pelo ministro Alexandre de Moraes. Na decis\u00e3o, Moraes definiu que o mandado deveria ser cumprido &#8220;imediatamente e independentemente de hor\u00e1rio por tratar-se de pris\u00e3o em flagrante delito&#8221;.<\/p>\n\n\n\n<p>O ministro determinou que o YouTube retire o v\u00eddeo do ar, sob pena de multa di\u00e1ria de R$ 100 mil, e ordenou que a pol\u00edcia armazene c\u00f3pia do material. A decis\u00e3o deve ser analisada pelo plen\u00e1rio do STF na sess\u00e3o desta quarta.<\/p>\n\n\n\n<p>Mesmo em flagrante e por crime inafian\u00e7\u00e1vel, a pris\u00e3o de um deputado federal precisa passar pelo crivo da C\u00e2mara. Na decis\u00e3o, Moraes diz que o presidente da Casa, Arthur Lira (PP-AL), deve ser &#8220;imediatamente oficiado para as provid\u00eancias que entender cab\u00edveis&#8221;.<\/p>\n\n\n\n<p><strong>A decis\u00e3o de Moraes<\/strong><\/p>\n\n\n\n<p>Na decis\u00e3o, Moraes afirma que o deputado tem conduta reiterada no crime e cita que Daniel Silveira est\u00e1 sendo investigado a pedido da PGR por ter se \u201cassociado com o intuito de modificar o regime vigente e o Estado de Direito, atrave\u0301s de estruturas e financiamentos destinados a\u0300 mobilizac\u0327a\u0303o e incitac\u0327a\u0303o da populac\u0327a\u0303o a\u0300 subversa\u0303o da ordem poli\u0301tica e social, bem como criando animosidades entre as Forc\u0327as Armadas e as instituic\u0327o\u0303es&#8221;.<\/p>\n\n\n\n<p>Para o ministro, a reiterac\u0327a\u0303o dessas condutas por parte do parlamentar revela-se gravi\u0301ssima, pois atentato\u0301rio ao Estado Democra\u0301tico de Direito brasileiro e suas Institui\u00e7\u00f5es republicanas.<\/p>\n\n\n\n<p>\u201cA Constituic\u0327a\u0303o Federal na\u0303o permite a propagac\u0327a\u0303o de ideias contra\u0301rias a ordem constitucional e ao Estado Democra\u0301tico (CF, artigos 5o, XLIV; 34, III e IV), nem tampouco a realizac\u0327a\u0303o de manifestac\u0327o\u0303es nas redes sociais visando o rompimento do Estado de Direito, com a extinc\u0327a\u0303o das cla\u0301usulas pe\u0301treas constitucionais \u2013 Separac\u0327a\u0303o de Poderes (CF, artigo 60, \u00a74o), com a consequente, instalac\u0327a\u0303o do arbi\u0301trio\u201d, escreveu o ministro.<\/p>\n\n\n\n<p>Moraes afirma que a liberdade de expressa\u0303o e o pluralismo de ideias sa\u0303o valores estruturantes do sistema democra\u0301tico, mas que \u201csa\u0303o inconstitucionais as condutas e manifestac\u0327o\u0303es que tenham a ni\u0301tida finalidade de controlar ou mesmo aniquilar a forc\u0327a do pensamento cri\u0301tico, indispensa\u0301vel ao regime democra\u0301tico; quanto aquelas que pretendam destrui\u0301-lo, juntamente com suas instituic\u0327o\u0303es republicanas; pregando a viole\u0302ncia, o arbi\u0301trio, desrespeito a\u0300 Separac\u0327a\u0303o de Poderes e aos direitos fundamentais\u201d.<\/p>\n\n\n\n<p>Na decis\u00e3o, o ministro apontou que o flagrante est\u00e1 configurado porque h\u00e1, \u201cde maneira clara e evidente, a perpetua\u00e7\u00e3o dos delitos\u201d.<\/p>\n\n\n\n<p>Moraes pontuou ainda que, como est\u00e3o presentes os requisitos da pris\u00e3o preventiva, n\u00e3o h\u00e1 possibilidade de fian\u00e7a. Como est\u00e3o configurados tanto o flagrante quanto a impossibilidade de fian\u00e7a, concluiu o ministro que a situa\u00e7\u00e3o do parlamentar se encaixa na previs\u00e3o da Constitui\u00e7\u00e3o de que parlamentares s\u00f3 podem ser presos em flagrante por crime inafian\u00e7\u00e1vel.<\/p>\n\n\n\n<p>O ministro do STF classificou de ardorosa, desrespeitosa e vergonhosa a defesa defesa pelo deputado do AI-5.<\/p>\n\n\n\n<p><strong>Os crimes apontados<\/strong><br><br>A Constitui\u00e7\u00e3o Federal diz, no par\u00e1grafo segundo do artigo 53, que &#8220;os membros do Congresso Nacional n\u00e3o poder\u00e3o ser presos, salvo em flagrante de crime inafian\u00e7\u00e1vel&#8221;.<\/p>\n\n\n\n<p>Na decis\u00e3o, Moraes diz que as condutas de Daniel Silveira, al\u00e9m de representarem &#8220;crimes contra a honra do Poder Judici\u00e1rio e dos ministros do Supremo Tribunal Federal&#8221;, s\u00e3o previstas como crimes na Lei de Seguran\u00e7a Nacional.<\/p>\n\n\n\n<p>Para Moraes, os crimes configurados na conduta do deputado s\u00e3o:<\/p>\n\n\n\n<p>tentar mudar, com emprego de viol\u00eancia ou grave amea\u00e7a, a ordem, o regime vigente ou o Estado de Direito;<br>tentar impedir, com emprego de viol\u00eancia ou grave amea\u00e7a, o livre exerc\u00edcio de qualquer dos Poderes da Uni\u00e3o ou dos Estados;<br>fazer, em p\u00fablico, propaganda de processos violentos ou ilegais para altera\u00e7\u00e3o da ordem pol\u00edtica ou social;<br>Incitar \u00e0 subvers\u00e3o da ordem pol\u00edtica ou social; \u00e0 animosidade entre as For\u00e7as Armadas ou entre estas e as classes sociais ou as institui\u00e7\u00f5es civis; incitar \u00e0 pr\u00e1tica de qualquer dos crimes previstos nesta Lei [de Seguran\u00e7a Nacional];<br>caluniar ou difamar o presidente da Rep\u00fablica, o do Senado Federal, o da C\u00e2mara dos Deputados ou o do Supremo Tribunal Federal, imputando-lhes fato definido como crime ou fato ofensivo \u00e0 reputa\u00e7\u00e3o.<\/p>\n\n\n\n<p><strong>O v\u00eddeo do deputado<\/strong><\/p>\n\n\n\n<p>No v\u00eddeo publicado, o deputado defende a conduta do general Eduardo Villas Boas, ex-comandante do Ex\u00e9rcito. Em 2018, na v\u00e9spera do julgamento no Supremo de um habeas corpus do ex-presidente Luiz In\u00e1cio Lula da Silva, Villas Boas afirmou em rede social que o Ex\u00e9rcito tinha &#8220;rep\u00fadio \u00e0 impunidade&#8221;.<\/p>\n\n\n\n<p>A declara\u00e7\u00e3o foi vista como press\u00e3o sobre os ministros do STF. Fachin era o relator do pedido de liberdade de Lula, rejeitado pelo plen\u00e1rio da Corte.<\/p>\n\n\n\n<p>Em livro rec\u00e9m-lan\u00e7ado, o ex-comandante disse que, na \u00e9poca, a manifesta\u00e7\u00e3o foi discutida com o alto comando do Ex\u00e9rcito antes de ser publicada.<\/p>\n\n\n\n<p>Nesta segunda-feira, Fachin reagiu em nota dizendo ser &#8220;intoler\u00e1vel e inaceit\u00e1vel qualquer forma ou modo de press\u00e3o injur\u00eddica sobre o Poder Judici\u00e1rio. A declara\u00e7\u00e3o de tal intuito, se confirmado, \u00e9 grav\u00edssima e atenta contra a ordem constitucional. E ao Supremo Tribunal Federal compete a guarda da Constitui\u00e7\u00e3o&#8221;.<\/p>\n\n\n\n<p>Daniel Silveira est\u00e1 no primeiro mandato como deputado federal. Eleito em 2018, o ex-policial militar ficou conhecido por aparecer em v\u00eddeo destruindo uma placa que homenageava a vereadora Marielle Franco, assassinada no Rio em mar\u00e7o daquele mesmo ano.<\/p>\n\n\n\n<p>O parlamentar \u00e9 investigado no Supremo no inqu\u00e9rito que apura a organiza\u00e7\u00e3o e o financiamento dos atos antidemocr\u00e1ticos. Tamb\u00e9m \u00e9 alvo de outro inqu\u00e9rito, que investiga ataques a ministros da corte e dissemina\u00e7\u00e3o de not\u00edcias falsas.<\/p>\n\n\n\n<p>No ano passado, ele foi alvo de busca e apreens\u00e3o e teve seu sigilo banc\u00e1rio quebrado em desdobramento do inqu\u00e9rito que apura os atos que defendiam o fechamento do Congresso e do Supremo.<\/p>\n\n\n\n<p>No pedido de investiga\u00e7\u00e3o, a Procuradoria-Geral da Rep\u00fablica aponta que o deputado pregou o uso das For\u00e7as Armadas contra o Supremo e que h\u00e1 uma liga\u00e7\u00e3o dele com movimentos extremistas conservadores.<\/p>\n\n\n\n<p>O vice-l\u00edder do PT na C\u00e2mara, deputado Rog\u00e9rio Correia (MG), afirmou que entrar\u00e1 nesta semana com uma representa\u00e7\u00e3o contra Daniel Silveira no Conselho de \u00c9tica da Casa devido \u00e0s declara\u00e7\u00f5es.<\/p>\n\n\n\n<p><em><strong>Quer receber as principais not\u00edcias do<\/strong>\u00a0<strong>SE Not\u00edcias<\/strong>\u00a0<strong>no seu<\/strong>\u00a0<strong>WhatsApp?<\/strong>\u00a0<strong><a href=\"https:\/\/api.whatsapp.com\/send?phone=5579991715289\">Clique aqui<\/a><\/strong>.<\/em><\/p>\n\n\n\n<p><strong><em>Acompanhe tamb\u00e9m o SE Not\u00edcias no&nbsp;<a rel=\"noreferrer noopener\" href=\"https:\/\/twitter.com\/Senoticias\" target=\"_blank\">Twitter<\/a>,&nbsp;<a rel=\"noreferrer noopener\" href=\"https:\/\/www.facebook.com\/senoticias1\" target=\"_blank\">Facebook<\/a>&nbsp;e no&nbsp;<a rel=\"noreferrer noopener\" href=\"https:\/\/www.instagram.com\/senoticias\/\" target=\"_blank\">Instagram<\/a><\/em><\/strong><\/p>\n\n\n\n<p>Por M\u00e1rcio Falc\u00e3o, Fernanda Vivas e Mateus Rodrigues, <strong><a href=\"https:\/\/g1.globo.com\/politica\/noticia\/2021\/02\/16\/moraes-determina-prisao-imediata-de-deputado-que-fez-video-atacando-ministros-do-stf.ghtml\">TV Globo e G1<\/a><\/strong> \u2014 Bras\u00edlia e Rio de Janeiro<\/p>\n","protected":false},"excerpt":{"rendered":"<p>A Pol\u00edcia Federal prendeu na noite desta ter\u00e7a-feira (16), em flagrante, o deputado federal Daniel Silveira (PSL-RJ). O parlamentar divulgou um v\u00eddeo no qual faz apologia ao AI-5, instrumento de repress\u00e3o mais duro da ditadura militar, e defende o fechamento do Supremo Tribunal Federal (STF), o que \u00e9 inconstitucional. No v\u00eddeo, Silveira ataca seis ministros [&hellip;]<\/p>\n","protected":false},"author":6552,"featured_media":0,"comment_status":"closed","ping_status":"closed","sticky":false,"template":"","format":"standard","meta":{"footnotes":""},"categories":[15,2961],"tags":[16525,12705,16526,1947],"class_list":{"0":"post-126733","1":"post","2":"type-post","3":"status-publish","4":"format-standard","6":"category-destaques","7":"category-nacional","8":"tag-ai-5","9":"tag-deputado-preso","10":"tag-fechar-o-stf","11":"tag-policia-federal"},"_links":{"self":[{"href":"https:\/\/senoticias.com.br\/se\/wp-json\/wp\/v2\/posts\/126733"}],"collection":[{"href":"https:\/\/senoticias.com.br\/se\/wp-json\/wp\/v2\/posts"}],"about":[{"href":"https:\/\/senoticias.com.br\/se\/wp-json\/wp\/v2\/types\/post"}],"author":[{"embeddable":true,"href":"https:\/\/senoticias.com.br\/se\/wp-json\/wp\/v2\/users\/6552"}],"replies":[{"embeddable":true,"href":"https:\/\/senoticias.com.br\/se\/wp-json\/wp\/v2\/comments?post=126733"}],"version-history":[{"count":0,"href":"https:\/\/senoticias.com.br\/se\/wp-json\/wp\/v2\/posts\/126733\/revisions"}],"wp:attachment":[{"href":"https:\/\/senoticias.com.br\/se\/wp-json\/wp\/v2\/media?parent=126733"}],"wp:term":[{"taxonomy":"category","embeddable":true,"href":"https:\/\/senoticias.com.br\/se\/wp-json\/wp\/v2\/categories?post=126733"},{"taxonomy":"post_tag","embeddable":true,"href":"https:\/\/senoticias.com.br\/se\/wp-json\/wp\/v2\/tags?post=126733"}],"curies":[{"name":"wp","href":"https:\/\/api.w.org\/{rel}","templated":true}]}}