{"id":126703,"date":"2021-02-15T08:53:32","date_gmt":"2021-02-15T11:53:32","guid":{"rendered":"https:\/\/senoticias.com.br\/se\/?p=126703"},"modified":"2021-02-15T08:54:24","modified_gmt":"2021-02-15T11:54:24","slug":"caminhao-carregado-de-tintas-tomba-entre-simao-dias-e-pinhao","status":"publish","type":"post","link":"https:\/\/senoticias.com.br\/se\/caminhao-carregado-de-tintas-tomba-entre-simao-dias-e-pinhao\/","title":{"rendered":"Caminh\u00e3o carregado de tintas tomba entre Sim\u00e3o Dias e Pinh\u00e3o"},"content":{"rendered":"\n<p><\/p>\n\n\n\n<p>Um caminh\u00e3o carregado de tintas tombou, por volta das 6h30 desta segunda-feira, 15, entre os munic\u00edpios de Sim\u00e3o Dias e Pinh\u00e3o, na SE-176.<\/p>\n\n\n\n<figure class=\"wp-block-image size-large\"><img decoding=\"async\" src=\"https:\/\/senoticias.com.br\/se\/wp-content\/uploads\/2021\/02\/caminhao-vira-em-Simao-Dias-SE-Noticias.jpg\" alt=\"\" class=\"wp-image-126704\"\/><figcaption>Caminh\u00e3o de tintas tombou na rodovia estadual \u2014 Foto: Divulga\u00e7\u00e3o\/BPRv<\/figcaption><\/figure>\n\n\n\n<p>De acordo com o Batalh\u00e3o de Pol\u00edcia Rodovi\u00e1ria Estadual (BPRV), o motorista teve ferimentos leves.<\/p>\n\n\n\n<p>A recomenda\u00e7\u00e3o \u00e9 evitar passar pela via, que est\u00e1 interditada.<\/p>\n\n\n\n<p><em>Quer receber as principais not\u00edcias do&nbsp;<strong>SE Not\u00edcias<\/strong>&nbsp;no seu&nbsp;<strong>WhatsApp?<\/strong>&nbsp;<strong><a href=\"https:\/\/api.whatsapp.com\/send?phone=5579991715289\">Clique aqui<\/a><\/strong>.<\/em><\/p>\n\n\n\n<p><strong><em>Acompanhe tamb\u00e9m o SE Not\u00edcias no\u00a0<a rel=\"noreferrer noopener\" href=\"https:\/\/twitter.com\/Senoticias\" target=\"_blank\">Twitter<\/a>,\u00a0<a rel=\"noreferrer noopener\" href=\"https:\/\/www.facebook.com\/senoticias1\" target=\"_blank\">Facebook<\/a>\u00a0e no\u00a0<a rel=\"noreferrer noopener\" href=\"https:\/\/www.instagram.com\/senoticias\/\" target=\"_blank\">Instagram<\/a><\/em><\/strong><\/p>\n\n\n\n<p><em>Com informa\u00e7\u00f5es do G1 SE<\/em><\/p>\n","protected":false},"excerpt":{"rendered":"<p>Um caminh\u00e3o carregado de tintas tombou, por volta das 6h30 desta segunda-feira, 15, entre os munic\u00edpios de Sim\u00e3o Dias e Pinh\u00e3o, na SE-176. De acordo com o Batalh\u00e3o de Pol\u00edcia Rodovi\u00e1ria Estadual (BPRV), o motorista teve ferimentos leves. A recomenda\u00e7\u00e3o \u00e9 evitar passar pela via, que est\u00e1 interditada. Quer receber as principais not\u00edcias do&nbsp;SE Not\u00edcias&nbsp;no [&hellip;]<\/p>\n","protected":false},"author":6552,"featured_media":126704,"comment_status":"closed","ping_status":"closed","sticky":false,"template":"","format":"standard","meta":{"footnotes":""},"categories":[15,7],"tags":[16506,16505,16507,802],"class_list":{"0":"post-126703","1":"post","2":"type-post","3":"status-publish","4":"format-standard","5":"has-post-thumbnail","7":"category-destaques","8":"category-policia","9":"tag-batalhao-de-policia-rodoviaria","10":"tag-caminhao-vira","11":"tag-carga-de-tintas","12":"tag-simao-dias"},"_links":{"self":[{"href":"https:\/\/senoticias.com.br\/se\/wp-json\/wp\/v2\/posts\/126703"}],"collection":[{"href":"https:\/\/senoticias.com.br\/se\/wp-json\/wp\/v2\/posts"}],"about":[{"href":"https:\/\/senoticias.com.br\/se\/wp-json\/wp\/v2\/types\/post"}],"author":[{"embeddable":true,"href":"https:\/\/senoticias.com.br\/se\/wp-json\/wp\/v2\/users\/6552"}],"replies":[{"embeddable":true,"href":"https:\/\/senoticias.com.br\/se\/wp-json\/wp\/v2\/comments?post=126703"}],"version-history":[{"count":0,"href":"https:\/\/senoticias.com.br\/se\/wp-json\/wp\/v2\/posts\/126703\/revisions"}],"wp:featuredmedia":[{"embeddable":true,"href":"https:\/\/senoticias.com.br\/se\/wp-json\/wp\/v2\/media\/126704"}],"wp:attachment":[{"href":"https:\/\/senoticias.com.br\/se\/wp-json\/wp\/v2\/media?parent=126703"}],"wp:term":[{"taxonomy":"category","embeddable":true,"href":"https:\/\/senoticias.com.br\/se\/wp-json\/wp\/v2\/categories?post=126703"},{"taxonomy":"post_tag","embeddable":true,"href":"https:\/\/senoticias.com.br\/se\/wp-json\/wp\/v2\/tags?post=126703"}],"curies":[{"name":"wp","href":"https:\/\/api.w.org\/{rel}","templated":true}]}}