{"id":126682,"date":"2021-02-12T17:14:54","date_gmt":"2021-02-12T20:14:54","guid":{"rendered":"https:\/\/senoticias.com.br\/se\/?p=126682"},"modified":"2021-02-12T17:18:58","modified_gmt":"2021-02-12T20:18:58","slug":"126682-2","status":"publish","type":"post","link":"https:\/\/senoticias.com.br\/se\/126682-2\/","title":{"rendered":"Judici\u00e1rio determina que o Estado suspenda imediatamente autoriza\u00e7\u00f5es j\u00e1 concedidas para a realiza\u00e7\u00e3o de eventos no per\u00edodo do Carnaval"},"content":{"rendered":"\n<p>Em atendimento aos pedidos da A\u00e7\u00e3o Civil P\u00fablica movida pelo Minist\u00e9rio P\u00fablico de Sergipe, atrav\u00e9s da 2\u00aa Promotoria de Justi\u00e7a de Ne\u00f3polis, o Poder Judici\u00e1rio concedeu liminar determinando que o Estado de Sergipe suspenda imediatamente autoriza\u00e7\u00f5es j\u00e1 concedidas para a realiza\u00e7\u00e3o de eventos <strong>entre os dias 11 e 21 de fevereiro<\/strong>, per\u00edodo alusivo ao Carnaval.<\/p>\n\n\n\n<figure class=\"wp-block-image size-large\"><img decoding=\"async\" src=\"https:\/\/senoticias.com.br\/se\/wp-content\/uploads\/2021\/02\/Liminar-Suspensao-de-eventos-autorizados.MPSE_.jpg\" alt=\"\" class=\"wp-image-126683\"\/><figcaption>Justi\u00e7a manda Estado suspender autoriza\u00e7\u00f5es &#8211; Foto arte: MPESE<\/figcaption><\/figure>\n\n\n\n<p>Segundo o MPSE, as determina\u00e7\u00f5es expostas na Resolu\u00e7\u00e3o n\u00ba 10\/2021 do CTCAE, homologada pelo Decreto Estadual n\u00ba 40.478\/2021, que visam a proibi\u00e7\u00e3o de realiza\u00e7\u00e3o de comemora\u00e7\u00f5es e festividades relacionadas ao Carnaval, entre os dias 11 a 21 de fevereiro, s\u00e3o insuficientes ante o quadro de pandemia vivenciado. \u201cN\u00e3o h\u00e1 crit\u00e9rios esclarecedores sobre solicita\u00e7\u00f5es e autoriza\u00e7\u00f5es eventualmente concedidas para a realiza\u00e7\u00e3o de eventos festivos, bem como sobre requerimentos formulados neste sentido. A falta de transpar\u00eancia e publicidade, os princ\u00edpios da preven\u00e7\u00e3o e da precau\u00e7\u00e3o e o direito \u00e0 sa\u00fade s\u00e3o, portanto, o mote do presente ajuizamento\u201d, destacou a Promotoria de Justi\u00e7a na ACP.<\/p>\n\n\n\n<p>Ainda de acordo com o Minist\u00e9rio P\u00fablico, no art. 3\u00ba, \u00a7\u00a71\u00ba e 2\u00ba do Decreto h\u00e1 uma brecha que possibilita a realiza\u00e7\u00e3o de eventos previamente autorizados, ainda que limitados a 50 (cinquenta) pessoas em ambientes fechados e 75 (setenta e cinco) pessoas em ambientes abertos.&nbsp;\u201cA Secretaria de Estado da Sa\u00fade, ao aprovar eventos, ainda que nos limites quantitativos indicados, inviabiliza qualquer controle sobre a mobilidade, distanciamento e uso de m\u00e1scaras pelos usu\u00e1rios e consumidores que participam de tais eventos, os quais, por sua natureza, n\u00e3o s\u00e3o pass\u00edveis de controle, mormente em raz\u00e3o do momento de instabilidade e imprevisibilidade pand\u00eamica, com proje\u00e7\u00f5es de crescimento no decorrer das festividades t\u00edpicas do Carnaval, as quais possuem caracter\u00edsticas espec\u00edficas que inviabilizam, em sua maioria, qualquer controle mais rigoroso sobre aglomera\u00e7\u00f5es\u201d, frisou o MPSE no documento.<\/p>\n\n\n\n<p>Ao conceder a liminar, o Poder Judici\u00e1rio destacou \u201cque urg\u00eancia de demanda \u00e9 patente, uma vez que versa sobre a sa\u00fade p\u00fablica, com medidas que visam a preven\u00e7\u00e3o ao cont\u00e1gio do coronav\u00edrus, de modo que, caso n\u00e3o sejam tomadas medidas en\u00e9rgicas pelo poder p\u00fablico, a consequ\u00eancia ser\u00e1 a ocorr\u00eancia dano irrepar\u00e1vel \u00e0 sa\u00fade p\u00fablica, conforme intelig\u00eancia do caput do art. 300, CPC\u201d.<\/p>\n\n\n\n<p><strong>Clique abaixo e confira:<\/strong><\/p>\n\n\n\n<p><strong><a href=\"https:\/\/www.mpse.mp.br\/wp-content\/uploads\/2021\/02\/202175300066-ACP-Suspensao-de-Eventos-Autorizados-Carnaval.pdf\" target=\"_blank\" rel=\"noreferrer noopener\">202175300066 \u2013 ACP \u2013 Suspens\u00e3o de Eventos Autorizados Carnaval<\/a><\/strong><\/p>\n\n\n\n<p><strong><a rel=\"noreferrer noopener\" href=\"https:\/\/www.mpse.mp.br\/wp-content\/uploads\/2021\/02\/Liminar-Suspensao-de-Eventos-Autorizados-Carnaval.pdf\" target=\"_blank\">Liminar \u2013 Suspens\u00e3o de Eventos Autorizados Carnaval<\/a><\/strong><\/p>\n\n\n\n<p><em>Quer receber as principais not\u00edcias do&nbsp;<strong>SE Not\u00edcias<\/strong>&nbsp;no seu&nbsp;<strong>WhatsApp?<\/strong>&nbsp;<strong><a href=\"https:\/\/api.whatsapp.com\/send?phone=5579991715289\">Clique aqui<\/a><\/strong>.<\/em><\/p>\n\n\n\n<p><strong><em>Acompanhe tamb\u00e9m o SE Not\u00edcias no\u00a0<a rel=\"noreferrer noopener\" href=\"https:\/\/twitter.com\/Senoticias\" target=\"_blank\">Twitter<\/a>,\u00a0<a rel=\"noreferrer noopener\" href=\"https:\/\/www.facebook.com\/senoticias1\" target=\"_blank\">Facebook<\/a>\u00a0e no\u00a0<a rel=\"noreferrer noopener\" href=\"https:\/\/www.instagram.com\/senoticias\/\" target=\"_blank\">Instagram<\/a><\/em><\/strong><\/p>\n\n\n\n<p>N\u00facleo de Comunica\u00e7\u00e3o<br>Minist\u00e9rio P\u00fablico de Sergipe<\/p>\n","protected":false},"excerpt":{"rendered":"<p>Em atendimento aos pedidos da A\u00e7\u00e3o Civil P\u00fablica movida pelo Minist\u00e9rio P\u00fablico de Sergipe, atrav\u00e9s da 2\u00aa Promotoria de Justi\u00e7a de Ne\u00f3polis, o Poder Judici\u00e1rio concedeu liminar determinando que o Estado de Sergipe suspenda imediatamente autoriza\u00e7\u00f5es j\u00e1 concedidas para a realiza\u00e7\u00e3o de eventos entre os dias 11 e 21 de fevereiro, per\u00edodo alusivo ao Carnaval. [&hellip;]<\/p>\n","protected":false},"author":6552,"featured_media":126683,"comment_status":"closed","ping_status":"closed","sticky":false,"template":"","format":"standard","meta":{"footnotes":""},"categories":[15,6,1],"tags":[5227,58,16323,14093,16498,2799],"class_list":{"0":"post-126682","1":"post","2":"type-post","3":"status-publish","4":"format-standard","5":"has-post-thumbnail","7":"category-destaques","8":"category-politica","9":"category-sem-categoria","10":"tag-acao-civil-publica","11":"tag-carnaval","12":"tag-carnaval-2021","13":"tag-carnaval-em-sergipe","14":"tag-eventos-no-periodo-do-carnaval","15":"tag-justica"},"_links":{"self":[{"href":"https:\/\/senoticias.com.br\/se\/wp-json\/wp\/v2\/posts\/126682"}],"collection":[{"href":"https:\/\/senoticias.com.br\/se\/wp-json\/wp\/v2\/posts"}],"about":[{"href":"https:\/\/senoticias.com.br\/se\/wp-json\/wp\/v2\/types\/post"}],"author":[{"embeddable":true,"href":"https:\/\/senoticias.com.br\/se\/wp-json\/wp\/v2\/users\/6552"}],"replies":[{"embeddable":true,"href":"https:\/\/senoticias.com.br\/se\/wp-json\/wp\/v2\/comments?post=126682"}],"version-history":[{"count":0,"href":"https:\/\/senoticias.com.br\/se\/wp-json\/wp\/v2\/posts\/126682\/revisions"}],"wp:featuredmedia":[{"embeddable":true,"href":"https:\/\/senoticias.com.br\/se\/wp-json\/wp\/v2\/media\/126683"}],"wp:attachment":[{"href":"https:\/\/senoticias.com.br\/se\/wp-json\/wp\/v2\/media?parent=126682"}],"wp:term":[{"taxonomy":"category","embeddable":true,"href":"https:\/\/senoticias.com.br\/se\/wp-json\/wp\/v2\/categories?post=126682"},{"taxonomy":"post_tag","embeddable":true,"href":"https:\/\/senoticias.com.br\/se\/wp-json\/wp\/v2\/tags?post=126682"}],"curies":[{"name":"wp","href":"https:\/\/api.w.org\/{rel}","templated":true}]}}