{"id":126620,"date":"2021-02-08T18:18:27","date_gmt":"2021-02-08T21:18:27","guid":{"rendered":"https:\/\/senoticias.com.br\/se\/?p=126620"},"modified":"2021-02-08T18:34:40","modified_gmt":"2021-02-08T21:34:40","slug":"exposicao-sergipe-folia-convida-o-publico-a-reviver-a-alegria-do-carnaval","status":"publish","type":"post","link":"https:\/\/senoticias.com.br\/se\/exposicao-sergipe-folia-convida-o-publico-a-reviver-a-alegria-do-carnaval\/","title":{"rendered":"Exposi\u00e7\u00e3o &#8216;Sergipe Folia&#8217; convida o p\u00fablico a reviver a alegria do carnaval"},"content":{"rendered":"\n<p>Abre alas que o Shopping Jardins homenageia as nossas tradi\u00e7\u00f5es culturais e brinda as fam\u00edlias com a <strong>exposi\u00e7\u00e3o &#8216;Sergipe Folia<\/strong>&#8216;. A mostra acontece at\u00e9 21 de fevereiro e apresenta cen\u00e1rios com figurinos e adere\u00e7os para os visitantes reviverem a alegria das festas de <strong>Aracaju, Est\u00e2ncia e S\u00e3o Crist\u00f3v\u00e3o<\/strong>.<\/p>\n\n\n\n<figure class=\"wp-block-image size-large\"><img loading=\"lazy\" decoding=\"async\" width=\"1024\" height=\"561\" src=\"https:\/\/senoticias.com.br\/se\/wp-content\/uploads\/2021\/02\/Bonecos-Gigantes-SE-Noticias-1024x561.jpg\" alt=\"\" class=\"wp-image-126621\"\/><figcaption>Figurinos e adere\u00e7os est\u00e3o em exibi\u00e7\u00e3o no Shopping Jardins, em Aracaju &#8211; Foto: divulga\u00e7\u00e3o<\/figcaption><\/figure>\n\n\n\n<p>O brilho e os ritmos dos tradicionais bailes \u00e0 fantasia pedem passagem e exaltam a euforia e a nostalgia dos foli\u00f5es aracajuanos. A suntuosidade dos figurinos ganha destaque e homenageia a criatividade dos estancianos. E a exuber\u00e2ncia dos <strong>bonecos gigantes<\/strong> enaltecem a genuinidade dos <strong>brincantes de S\u00e3o Crist\u00f3v\u00e3o.<\/strong><\/p>\n\n\n\n<p>A gerente de marketing do Shopping Jardins, Ac\u00e1cia Sandes, explica que a homenagem est\u00e1 sendo realizada em vitrines tem\u00e1ticas que exaltam o colorido, a musicalidade e as riquezas do carnaval sergipano. \u201cMantemos os protocolos sanit\u00e1rios para acolher as fam\u00edlias com seguran\u00e7a e preparamos uma exposi\u00e7\u00e3o contemplativa que enaltece a nossa cultura e a beleza das tradicionais festas de Sergipe\u201d, afirma.<\/p>\n\n\n\n<p>Os cen\u00e1rios est\u00e3o localizados ao lado da Lojas Americanas, pr\u00f3ximo \u00e0 Portaria B. E o visitante tamb\u00e9m pode aproveitar o painel tem\u00e1tico, em frente \u00e0 Pra\u00e7a de Eventos Ip\u00ea, para tirar fotos descontra\u00eddas com sombrinha de frevo.<\/p>\n\n\n\n<p><strong>&#8216;Sergipe Folia&#8217;<\/strong><\/p>\n\n\n\n<p>O qu\u00ea? Cen\u00e1rios com tradicionais figurinos e adere\u00e7os convidam as fam\u00edlias a reviver a alegria do carnaval sergipano.<br>Quando? At\u00e9 21 de fevereiro, de segunda a s\u00e1bado, das 10h \u00e0s 22h, e aos domingos, das 14h \u00e0s 20h.<br>Onde? Vitrines tem\u00e1ticas pr\u00f3ximo \u00e0 Portaria B e painel para fotos em frente \u00e0 Pra\u00e7a de Eventos Ip\u00ea do Shopping Jardins \u2013 Avenida Ministro Geraldo Barreto Sobral, 215, bairro Jardins, Aracaju | SE.<br>Quanto? Acesso gratuito.<br>Mais informa\u00e7\u00f5es? (79) 2107.5555 | shoppingjardins.com.br<\/p>\n\n\n\n<p><em>Quer receber as principais not\u00edcias do&nbsp;<strong>SE Not\u00edcias<\/strong>&nbsp;no seu&nbsp;<strong>WhatsApp?<\/strong>&nbsp;<strong><a href=\"https:\/\/api.whatsapp.com\/send?phone=5579991715289\">Clique aqui<\/a><\/strong>.<\/em><\/p>\n\n\n\n<p><strong><em>Acompanhe tamb\u00e9m o SE Not\u00edcias no\u00a0<a rel=\"noreferrer noopener\" href=\"https:\/\/twitter.com\/Senoticias\" target=\"_blank\">Twitter<\/a>,\u00a0<a rel=\"noreferrer noopener\" href=\"https:\/\/www.facebook.com\/senoticias1\" target=\"_blank\">Facebook<\/a>\u00a0e no\u00a0<a rel=\"noreferrer noopener\" href=\"https:\/\/www.instagram.com\/senoticias\/\" target=\"_blank\">Instagram<\/a><\/em><\/strong><\/p>\n\n\n\n<p>Assessoria de imprensa<br>Lotti+Caldas Comunica\u00e7\u00e3o<\/p>\n","protected":false},"excerpt":{"rendered":"<p>Abre alas que o Shopping Jardins homenageia as nossas tradi\u00e7\u00f5es culturais e brinda as fam\u00edlias com a exposi\u00e7\u00e3o &#8216;Sergipe Folia&#8216;. A mostra acontece at\u00e9 21 de fevereiro e apresenta cen\u00e1rios com figurinos e adere\u00e7os para os visitantes reviverem a alegria das festas de Aracaju, Est\u00e2ncia e S\u00e3o Crist\u00f3v\u00e3o. O brilho e os ritmos dos tradicionais [&hellip;]<\/p>\n","protected":false},"author":6552,"featured_media":126621,"comment_status":"closed","ping_status":"closed","sticky":false,"template":"","format":"standard","meta":{"footnotes":""},"categories":[15,21],"tags":[16458,16457,4939],"class_list":{"0":"post-126620","1":"post","2":"type-post","3":"status-publish","4":"format-standard","5":"has-post-thumbnail","7":"category-destaques","8":"category-entretenimento","9":"tag-exposicao-sergipe-folia","10":"tag-sergipe-folia","11":"tag-shopping-jardins"},"_links":{"self":[{"href":"https:\/\/senoticias.com.br\/se\/wp-json\/wp\/v2\/posts\/126620"}],"collection":[{"href":"https:\/\/senoticias.com.br\/se\/wp-json\/wp\/v2\/posts"}],"about":[{"href":"https:\/\/senoticias.com.br\/se\/wp-json\/wp\/v2\/types\/post"}],"author":[{"embeddable":true,"href":"https:\/\/senoticias.com.br\/se\/wp-json\/wp\/v2\/users\/6552"}],"replies":[{"embeddable":true,"href":"https:\/\/senoticias.com.br\/se\/wp-json\/wp\/v2\/comments?post=126620"}],"version-history":[{"count":0,"href":"https:\/\/senoticias.com.br\/se\/wp-json\/wp\/v2\/posts\/126620\/revisions"}],"wp:featuredmedia":[{"embeddable":true,"href":"https:\/\/senoticias.com.br\/se\/wp-json\/wp\/v2\/media\/126621"}],"wp:attachment":[{"href":"https:\/\/senoticias.com.br\/se\/wp-json\/wp\/v2\/media?parent=126620"}],"wp:term":[{"taxonomy":"category","embeddable":true,"href":"https:\/\/senoticias.com.br\/se\/wp-json\/wp\/v2\/categories?post=126620"},{"taxonomy":"post_tag","embeddable":true,"href":"https:\/\/senoticias.com.br\/se\/wp-json\/wp\/v2\/tags?post=126620"}],"curies":[{"name":"wp","href":"https:\/\/api.w.org\/{rel}","templated":true}]}}