{"id":126618,"date":"2021-02-08T12:40:12","date_gmt":"2021-02-08T15:40:12","guid":{"rendered":"https:\/\/senoticias.com.br\/se\/?p=126618"},"modified":"2021-02-08T12:46:34","modified_gmt":"2021-02-08T15:46:34","slug":"secretaria-de-saude-orienta-municipios-a-mapearem-idosos-para-vacinacao-contra-covid-19","status":"publish","type":"post","link":"https:\/\/senoticias.com.br\/se\/secretaria-de-saude-orienta-municipios-a-mapearem-idosos-para-vacinacao-contra-covid-19\/","title":{"rendered":"Secretaria de Sa\u00fade orienta munic\u00edpios a mapearem idosos para vacina\u00e7\u00e3o contra Covid-19"},"content":{"rendered":"\n<p>Mapear os idosos existentes em Sergipe para identificar com precis\u00e3o o quantitativo e onde est\u00e3o domiciliados. Esta foi a orienta\u00e7\u00e3o passada para os gestores municipais pela sc, M\u00e9rcia Feitosa, durante palestra no semin\u00e1rio de acolhimento realizado pelo Conselho de Secret\u00e1rios Municipais de Sa\u00fade de Sergipe (Cosemes\/SE), na \u00faltima sexta-feira (05), no\u00a0Quality Hotel. A proposta visa \u00e0 prepara\u00e7\u00e3o e organiza\u00e7\u00e3o dos munic\u00edpios para a vacina\u00e7\u00e3o de idosos contra o coronav\u00edrus, p\u00fablico da pr\u00f3xima fase de imuniza\u00e7\u00e3o.<\/p>\n\n\n\n<figure class=\"wp-block-image size-large\"><img decoding=\"async\" src=\"https:\/\/senoticias.com.br\/se\/wp-content\/uploads\/2021\/02\/Vacina-SE-Noticias.jpeg\" alt=\"\" class=\"wp-image-126619\"\/><figcaption>A\u00e7\u00e3o pretende organizar a log\u00edstica para pr\u00f3xima etapa de imuniza\u00e7\u00e3o &#8211; Foto: SES<\/figcaption><\/figure>\n\n\n\n<p>Na avalia\u00e7\u00e3o da secret\u00e1ria, \u00e9 essencial que os munic\u00edpios se organizem para dar agilidade e transpar\u00eancia no processo de vacina\u00e7\u00e3o. \u201c\u00c9 um desafio e teremos que venc\u00ea-lo. N\u00e3o basta que o munic\u00edpio diga que quer a vacina. \u00c9 preciso estar pronto para iniciar o processo de vacina\u00e7\u00e3o de forma otimizada, ou seja, ao abrir o frasco de vacina que cont\u00e9m 10 doses \u00e9 preciso ter 10 idosos para imunizar\u201d, refor\u00e7ou M\u00e9rcia Feitosa, explicando que, depois de aberto o frasco, o tempo de validade da vacina varia entre seis e oito horas, dependendo do laborat\u00f3rio produtor.<\/p>\n\n\n\n<p><strong>Vacinas<\/strong><\/p>\n\n\n\n<p>O Governo de Sergipe recebeu na tarde do \u00faltimo domingo (07), uma nova remessa de\u00a0vacinas da Coronavac\u00a0para Imuniza\u00e7\u00e3o contra a Covid-19. Foram enviadas, pelo Minist\u00e9rio da Sa\u00fade, 23.800 doses que ser\u00e3o destinadas aos 75 munic\u00edpios para continuidade da imuniza\u00e7\u00e3o dos profissionais de sa\u00fade e possibilitar\u00e1 in\u00edcio da segunda fase do Plano de Imuniza\u00e7\u00e3o, vacinando idosos com 90 anos ou mais.\u00a0<\/p>\n\n\n\n<p>Ap\u00f3s o desembarque, os imunizantes foram transportados do Aeroporto de Aracaju at\u00e9 a Central Estadual de Armazenamento e Distribui\u00e7\u00e3o de Imunobiol\u00f3gico (Ceadi) da Secretaria de Estado da Sa\u00fade, que possui estrutura climatizada, para armazenamento e distribui\u00e7\u00e3o.<\/p>\n\n\n\n<p>Para garantir agilidade na distribui\u00e7\u00e3o dos imunizantes, o Governo do Estado, atrav\u00e9s da SES, repetir\u00e1 a log\u00edstica de distribui\u00e7\u00e3o que vem desenvolvendo junto aos munic\u00edpios.<\/p>\n\n\n\n<p><em>Quer receber as principais not\u00edcias do&nbsp;<strong>SE Not\u00edcias<\/strong>&nbsp;no seu&nbsp;<strong>WhatsApp?<\/strong>&nbsp;<strong><a href=\"https:\/\/api.whatsapp.com\/send?phone=5579991715289\">Clique aqui<\/a><\/strong>.<\/em><\/p>\n\n\n\n<p><strong><em>Acompanhe tamb\u00e9m o SE Not\u00edcias no\u00a0<a rel=\"noreferrer noopener\" href=\"https:\/\/twitter.com\/Senoticias\" target=\"_blank\">Twitter<\/a>,\u00a0<a rel=\"noreferrer noopener\" href=\"https:\/\/www.facebook.com\/senoticias1\" target=\"_blank\">Facebook<\/a>\u00a0e no\u00a0<a rel=\"noreferrer noopener\" href=\"https:\/\/www.instagram.com\/senoticias\/\" target=\"_blank\">Instagram<\/a><\/em><\/strong><\/p>\n\n\n\n<p>Por Ag\u00eancia Sergipe de Not\u00edcias<\/p>\n","protected":false},"excerpt":{"rendered":"<p>Mapear os idosos existentes em Sergipe para identificar com precis\u00e3o o quantitativo e onde est\u00e3o domiciliados. Esta foi a orienta\u00e7\u00e3o passada para os gestores municipais pela sc, M\u00e9rcia Feitosa, durante palestra no semin\u00e1rio de acolhimento realizado pelo Conselho de Secret\u00e1rios Municipais de Sa\u00fade de Sergipe (Cosemes\/SE), na \u00faltima sexta-feira (05), no\u00a0Quality Hotel. A proposta visa [&hellip;]<\/p>\n","protected":false},"author":6552,"featured_media":126619,"comment_status":"closed","ping_status":"closed","sticky":false,"template":"","format":"standard","meta":{"footnotes":""},"categories":[15,6,1],"tags":[16456,14123,14279,14369],"class_list":{"0":"post-126618","1":"post","2":"type-post","3":"status-publish","4":"format-standard","5":"has-post-thumbnail","7":"category-destaques","8":"category-politica","9":"category-sem-categoria","10":"tag-conselho-de-secretarios-municipais-de-saude-de-sergipe","11":"tag-coronavirus","12":"tag-covid19","13":"tag-pandemia"},"_links":{"self":[{"href":"https:\/\/senoticias.com.br\/se\/wp-json\/wp\/v2\/posts\/126618"}],"collection":[{"href":"https:\/\/senoticias.com.br\/se\/wp-json\/wp\/v2\/posts"}],"about":[{"href":"https:\/\/senoticias.com.br\/se\/wp-json\/wp\/v2\/types\/post"}],"author":[{"embeddable":true,"href":"https:\/\/senoticias.com.br\/se\/wp-json\/wp\/v2\/users\/6552"}],"replies":[{"embeddable":true,"href":"https:\/\/senoticias.com.br\/se\/wp-json\/wp\/v2\/comments?post=126618"}],"version-history":[{"count":0,"href":"https:\/\/senoticias.com.br\/se\/wp-json\/wp\/v2\/posts\/126618\/revisions"}],"wp:featuredmedia":[{"embeddable":true,"href":"https:\/\/senoticias.com.br\/se\/wp-json\/wp\/v2\/media\/126619"}],"wp:attachment":[{"href":"https:\/\/senoticias.com.br\/se\/wp-json\/wp\/v2\/media?parent=126618"}],"wp:term":[{"taxonomy":"category","embeddable":true,"href":"https:\/\/senoticias.com.br\/se\/wp-json\/wp\/v2\/categories?post=126618"},{"taxonomy":"post_tag","embeddable":true,"href":"https:\/\/senoticias.com.br\/se\/wp-json\/wp\/v2\/tags?post=126618"}],"curies":[{"name":"wp","href":"https:\/\/api.w.org\/{rel}","templated":true}]}}