{"id":126591,"date":"2021-02-05T19:18:50","date_gmt":"2021-02-05T22:18:50","guid":{"rendered":"https:\/\/senoticias.com.br\/se\/?p=126591"},"modified":"2021-02-05T19:19:14","modified_gmt":"2021-02-05T22:19:14","slug":"forca-tarefa-de-combate-a-covid-19-intensificara-fiscalizacoes-neste-mes-de-fevereiro","status":"publish","type":"post","link":"https:\/\/senoticias.com.br\/se\/forca-tarefa-de-combate-a-covid-19-intensificara-fiscalizacoes-neste-mes-de-fevereiro\/","title":{"rendered":"For\u00e7a-Tarefa de Combate \u00e0 Covid-19 intensificar\u00e1 fiscaliza\u00e7\u00f5es neste m\u00eas de fevereiro"},"content":{"rendered":"\n<p><\/p>\n\n\n\n<p>Em coletiva de imprensa realizada no final da manh\u00e3 desta sexta-feira(05), no Pal\u00e1cio dos Despachos, a For\u00e7a-Tarefa de Combate \u00e0 Covid-19 anunciou as medidas que ser\u00e3o aplicadas neste m\u00eas de fevereiro, particularmente, durante o per\u00edodo carnavalesco, para impedir maior propaga\u00e7\u00e3o do v\u00edrus. Entre as medidas anunciadas est\u00e3o opera\u00e7\u00f5es de fiscaliza\u00e7\u00e3o que ser\u00e3o realizadas com o objetivo de fazer cumprir o decreto governamental que homologa resolu\u00e7\u00e3o do Comit\u00ea T\u00e9cnico-Cient\u00edfico.<\/p>\n\n\n\n<p>A secret\u00e1ria de Estado da Sa\u00fade, M\u00e9rcia Feitosa, enfatizou na coletiva que as medidas restritivas que est\u00e3o sendo adotadas neste per\u00edodo refletem a preocupa\u00e7\u00e3o e o zelo do governo do Estado com as fam\u00edlias sergipanas. Ela lembrou que o Carnaval do ano passado pode ter sido um fator que desencadeou a prolifera\u00e7\u00e3o do v\u00edrus. \u201cO decreto \u00e9 editado em momento oportuno pensando no cen\u00e1rio que a gente est\u00e1 agora, que \u00e9 de estabilidade, mas que pode sofrer altera\u00e7\u00e3o indesejada. Para evitar que isso ocorra, estas restri\u00e7\u00f5es surgem como medidas de conten\u00e7\u00e3o para que possamos conter a transmiss\u00e3o\u201d, explicou.<\/p>\n\n\n\n<figure class=\"wp-block-image size-large\"><img loading=\"lazy\" decoding=\"async\" width=\"1024\" height=\"723\" src=\"https:\/\/senoticias.com.br\/se\/wp-content\/uploads\/2021\/02\/0e84563419dbf768d732454ff7536727-1024x723.jpeg\" alt=\"\" class=\"wp-image-126592\"\/><figcaption>Medidas ser\u00e3o aplicadas neste m\u00eas de fevereiro, particularmente durante o per\u00edodo carnavalesco &#8211; Foto: Fl\u00e1via Pacheco\/SES<\/figcaption><\/figure>\n\n\n\n<p>Composta pelas Vigil\u00e2ncias Sanit\u00e1rias Estadual e Municipal, Procon, Defesa Civil (Estadual e Municipal), al\u00e9m da Guarda Municipal, Pol\u00edcia Militar e Corpo de Bombeiros, a For\u00e7a-Tarefa tem a miss\u00e3o de combater as aglomera\u00e7\u00f5es e o poder de promover a dispers\u00e3o em casos de flagrante desrespeito ao decreto governamental. De acordo com o documento, est\u00e1 proibida a realiza\u00e7\u00e3o em todo Estado, no per\u00edodo de 11 a 21 deste m\u00eas, de festas carnavalescas, a exemplo de blocos, pr\u00e9vias carnavalescas, apresenta\u00e7\u00f5es musicais e shows, de car\u00e1ter p\u00fablico ou privado.<\/p>\n\n\n\n<p>O litoral sergipano, historicamente efervescente no per\u00edodo momesco, ser\u00e1 intensamente fiscalizado pela for\u00e7a-tarefa, bem como as regi\u00f5es do estado que t\u00eam tradi\u00e7\u00e3o na realiza\u00e7\u00e3o do Carnaval, como informou durante a coletiva o coordenador de Opera\u00e7\u00f5es do Corpo de Bombeiros, tenente-coronel F\u00e1bio, salientando que toda a estrutura do \u00f3rg\u00e3o estar\u00e1 disponibilizada para esta atividade.<\/p>\n\n\n\n<p>O Procurador-Geral do Estado, Vin\u00edcius Thiago Soares Oliveira, salientou que nenhuma autoriza\u00e7\u00e3o ser\u00e1 concedida para a realiza\u00e7\u00e3o de festas no per\u00edodo de 11 a 21 deste m\u00eas. \u201cN\u00e3o adianta camuflar eventos que gerem aglomera\u00e7\u00f5es dizendo que \u00e9 festa de fam\u00edlia. Teremos fiscaliza\u00e7\u00f5es rigorosas e quem infringir o decreto governamental ser\u00e1 punido. As medidas que estamos adotando \u00e9 para salvar vidas e preservar a rede hospital da superlota\u00e7\u00e3o, principalmente dos leitos de UTI\u201d, atestou.<\/p>\n\n\n\n<p>\u201cA Secretaria de Sa\u00fade de Aracaju trabalha em parceria com a sa\u00fade do estado para garantir cumprimento de protocolos de seguran\u00e7a. Nossas equipes realizam fiscaliza\u00e7\u00f5es di\u00e1rias em escolas, estabelecimentos comerciais, bares e restaurantes com objetivo de orientar e notificar aqueles que desrespeitem os protocolos. \u00c9 importante que todos fa\u00e7am sua parte e que a sociedade tamb\u00e9m esteja vigilante. Den\u00fancias podem ser registradas no 0800 729 3534\u201d, disse a gerente de a\u00e7\u00f5es estrat\u00e9gicas da Vigil\u00e2ncia Sanit\u00e1ria de Aracaju, Jackelene Andrade.<\/p>\n\n\n\n<p>Participaram da coletiva de imprensa a secret\u00e1ria de Estado da Sa\u00fade, M\u00e9rcia Feitosa; o procurador-Geral do Estado, Vin\u00edcius Thiago Soares Oliveira; o comandante da Pol\u00edcia Militar de Sergipe, coronel Marcony Cabral; o coordenador de Opera\u00e7\u00f5es do Corpo de Bombeiros, tenente-coronel F\u00e1bio; a gerente de a\u00e7\u00f5es estrat\u00e9gicas da Vigil\u00e2ncia Sanit\u00e1ria de Aracaju, Jackelene Andrade; e a diretora do Procon estadual, Tereza Raquel Martins.<\/p>\n\n\n\n<p><em>Quer receber as principais not\u00edcias do&nbsp;<strong>SE Not\u00edcias<\/strong>&nbsp;no seu&nbsp;<strong>WhatsApp?<\/strong>&nbsp;<strong><a href=\"https:\/\/api.whatsapp.com\/send?phone=5579991715289\">Clique aqui<\/a><\/strong>.<\/em><\/p>\n\n\n\n<p><strong><em>Acompanhe tamb\u00e9m o SE Not\u00edcias no\u00a0<a rel=\"noreferrer noopener\" href=\"https:\/\/twitter.com\/Senoticias\" target=\"_blank\">Twitter<\/a>,\u00a0<a rel=\"noreferrer noopener\" href=\"https:\/\/www.facebook.com\/senoticias1\" target=\"_blank\">Facebook<\/a>\u00a0e no\u00a0<a rel=\"noreferrer noopener\" href=\"https:\/\/www.instagram.com\/senoticias\/\" target=\"_blank\">Instagram<\/a><\/em><\/strong><\/p>\n\n\n\n<p>Mat\u00e9ria da Ag\u00eancia Sergipe de Not\u00edcias<\/p>\n","protected":false},"excerpt":{"rendered":"<p>Em coletiva de imprensa realizada no final da manh\u00e3 desta sexta-feira(05), no Pal\u00e1cio dos Despachos, a For\u00e7a-Tarefa de Combate \u00e0 Covid-19 anunciou as medidas que ser\u00e3o aplicadas neste m\u00eas de fevereiro, particularmente, durante o per\u00edodo carnavalesco, para impedir maior propaga\u00e7\u00e3o do v\u00edrus. Entre as medidas anunciadas est\u00e3o opera\u00e7\u00f5es de fiscaliza\u00e7\u00e3o que ser\u00e3o realizadas com o [&hellip;]<\/p>\n","protected":false},"author":6552,"featured_media":126592,"comment_status":"closed","ping_status":"closed","sticky":false,"template":"","format":"standard","meta":{"footnotes":""},"categories":[15,6],"tags":[16433,14123,14270,16434,14369],"class_list":{"0":"post-126591","1":"post","2":"type-post","3":"status-publish","4":"format-standard","5":"has-post-thumbnail","7":"category-destaques","8":"category-politica","9":"tag-combate-a-covid-19","10":"tag-coronavirus","11":"tag-covid-19","12":"tag-forca-tarefa-2","13":"tag-pandemia"},"_links":{"self":[{"href":"https:\/\/senoticias.com.br\/se\/wp-json\/wp\/v2\/posts\/126591"}],"collection":[{"href":"https:\/\/senoticias.com.br\/se\/wp-json\/wp\/v2\/posts"}],"about":[{"href":"https:\/\/senoticias.com.br\/se\/wp-json\/wp\/v2\/types\/post"}],"author":[{"embeddable":true,"href":"https:\/\/senoticias.com.br\/se\/wp-json\/wp\/v2\/users\/6552"}],"replies":[{"embeddable":true,"href":"https:\/\/senoticias.com.br\/se\/wp-json\/wp\/v2\/comments?post=126591"}],"version-history":[{"count":0,"href":"https:\/\/senoticias.com.br\/se\/wp-json\/wp\/v2\/posts\/126591\/revisions"}],"wp:featuredmedia":[{"embeddable":true,"href":"https:\/\/senoticias.com.br\/se\/wp-json\/wp\/v2\/media\/126592"}],"wp:attachment":[{"href":"https:\/\/senoticias.com.br\/se\/wp-json\/wp\/v2\/media?parent=126591"}],"wp:term":[{"taxonomy":"category","embeddable":true,"href":"https:\/\/senoticias.com.br\/se\/wp-json\/wp\/v2\/categories?post=126591"},{"taxonomy":"post_tag","embeddable":true,"href":"https:\/\/senoticias.com.br\/se\/wp-json\/wp\/v2\/tags?post=126591"}],"curies":[{"name":"wp","href":"https:\/\/api.w.org\/{rel}","templated":true}]}}