{"id":126561,"date":"2021-02-03T11:49:05","date_gmt":"2021-02-03T14:49:05","guid":{"rendered":"https:\/\/senoticias.com.br\/se\/?p=126561"},"modified":"2021-02-03T11:49:11","modified_gmt":"2021-02-03T14:49:11","slug":"policia-civil-prende-dupla-em-flagrante-por-trafico-de-drogas-em-itabaiana","status":"publish","type":"post","link":"https:\/\/senoticias.com.br\/se\/policia-civil-prende-dupla-em-flagrante-por-trafico-de-drogas-em-itabaiana\/","title":{"rendered":"Pol\u00edcia Civil prende dupla em flagrante por tr\u00e1fico de drogas em Itabaiana"},"content":{"rendered":"\n<p><\/p>\n\n\n\n<p>Equipes da Divis\u00e3o de Narc\u00f3ticos (Denarc) da Delegacia Regional de Itabaiana prenderam em flagrante dois homens em opera\u00e7\u00e3o deflagrada na tarde da ter\u00e7a-feira, 2, nos bairros Marcela e Centro. A a\u00e7\u00e3o policial tamb\u00e9m resultou na apreens\u00e3o de coca\u00edna, maconha, arma de fogo e muni\u00e7\u00f5es, al\u00e9m de equipamentos e insumos para fabrica\u00e7\u00e3o e prepara\u00e7\u00e3o de entorpecentes.<\/p>\n\n\n\n<figure class=\"wp-block-image size-large\"><img loading=\"lazy\" decoding=\"async\" width=\"1024\" height=\"768\" src=\"https:\/\/senoticias.com.br\/se\/wp-content\/uploads\/2021\/02\/capa-op-itabaiana-1024x768.jpeg\" alt=\"\" class=\"wp-image-126562\"\/><figcaption>Segundo a Pol\u00edcia Civil, com eles, foram apreendidos arma de fogo, entorpecentes, prensa hidr\u00e1ulica, celulares e j\u00f3ias &#8211; Foto: SSP\/SE<\/figcaption><\/figure>\n\n\n\n<p>De acordo com o delegado Khertton Rafael, a dupla j\u00e1 vinha sendo investigada h\u00e1 mais de dois meses pela equipe da Denarc de Itabaiana. \u201cA per\u00edcia criminal foi acionada para an\u00e1lise do material arrecadado. Estimamos, com base na experi\u00eancia policial, que a quantidade de droga apreendida representa um preju\u00edzo de cerca de<strong> R$ 300 mil reais<\/strong> ao tr\u00e1fico neste munic\u00edpio\u201d, explicou.<\/p>\n\n\n\n<p>Foram apreendidos 48 tabletes de maconha prensada, quatro tabletes de coca\u00edna, v\u00e1rios inv\u00f3lucros com por\u00e7\u00f5es menores de coca\u00edna e maconha, 128 pinos cheios de coca\u00edna, al\u00e9m de v\u00e1rios pinos vazios, balan\u00e7as de precis\u00e3o e prensa hidr\u00e1ulica, insumos para fabrica\u00e7\u00e3o, celulares, cart\u00f5es banc\u00e1rios, documentos falsos e j\u00f3ias. Tamb\u00e9m foi apreendida uma pistola calibre 40, dois carregadores e nove muni\u00e7\u00f5es de mesmo calibre.<\/p>\n\n\n\n<p>Ambos foram autuados por tr\u00e1fico de drogas il\u00edcitas e associa\u00e7\u00e3o para o tr\u00e1fico. Al\u00e9m disso, um dos homens foi autuado por posse ilegal de arma de fogo e uso de documento falso. A Pol\u00edcia Civil tamb\u00e9m destaca que informa\u00e7\u00f5es e den\u00fancias podem ser repassadas atrav\u00e9s do Disque-Den\u00fancia, no telefone <strong>181<\/strong>. O sigilo do denunciante \u00e9 garantido.<\/p>\n\n\n\n<p><em>Quer receber as principais not\u00edcias do&nbsp;<strong>SE Not\u00edcias<\/strong>&nbsp;no seu&nbsp;<strong>WhatsApp?<\/strong>&nbsp;<strong><a href=\"https:\/\/api.whatsapp.com\/send?phone=5579991715289\">Clique aqui<\/a><\/strong>.<\/em><\/p>\n\n\n\n<p><strong><em>Acompanhe tamb\u00e9m o SE Not\u00edcias no&nbsp;<a rel=\"noreferrer noopener\" href=\"https:\/\/twitter.com\/Senoticias\" target=\"_blank\">Twitter<\/a>,&nbsp;<a rel=\"noreferrer noopener\" href=\"https:\/\/www.facebook.com\/senoticias1\" target=\"_blank\">Facebook<\/a>&nbsp;e no&nbsp;<a rel=\"noreferrer noopener\" href=\"https:\/\/www.instagram.com\/senoticias\/\" target=\"_blank\">Instagram<\/a><\/em><\/strong><\/p>\n\n\n\n<p>Fonte: SSP\/SE<\/p>\n","protected":false},"excerpt":{"rendered":"<p>Equipes da Divis\u00e3o de Narc\u00f3ticos (Denarc) da Delegacia Regional de Itabaiana prenderam em flagrante dois homens em opera\u00e7\u00e3o deflagrada na tarde da ter\u00e7a-feira, 2, nos bairros Marcela e Centro. A a\u00e7\u00e3o policial tamb\u00e9m resultou na apreens\u00e3o de coca\u00edna, maconha, arma de fogo e muni\u00e7\u00f5es, al\u00e9m de equipamentos e insumos para fabrica\u00e7\u00e3o e prepara\u00e7\u00e3o de entorpecentes. [&hellip;]<\/p>\n","protected":false},"author":6552,"featured_media":126562,"comment_status":"closed","ping_status":"closed","sticky":false,"template":"","format":"standard","meta":{"footnotes":""},"categories":[15,7],"tags":[76,16414,2497,78,8359],"class_list":{"0":"post-126561","1":"post","2":"type-post","3":"status-publish","4":"format-standard","5":"has-post-thumbnail","7":"category-destaques","8":"category-policia","9":"tag-denarc","10":"tag-divisao-de-narcoticos","11":"tag-drogas","12":"tag-policia-civil","13":"tag-sspse"},"_links":{"self":[{"href":"https:\/\/senoticias.com.br\/se\/wp-json\/wp\/v2\/posts\/126561"}],"collection":[{"href":"https:\/\/senoticias.com.br\/se\/wp-json\/wp\/v2\/posts"}],"about":[{"href":"https:\/\/senoticias.com.br\/se\/wp-json\/wp\/v2\/types\/post"}],"author":[{"embeddable":true,"href":"https:\/\/senoticias.com.br\/se\/wp-json\/wp\/v2\/users\/6552"}],"replies":[{"embeddable":true,"href":"https:\/\/senoticias.com.br\/se\/wp-json\/wp\/v2\/comments?post=126561"}],"version-history":[{"count":0,"href":"https:\/\/senoticias.com.br\/se\/wp-json\/wp\/v2\/posts\/126561\/revisions"}],"wp:featuredmedia":[{"embeddable":true,"href":"https:\/\/senoticias.com.br\/se\/wp-json\/wp\/v2\/media\/126562"}],"wp:attachment":[{"href":"https:\/\/senoticias.com.br\/se\/wp-json\/wp\/v2\/media?parent=126561"}],"wp:term":[{"taxonomy":"category","embeddable":true,"href":"https:\/\/senoticias.com.br\/se\/wp-json\/wp\/v2\/categories?post=126561"},{"taxonomy":"post_tag","embeddable":true,"href":"https:\/\/senoticias.com.br\/se\/wp-json\/wp\/v2\/tags?post=126561"}],"curies":[{"name":"wp","href":"https:\/\/api.w.org\/{rel}","templated":true}]}}