{"id":126559,"date":"2021-02-03T10:17:50","date_gmt":"2021-02-03T13:17:50","guid":{"rendered":"https:\/\/senoticias.com.br\/se\/?p=126559"},"modified":"2021-02-03T10:19:08","modified_gmt":"2021-02-03T13:19:08","slug":"resultado-da-pre-selecao-do-fies-ja-pode-ser-consultado-na-internet","status":"publish","type":"post","link":"https:\/\/senoticias.com.br\/se\/resultado-da-pre-selecao-do-fies-ja-pode-ser-consultado-na-internet\/","title":{"rendered":"Resultado da pr\u00e9-sele\u00e7\u00e3o do Fies j\u00e1 pode ser consultado na internet"},"content":{"rendered":"\n<p><\/p>\n\n\n\n<p>Com um dia de atraso, o resultado da pr\u00e9-sele\u00e7\u00e3o para bolsas oferecidas pelo Fundo de Financiamento Estudantil (Fies) 2021 foi publicado na manh\u00e3 desta quarta-feira (3). Os candidatos \u00e0s 93 mil bolsas podem consultar o resultado no <strong><a href=\"http:\/\/portalfies.mec.gov.br\/\">site<\/a><\/strong> do programa ou na institui\u00e7\u00e3o para a qual se inscreveu.<\/p>\n\n\n\n<figure class=\"wp-block-image size-large\"><img decoding=\"async\" src=\"https:\/\/senoticias.com.br\/se\/wp-content\/uploads\/2021\/02\/novo_fies_03.09.2019.jpg\" alt=\"\" class=\"wp-image-126560\"\/><figcaption>Inicialmente o cronograma previa que o resultado sairia ontem &#8211; Foto: Marcello Casal jr\/Abr<\/figcaption><\/figure>\n\n\n\n<p>Segundo o Minist\u00e9rio da Educa\u00e7\u00e3o (MEC), ser\u00e3o disponibilizados R$ 500 milh\u00f5es para as bolsas de financiamento estudantil. Os candidatos pr\u00e9-selecionados dever\u00e3o complementar sua inscri\u00e7\u00e3o entre os dias 3 e 5 de fevereiro de 2021.<\/p>\n\n\n\n<p>De acordo com o MEC, os candidatos n\u00e3o selecionados integrar\u00e3o uma lista de espera, podendo ser convocados a qualquer momento, at\u00e9 o dia 18 de mar\u00e7o.<\/p>\n\n\n\n<p>A Ag\u00eancia Brasil entrou em contato com o MEC para saber o motivo do atraso na divulga\u00e7\u00e3o do resultado e aguarda resposta. Nas redes sociais, os candidatos se queixaram do atraso no cronograma.<\/p>\n\n\n\n<p><strong>Regras<\/strong><\/p>\n\n\n\n<p>A sele\u00e7\u00e3o para o Fies \u00e9 feita com base nas notas do Exame Nacional do Ensino M\u00e9dio (Enem). Na edi\u00e7\u00e3o deste ano, pode participar quem fez o Enem entre 2010 e 2019, obteve m\u00e9dia acima de 450 e n\u00e3o zerou a reda\u00e7\u00e3o. As notas de 2020 n\u00e3o poder\u00e3o ser utilizadas devido ao adiamento das provas, que foram aplicadas somente em janeiro de 2021. Outro pr\u00e9-requisito \u00e9 ter renda familiar mensal bruta, por pessoa, de at\u00e9 tr\u00eas sal\u00e1rios m\u00ednimos.<\/p>\n\n\n\n<p><strong>Financiamento<\/strong><\/p>\n\n\n\n<p>Criado em 1999, o Fies tem como meta facilitar o acesso ao cr\u00e9dito para financiamento de cursos de ensino superior oferecidos por institui\u00e7\u00f5es privadas. O programa \u00e9 ofertado em duas modalidades desde 2018, por meio do Fies e do Programa de Financiamento Estudantil (P-Fies).<\/p>\n\n\n\n<p>O primeiro \u00e9 operado pelo governo federal, com juros zero, para estudantes que t\u00eam renda familiar de at\u00e9 tr\u00eas sal\u00e1rios m\u00ednimos por pessoa. O percentual m\u00e1ximo do valor do curso financiado \u00e9 definido de acordo com a renda familiar e os encargos educacionais cobrados pelas institui\u00e7\u00f5es de ensino.<\/p>\n\n\n\n<p>J\u00e1 o P-Fies tem regras espec\u00edficas e funciona com recursos dos fundos constitucionais e dos bancos privados participantes, o que implica cobran\u00e7a de juros.<\/p>\n\n\n\n<p><em>Quer receber as principais not\u00edcias do&nbsp;<strong>SE Not\u00edcias<\/strong>&nbsp;no seu&nbsp;<strong>WhatsApp?<\/strong>&nbsp;<strong><a href=\"https:\/\/api.whatsapp.com\/send?phone=5579991715289\">Clique aqui<\/a><\/strong>.<\/em><\/p>\n\n\n\n<p><strong><em>Acompanhe tamb\u00e9m o SE Not\u00edcias no\u00a0<a rel=\"noreferrer noopener\" href=\"https:\/\/twitter.com\/Senoticias\" target=\"_blank\">Twitter<\/a>,\u00a0<a rel=\"noreferrer noopener\" href=\"https:\/\/www.facebook.com\/senoticias1\" target=\"_blank\">Facebook<\/a>\u00a0e no\u00a0<a rel=\"noreferrer noopener\" href=\"https:\/\/www.instagram.com\/senoticias\/\" target=\"_blank\">Instagram<\/a><\/em><\/strong><\/p>\n\n\n\n<p>Por Ag\u00eancia Brasil<\/p>\n","protected":false},"excerpt":{"rendered":"<p>Com um dia de atraso, o resultado da pr\u00e9-sele\u00e7\u00e3o para bolsas oferecidas pelo Fundo de Financiamento Estudantil (Fies) 2021 foi publicado na manh\u00e3 desta quarta-feira (3). Os candidatos \u00e0s 93 mil bolsas podem consultar o resultado no site do programa ou na institui\u00e7\u00e3o para a qual se inscreveu. Segundo o Minist\u00e9rio da Educa\u00e7\u00e3o (MEC), ser\u00e3o [&hellip;]<\/p>\n","protected":false},"author":6552,"featured_media":126560,"comment_status":"closed","ping_status":"closed","sticky":false,"template":"","format":"standard","meta":{"footnotes":""},"categories":[15,2961],"tags":[844,16412,2677,16410,16411],"class_list":{"0":"post-126559","1":"post","2":"type-post","3":"status-publish","4":"format-standard","5":"has-post-thumbnail","7":"category-destaques","8":"category-nacional","9":"tag-fies","10":"tag-fundo-de-financiamento-estudantil","11":"tag-ministerio-da-educacao","12":"tag-pre-selecao-do-fies","13":"tag-selecao-do-fies"},"_links":{"self":[{"href":"https:\/\/senoticias.com.br\/se\/wp-json\/wp\/v2\/posts\/126559"}],"collection":[{"href":"https:\/\/senoticias.com.br\/se\/wp-json\/wp\/v2\/posts"}],"about":[{"href":"https:\/\/senoticias.com.br\/se\/wp-json\/wp\/v2\/types\/post"}],"author":[{"embeddable":true,"href":"https:\/\/senoticias.com.br\/se\/wp-json\/wp\/v2\/users\/6552"}],"replies":[{"embeddable":true,"href":"https:\/\/senoticias.com.br\/se\/wp-json\/wp\/v2\/comments?post=126559"}],"version-history":[{"count":0,"href":"https:\/\/senoticias.com.br\/se\/wp-json\/wp\/v2\/posts\/126559\/revisions"}],"wp:featuredmedia":[{"embeddable":true,"href":"https:\/\/senoticias.com.br\/se\/wp-json\/wp\/v2\/media\/126560"}],"wp:attachment":[{"href":"https:\/\/senoticias.com.br\/se\/wp-json\/wp\/v2\/media?parent=126559"}],"wp:term":[{"taxonomy":"category","embeddable":true,"href":"https:\/\/senoticias.com.br\/se\/wp-json\/wp\/v2\/categories?post=126559"},{"taxonomy":"post_tag","embeddable":true,"href":"https:\/\/senoticias.com.br\/se\/wp-json\/wp\/v2\/tags?post=126559"}],"curies":[{"name":"wp","href":"https:\/\/api.w.org\/{rel}","templated":true}]}}